{"id":231968,"date":"2020-11-02T18:11:40","date_gmt":"2020-11-02T15:11:40","guid":{"rendered":"http:\/\/arantv.az\/?p=231968"},"modified":"2020-11-02T18:11:40","modified_gmt":"2020-11-02T15:11:40","slug":"dusm%c9%99n-f%c9%99aliyy%c9%99tinin-qarsisi-d%c9%99rhal-alinir-anar-eyvazov","status":"publish","type":"post","link":"https:\/\/arantv.az\/?p=231968","title":{"rendered":"&#8220;D\u00fc\u015fm\u0259n f\u0259aliyy\u0259tinin qar\u015f\u0131s\u0131 d\u0259rhal al\u0131n\u0131r&#8221; &#8211; Anar Eyvazov"},"content":{"rendered":"<blockquote><p><em><strong>Ordumuzun say\u0131ql\u0131\u011f\u0131 n\u0259tic\u0259sind\u0259 d\u00fc\u015fm\u0259n f\u0259aliyy\u0259tinin qar\u015f\u0131s\u0131 d\u0259rhal al\u0131n\u0131r.<\/strong><\/em><\/p><\/blockquote>\n<p>ARANTV.AZ\u00a0<a href=\"http:\/\/az.trend.az\/\" target=\"_blank\" rel=\"noopener\">Trend<\/a>-\u0259 istinad\u0259n bildirir ki, bunu Az\u0259rbaycan M\u00fcdafi\u0259 Nazirliyinin m\u0259tbuat katibi, polkovnik-leytenant Anar Eyvazov deyib.<\/p>\n<p>A.Eyvazov bildirib ki, Az\u0259rbaycan \u0259sg\u0259ri d\u00f6y\u00fc\u015f meydan\u0131nda d\u00fc\u015fm\u0259ni m\u0259hv edir:\u00a0&#8220;Az\u0259rbaycan Ordusu d\u00fc\u015fm\u0259nin yaratd\u0131\u011f\u0131 mifi da\u011f\u0131d\u0131r. Q\u0259l\u0259b\u0259 biziml\u0259dir!&#8221;<\/p>\n","protected":false},"excerpt":{"rendered":"<p>Ordumuzun say\u0131ql\u0131\u011f\u0131 n\u0259tic\u0259sind\u0259 d\u00fc\u015fm\u0259n f\u0259aliyy\u0259tinin qar\u015f\u0131s\u0131 d\u0259rhal al\u0131n\u0131r. ARANTV.AZ\u00a0Trend-\u0259 istinad\u0259n bildirir ki, bunu Az\u0259rbaycan M\u00fcdafi\u0259 Nazirliyinin m\u0259tbuat katibi, polkovnik-leytenant Anar Eyvazov deyib. A.Eyvazov bildirib ki, Az\u0259rbaycan \u0259sg\u0259ri d\u00f6y\u00fc\u015f meydan\u0131nda d\u00fc\u015fm\u0259ni m\u0259hv edir:\u00a0&#8220;Az\u0259rbaycan Ordusu d\u00fc\u015fm\u0259nin yaratd\u0131\u011f\u0131 mifi da\u011f\u0131d\u0131r. Q\u0259l\u0259b\u0259 biziml\u0259dir!&#8221;<\/p>\n","protected":false},"author":2,"featured_media":231969,"comment_status":"closed","ping_status":"closed","sticky":false,"template":"","format":"standard","meta":{"om_disable_all_campaigns":false,"_monsterinsights_skip_tracking":false,"_monsterinsights_sitenote_active":false,"_monsterinsights_sitenote_note":"","_monsterinsights_sitenote_category":0},"categories":[19],"tags":[],"aioseo_notices":[],"gutentor_comment":0,"rttpg_featured_image_url":{"full":["https:\/\/arantv.az\/wp-content\/uploads\/2020\/11\/anar_eyvazov.jpg",587,440,false],"landscape":["https:\/\/arantv.az\/wp-content\/uploads\/2020\/11\/anar_eyvazov.jpg",587,440,false],"portraits":["https:\/\/arantv.az\/wp-content\/uploads\/2020\/11\/anar_eyvazov.jpg",587,440,false],"thumbnail":["https:\/\/arantv.az\/wp-content\/uploads\/2020\/11\/anar_eyvazov-150x150.jpg",150,150,true],"medium":["https:\/\/arantv.az\/wp-content\/uploads\/2020\/11\/anar_eyvazov-300x225.jpg",300,225,true],"large":["https:\/\/arantv.az\/wp-content\/uploads\/2020\/11\/anar_eyvazov.jpg",587,440,false],"1536x1536":["https:\/\/arantv.az\/wp-content\/uploads\/2020\/11\/anar_eyvazov.jpg",587,440,false],"2048x2048":["https:\/\/arantv.az\/wp-content\/uploads\/2020\/11\/anar_eyvazov.jpg",587,440,false],"post-thumbnail":["https:\/\/arantv.az\/wp-content\/uploads\/2020\/11\/anar_eyvazov-240x172.jpg",240,172,true],"advps-thumb-one":["https:\/\/arantv.az\/wp-content\/uploads\/2020\/11\/anar_eyvazov.jpg",587,440,false]},"rttpg_author":{"display_name":"V\u00fcsal Rafiqo\u011flu","author_link":"https:\/\/arantv.az\/?author=2"},"rttpg_comment":0,"rttpg_category":"<a href=\"https:\/\/arantv.az\/?cat=19\" rel=\"category\">G\u00fcnd\u0259m<\/a>","rttpg_excerpt":"Ordumuzun say\u0131ql\u0131\u011f\u0131 n\u0259tic\u0259sind\u0259 d\u00fc\u015fm\u0259n f\u0259aliyy\u0259tinin qar\u015f\u0131s\u0131 d\u0259rhal al\u0131n\u0131r. ARANTV.AZ\u00a0Trend-\u0259 istinad\u0259n bildirir ki, bunu Az\u0259rbaycan M\u00fcdafi\u0259 Nazirliyinin m\u0259tbuat katibi, polkovnik-leytenant Anar Eyvazov deyib. A.Eyvazov bildirib ki, Az\u0259rbaycan \u0259sg\u0259ri d\u00f6y\u00fc\u015f meydan\u0131nda d\u00fc\u015fm\u0259ni m\u0259hv edir:\u00a0&#8220;Az\u0259rbaycan Ordusu d\u00fc\u015fm\u0259nin yaratd\u0131\u011f\u0131 mifi da\u011f\u0131d\u0131r. Q\u0259l\u0259b\u0259 biziml\u0259dir!&#8221;","_links":{"self":[{"href":"https:\/\/arantv.az\/index.php?rest_route=\/wp\/v2\/posts\/231968"}],"collection":[{"href":"https:\/\/arantv.az\/index.php?rest_route=\/wp\/v2\/posts"}],"about":[{"href":"https:\/\/arantv.az\/index.php?rest_route=\/wp\/v2\/types\/post"}],"author":[{"embeddable":true,"href":"https:\/\/arantv.az\/index.php?rest_route=\/wp\/v2\/users\/2"}],"replies":[{"embeddable":true,"href":"https:\/\/arantv.az\/index.php?rest_route=%2Fwp%2Fv2%2Fcomments&post=231968"}],"version-history":[{"count":0,"href":"https:\/\/arantv.az\/index.php?rest_route=\/wp\/v2\/posts\/231968\/revisions"}],"wp:featuredmedia":[{"embeddable":true,"href":"https:\/\/arantv.az\/index.php?rest_route=\/wp\/v2\/media\/231969"}],"wp:attachment":[{"href":"https:\/\/arantv.az\/index.php?rest_route=%2Fwp%2Fv2%2Fmedia&parent=231968"}],"wp:term":[{"taxonomy":"category","embeddable":true,"href":"https:\/\/arantv.az\/index.php?rest_route=%2Fwp%2Fv2%2Fcategories&post=231968"},{"taxonomy":"post_tag","embeddable":true,"href":"https:\/\/arantv.az\/index.php?rest_route=%2Fwp%2Fv2%2Ftags&post=231968"}],"curies":[{"name":"wp","href":"https:\/\/api.w.org\/{rel}","templated":true}]}}