{"id":231982,"date":"2020-11-02T18:35:57","date_gmt":"2020-11-02T15:35:57","guid":{"rendered":"http:\/\/arantv.az\/?p=231982"},"modified":"2020-11-02T18:35:57","modified_gmt":"2020-11-02T15:35:57","slug":"ekspert-erm%c9%99nistan-r%c9%99hb%c9%99rliyi-o-q%c9%99d%c9%99r-azginlasib-ki-orduya-muzdlularin-c%c9%99lb-edilm%c9%99si-ucun-h%c9%99tta-ictimai-birlikl%c9%99rd%c9%99n-d%c9%99-aciq-askar-istifad","status":"publish","type":"post","link":"https:\/\/arantv.az\/?p=231982","title":{"rendered":"Ekspert: Erm\u0259nistan r\u0259hb\u0259rliyi o q\u0259d\u0259r az\u011f\u0131nla\u015f\u0131b ki, orduya muzdlular\u0131n c\u0259lb edilm\u0259si \u00fc\u00e7\u00fcn h\u0259tta ictimai birlikl\u0259rd\u0259n d\u0259 a\u00e7\u0131q-a\u015fkar istifad\u0259 edir"},"content":{"rendered":"<p>\u0130\u015f\u011fal\u00e7\u0131 Erm\u0259nistan\u0131n ordusuna muzdlular\u0131n c\u0259lb edilm\u0259si yeni fakt deyil. Erm\u0259nistan Az\u0259rbaycan \u0259razil\u0259rinin i\u015f\u011fal\u0131na ba\u015flad\u0131\u011f\u0131 ilk g\u00fcnl\u0259rd\u0259n d\u00fcnyan\u0131n m\u00fcxt\u0259lif \u00f6lk\u0259l\u0259rind\u0259n g\u0259tirilmi\u015f terror\u00e7ular\u0131n v\u0259 muzdlu d\u00f6y\u00fc\u015f\u00e7\u00fcl\u0259rin \u201cxidm\u0259t\u201dind\u0259n istifad\u0259 edib.<\/p>\n<p><strong>ARANTV.AZ<\/strong> bildirir ki, bu fikirl\u0259ri\u00a0<a class=\"azertac-link\" href=\"https:\/\/azertag.az\/\" target=\"_blank\" rel=\"noopener\">AZ\u018fRTAC<\/a>-a siyasi ekspert El\u00e7in Mirz\u0259b\u0259yli deyib.<\/p>\n<p>Siyasi ekspert bildirib ki, birinci Qaraba\u011f m\u00fcharib\u0259sind\u0259 ASALA terror t\u0259\u015fkilat\u0131n\u0131n f\u0259al \u00fczvl\u0259rind\u0259n olan, AB\u015e-\u0131n Kaliforniya \u015ftat\u0131nda do\u011fulmu\u015f, Fransada 4 terror akt\u0131n\u0131n t\u00f6r\u0259dilm\u0259sin\u0259 g\u00f6r\u0259 h\u0259bs c\u0259zas\u0131 \u00e7\u0259k\u0259n Monte Melkomyan\u0131n 1993-c\u00fc ilin iyun ay\u0131nda Az\u0259rbaycan\u0131n i\u015f\u011fal alt\u0131ndak\u0131 \u0259razil\u0259rind\u0259 m\u0259hv edilm\u0259si kims\u0259y\u0259 sirr deyil. Az\u0259rbaycan \u0259razil\u0259rinin i\u015f\u011fal\u0131nda Melkomyanla yana\u015f\u0131, Livan, Suriya v\u0259 dig\u0259r Yax\u0131n \u015e\u0259rq \u00f6lk\u0259l\u0259rind\u0259n olan terror\u00e7ular\u0131n, Fransadan, AB\u015e-dan, Baltikyan\u0131 respublikalardan d\u00f6y\u00fc\u015f \u0259m\u0259liyyatlar\u0131na c\u0259lb edilmi\u015f muzdlular\u0131n i\u015ftirak etdiyi bar\u0259d\u0259 \u00e7oxsayl\u0131 faktlar var.<\/p>\n<p>Erm\u0259nistan d\u00f6y\u00fc\u015f \u0259m\u0259liyyatlar\u0131na muzdlular\u0131n v\u0259 terror\u00e7ular\u0131n c\u0259lb edilm\u0259si prosesini \u201cdiaspor n\u00fcmay\u0259nd\u0259l\u0259rind\u0259n ibar\u0259t k\u00f6n\u00fcll\u00fc d\u0259st\u0259l\u0259r\u201d ad\u0131 alt\u0131nda h\u0259yata ke\u00e7irib. Bu prosesd\u0259 Erm\u0259nistan\u0131n d\u00fcnyan\u0131n m\u00fcxt\u0259lif \u00f6lk\u0259l\u0259rind\u0259ki diaspor t\u0259\u015fkilatlar\u0131 muzdlular\u0131n i\u015f\u011fal alt\u0131ndak\u0131 Az\u0259rbaycan \u0259razil\u0259rin\u0259 c\u0259lb edilm\u0259si m\u0259qs\u0259dil\u0259 \u0259l\u0259 al\u0131nmas\u0131 \u00fc\u00e7\u00fcn casus \u015f\u0259b\u0259k\u0259si rolunu oynay\u0131blar. Terror d\u00f6vl\u0259ti olan Erm\u0259nistan\u0131n siyasi r\u0259hb\u0259rliyi, h\u0259m\u00e7inin neofa\u015fizm ideologiyas\u0131 il\u0259 z\u0259h\u0259rl\u0259nmi\u015f c\u0259miyy\u0259ti o q\u0259d\u0259r az\u011f\u0131nla\u015f\u0131b ki, orduya m\u00fczdlular\u0131n c\u0259lb edilm\u0259si \u00fc\u00e7\u00fcn h\u0259tta ictimai birlikl\u0259rd\u0259n v\u0259 onlar\u0131n internet resurslar\u0131ndan a\u00e7\u0131q-a\u015fkar istifad\u0259d\u0259n bel\u0259 \u00e7\u0259kinm\u0259yibl\u0259r. Bu m\u0259qs\u0259dl\u0259 yarad\u0131lan v\u0259 guya Erm\u0259nistan ordusuna diaspor n\u00fcmay\u0259nd\u0259l\u0259rinin c\u0259lb edilm\u0259sin\u0259 xidm\u0259t ed\u0259n \u201cVOMA center\u201d adl\u0131 ictimai t\u0259\u015fkilat\u0131 da n\u00fcmun\u0259 g\u0259tirm\u0259k olar. Qeyd edim ki, \u201cVOMA center\u201din Erm\u0259nistan\u0131n Az\u0259rbaycan Respublikas\u0131n\u0131n Tovuz rayonu istiqam\u0259tind\u0259ki s\u0259rh\u0259dind\u0259 ger\u00e7\u0259kl\u0259\u015fdirm\u0259y\u0259 c\u0259hd g\u00f6st\u0259rdiyi h\u0259rbi t\u0259xribatdan sonra onun t\u0259\u015fkil etdiyi v\u0259 da\u011f-at\u0131c\u0131 batalyonunun formala\u015fd\u0131r\u0131lmas\u0131na xidm\u0259t ed\u0259n 15 t\u0259limd\u0259 145 xarici \u00f6lk\u0259 v\u0259t\u0259nda\u015f\u0131 i\u015ftirak edib. Onlar\u0131n aras\u0131nda Fransa, Livan, AB\u015e, Argentina v\u0259 h\u0259tta ke\u00e7mi\u015f sovet respublikalar\u0131n\u0131n v\u0259t\u0259nda\u015flar\u0131 da var. Erm\u0259nistanda bel\u0259 \u201cictimai\u201d m\u0259rk\u0259zl\u0259rin v\u0259 onlar\u0131n t\u0259lim bazalar\u0131n\u0131n say\u0131 onlarlad\u0131r. \u201cReuters\u201d agentliyinin Erm\u0259nistana d\u00f6y\u00fc\u015f t\u0259limi ke\u00e7m\u0259k \u00fc\u00e7\u00fcn m\u00fcxt\u0259lif \u00f6lk\u0259l\u0259rd\u0259n y\u00fczl\u0259rl\u0259 \u015f\u0259xsin g\u0259ldiyi bar\u0259d\u0259 m\u0259lumat yaymas\u0131 da m\u0259hz n\u00fcmun\u0259 g\u0259tirdiyim faktlardan qaynaqlan\u0131r. \u201cReuters\u201d\u0259 Livandan g\u0259tiril\u0259n erm\u0259nil\u0259rin k\u00f6n\u00fcll\u00fc olduqlar\u0131n\u0131 v\u0259 bu i\u015fin he\u00e7 kim t\u0259r\u0259find\u0259n t\u0259\u015fkil olunmad\u0131\u011f\u0131n\u0131 bildir\u0259n m\u0259nb\u0259 is\u0259 g\u00f6z\u00fcn\u00fcn i\u00e7in\u0259 kimi yalan dan\u0131\u015f\u0131r. Livandan muzdlular\u0131n Erm\u0259nistan ordusuna c\u0259lb edilm\u0259sind\u0259 Livan erm\u0259ni Apostol Kils\u0259si apar\u0131c\u0131 yerl\u0259rd\u0259n birini tutur. Bu ilin avqust-sentyabr aylar\u0131nda Livandan muzdlular\u0131n Erm\u0259nistana g\u0259tirilm\u0259sind\u0259 i\u015f adam\u0131 Samvel Karapetyan v\u0259 \u201cTa\u015fir\u201d \u201cxeyriyy\u0259 fondu da i\u015ftirak edib. Muzdlular\u0131n Erm\u0259nistana g\u0259tirilm\u0259si \u00fc\u00e7\u00fcn \u00e7arter reysl\u0259ri d\u0259 onlar v\u0259 Erm\u0259nistan h\u00f6kum\u0259ti t\u0259r\u0259find\u0259n t\u0259\u015fkil edilib.<\/p>\n","protected":false},"excerpt":{"rendered":"<p>\u0130\u015f\u011fal\u00e7\u0131 Erm\u0259nistan\u0131n ordusuna muzdlular\u0131n c\u0259lb edilm\u0259si yeni fakt deyil. Erm\u0259nistan Az\u0259rbaycan \u0259razil\u0259rinin i\u015f\u011fal\u0131na ba\u015flad\u0131\u011f\u0131 ilk g\u00fcnl\u0259rd\u0259n d\u00fcnyan\u0131n m\u00fcxt\u0259lif \u00f6lk\u0259l\u0259rind\u0259n g\u0259tirilmi\u015f terror\u00e7ular\u0131n v\u0259 muzdlu d\u00f6y\u00fc\u015f\u00e7\u00fcl\u0259rin \u201cxidm\u0259t\u201dind\u0259n istifad\u0259 edib. ARANTV.AZ bildirir ki, bu fikirl\u0259ri\u00a0AZ\u018fRTAC-a siyasi ekspert El\u00e7in Mirz\u0259b\u0259yli deyib. Siyasi ekspert bildirib ki, birinci Qaraba\u011f m\u00fcharib\u0259sind\u0259 ASALA terror t\u0259\u015fkilat\u0131n\u0131n f\u0259al \u00fczvl\u0259rind\u0259n olan, AB\u015e-\u0131n Kaliforniya \u015ftat\u0131nda do\u011fulmu\u015f, Fransada 4 terror akt\u0131n\u0131n t\u00f6r\u0259dilm\u0259sin\u0259 g\u00f6r\u0259 h\u0259bs c\u0259zas\u0131 \u00e7\u0259k\u0259n Monte Melkomyan\u0131n 1993-c\u00fc ilin iyun ay\u0131nda Az\u0259rbaycan\u0131n i\u015f\u011fal alt\u0131ndak\u0131 \u0259razil\u0259rind\u0259 m\u0259hv edilm\u0259si kims\u0259y\u0259 sirr deyil. Az\u0259rbaycan \u0259razil\u0259rinin i\u015f\u011fal\u0131nda Melkomyanla yana\u015f\u0131, Livan, Suriya v\u0259 dig\u0259r Yax\u0131n \u015e\u0259rq \u00f6lk\u0259l\u0259rind\u0259n&hellip;<\/p>\n","protected":false},"author":2,"featured_media":231983,"comment_status":"closed","ping_status":"closed","sticky":false,"template":"","format":"standard","meta":{"om_disable_all_campaigns":false,"_monsterinsights_skip_tracking":false,"_monsterinsights_sitenote_active":false,"_monsterinsights_sitenote_note":"","_monsterinsights_sitenote_category":0},"categories":[4],"tags":[],"aioseo_notices":[],"gutentor_comment":0,"rttpg_featured_image_url":{"full":["https:\/\/arantv.az\/wp-content\/uploads\/2020\/11\/16043310781901021036_1000x669.jpg",995,669,false],"landscape":["https:\/\/arantv.az\/wp-content\/uploads\/2020\/11\/16043310781901021036_1000x669.jpg",995,669,false],"portraits":["https:\/\/arantv.az\/wp-content\/uploads\/2020\/11\/16043310781901021036_1000x669.jpg",995,669,false],"thumbnail":["https:\/\/arantv.az\/wp-content\/uploads\/2020\/11\/16043310781901021036_1000x669-150x150.jpg",150,150,true],"medium":["https:\/\/arantv.az\/wp-content\/uploads\/2020\/11\/16043310781901021036_1000x669-300x202.jpg",300,202,true],"large":["https:\/\/arantv.az\/wp-content\/uploads\/2020\/11\/16043310781901021036_1000x669.jpg",640,430,false],"1536x1536":["https:\/\/arantv.az\/wp-content\/uploads\/2020\/11\/16043310781901021036_1000x669.jpg",995,669,false],"2048x2048":["https:\/\/arantv.az\/wp-content\/uploads\/2020\/11\/16043310781901021036_1000x669.jpg",995,669,false],"post-thumbnail":["https:\/\/arantv.az\/wp-content\/uploads\/2020\/11\/16043310781901021036_1000x669-240x172.jpg",240,172,true],"advps-thumb-one":["https:\/\/arantv.az\/wp-content\/uploads\/2020\/11\/16043310781901021036_1000x669-995x620.jpg",995,620,true]},"rttpg_author":{"display_name":"V\u00fcsal Rafiqo\u011flu","author_link":"https:\/\/arantv.az\/?author=2"},"rttpg_comment":0,"rttpg_category":"<a href=\"https:\/\/arantv.az\/?cat=4\" rel=\"category\">Siyas\u0259t<\/a>","rttpg_excerpt":"\u0130\u015f\u011fal\u00e7\u0131 Erm\u0259nistan\u0131n ordusuna muzdlular\u0131n c\u0259lb edilm\u0259si yeni fakt deyil. Erm\u0259nistan Az\u0259rbaycan \u0259razil\u0259rinin i\u015f\u011fal\u0131na ba\u015flad\u0131\u011f\u0131 ilk g\u00fcnl\u0259rd\u0259n d\u00fcnyan\u0131n m\u00fcxt\u0259lif \u00f6lk\u0259l\u0259rind\u0259n g\u0259tirilmi\u015f terror\u00e7ular\u0131n v\u0259 muzdlu d\u00f6y\u00fc\u015f\u00e7\u00fcl\u0259rin \u201cxidm\u0259t\u201dind\u0259n istifad\u0259 edib. ARANTV.AZ bildirir ki, bu fikirl\u0259ri\u00a0AZ\u018fRTAC-a siyasi ekspert El\u00e7in Mirz\u0259b\u0259yli deyib. Siyasi ekspert bildirib ki, birinci Qaraba\u011f m\u00fcharib\u0259sind\u0259 ASALA terror t\u0259\u015fkilat\u0131n\u0131n f\u0259al \u00fczvl\u0259rind\u0259n olan, AB\u015e-\u0131n Kaliforniya \u015ftat\u0131nda do\u011fulmu\u015f, Fransada&hellip;","_links":{"self":[{"href":"https:\/\/arantv.az\/index.php?rest_route=\/wp\/v2\/posts\/231982"}],"collection":[{"href":"https:\/\/arantv.az\/index.php?rest_route=\/wp\/v2\/posts"}],"about":[{"href":"https:\/\/arantv.az\/index.php?rest_route=\/wp\/v2\/types\/post"}],"author":[{"embeddable":true,"href":"https:\/\/arantv.az\/index.php?rest_route=\/wp\/v2\/users\/2"}],"replies":[{"embeddable":true,"href":"https:\/\/arantv.az\/index.php?rest_route=%2Fwp%2Fv2%2Fcomments&post=231982"}],"version-history":[{"count":0,"href":"https:\/\/arantv.az\/index.php?rest_route=\/wp\/v2\/posts\/231982\/revisions"}],"wp:featuredmedia":[{"embeddable":true,"href":"https:\/\/arantv.az\/index.php?rest_route=\/wp\/v2\/media\/231983"}],"wp:attachment":[{"href":"https:\/\/arantv.az\/index.php?rest_route=%2Fwp%2Fv2%2Fmedia&parent=231982"}],"wp:term":[{"taxonomy":"category","embeddable":true,"href":"https:\/\/arantv.az\/index.php?rest_route=%2Fwp%2Fv2%2Fcategories&post=231982"},{"taxonomy":"post_tag","embeddable":true,"href":"https:\/\/arantv.az\/index.php?rest_route=%2Fwp%2Fv2%2Ftags&post=231982"}],"curies":[{"name":"wp","href":"https:\/\/api.w.org\/{rel}","templated":true}]}}