{"id":232046,"date":"2020-11-03T09:25:44","date_gmt":"2020-11-03T06:25:44","guid":{"rendered":"http:\/\/arantv.az\/?p=232046"},"modified":"2020-11-03T09:25:44","modified_gmt":"2020-11-03T06:25:44","slug":"lukasenko-makronun-anti-islam-fikirl%c9%99rini-t%c9%99nqid-etdi","status":"publish","type":"post","link":"https:\/\/arantv.az\/?p=232046","title":{"rendered":"Luka\u015fenko Makronun anti-\u0130slam fikirl\u0259rini t\u0259nqid etdi"},"content":{"rendered":"<p><strong>Belarus Prezidenti Aleksandr Luka\u015fenko Fransa Prezidenti Emmanuel Makronun anti-\u0130slam fikirl\u0259rini t\u0259nqid edib.<\/strong><\/p>\n<p>ARANTV.AZ qafqazinfo-ya istinad\u0259n x\u0259b\u0259r verir ki,\u00a0bu bar\u0259d\u0259 &#8220;Anadolu&#8221; agentliyi x\u0259b\u0259r verib.<\/p>\n<p>&#8220;Pey\u011f\u0259mb\u0259r\u0259 toxunma. S\u0259n \u00f6lk\u0259d\u0259 m\u00fcs\u0259lmanlar\u0131 t\u0259nqid etm\u0259y\u0259 ba\u015flayanda bu s\u0259n\u0259 n\u0259 ver\u0259c\u0259k?&#8221;\u00a0&#8211; Luka\u015fenko Makronun M\u0259h\u0259mm\u0259d pey\u011f\u0259mb\u0259rin karikaturalar\u0131n\u0131 d\u0259rc ed\u0259n &#8220;Charlie Hebdo&#8221; jurnal\u0131n\u0131 m\u00fcdafi\u0259 etm\u0259sin\u0259 m\u00fcnasib\u0259t bildir\u0259rk\u0259n deyib.<\/p>\n<p>D\u00f6vl\u0259t ba\u015f\u00e7\u0131s\u0131 bildirib ki, Belarusda dig\u0259r dinl\u0259rin n\u00fcmay\u0259nd\u0259l\u0259ri il\u0259 f\u0259al \u0259m\u0259kda\u015fl\u0131q edirl\u0259r v\u0259 Minskd\u0259 m\u0259scidin a\u00e7\u0131lmas\u0131n\u0131 misal g\u0259tirib.<\/p>\n<p>Luka\u015fenkonun s\u00f6zl\u0259rin\u0259 g\u00f6r\u0259, Belarusda m\u00fcs\u0259lmanlar &#8220;he\u00e7 vaxt problem yaratmay\u0131blar&#8221; v\u0259 se\u00e7kil\u0259rd\u0259, dem\u0259k olar ki, h\u0259mi\u015f\u0259 ona v\u0259 hakimiyy\u0259t\u0259 d\u0259st\u0259k veribl\u0259r.<\/p>\n<div>\n<div id=\"AdviadNativeVideo0\" class=\"AdviadNativeVideo\"><\/div>\n<\/div>\n<p>Belarus prezidentinin s\u00f6zl\u0259rin\u0259 g\u00f6r\u0259, &#8220;m\u00f6minl\u0259rin duy\u011fular\u0131na m\u00fcdaxil\u0259&#8221; q\u0259buledilm\u0259zdir. &#8220;B\u0259lk\u0259, onunla (Makronla -red.) m\u00fcs\u0259lmanlar aras\u0131nda vasit\u0259\u00e7iliy\u0259 ehtiyac var? M\u0259n ona k\u00f6m\u0259k ed\u0259 bil\u0259r\u0259m&#8221;, &#8211; Luka\u015fenko deyib.<\/p>\n","protected":false},"excerpt":{"rendered":"<p>Belarus Prezidenti Aleksandr Luka\u015fenko Fransa Prezidenti Emmanuel Makronun anti-\u0130slam fikirl\u0259rini t\u0259nqid edib. ARANTV.AZ qafqazinfo-ya istinad\u0259n x\u0259b\u0259r verir ki,\u00a0bu bar\u0259d\u0259 &#8220;Anadolu&#8221; agentliyi x\u0259b\u0259r verib. &#8220;Pey\u011f\u0259mb\u0259r\u0259 toxunma. S\u0259n \u00f6lk\u0259d\u0259 m\u00fcs\u0259lmanlar\u0131 t\u0259nqid etm\u0259y\u0259 ba\u015flayanda bu s\u0259n\u0259 n\u0259 ver\u0259c\u0259k?&#8221;\u00a0&#8211; Luka\u015fenko Makronun M\u0259h\u0259mm\u0259d pey\u011f\u0259mb\u0259rin karikaturalar\u0131n\u0131 d\u0259rc ed\u0259n &#8220;Charlie Hebdo&#8221; jurnal\u0131n\u0131 m\u00fcdafi\u0259 etm\u0259sin\u0259 m\u00fcnasib\u0259t bildir\u0259rk\u0259n deyib. D\u00f6vl\u0259t ba\u015f\u00e7\u0131s\u0131 bildirib ki, Belarusda dig\u0259r dinl\u0259rin n\u00fcmay\u0259nd\u0259l\u0259ri il\u0259 f\u0259al \u0259m\u0259kda\u015fl\u0131q edirl\u0259r v\u0259 Minskd\u0259 m\u0259scidin a\u00e7\u0131lmas\u0131n\u0131 misal g\u0259tirib. Luka\u015fenkonun s\u00f6zl\u0259rin\u0259 g\u00f6r\u0259, Belarusda m\u00fcs\u0259lmanlar &#8220;he\u00e7 vaxt problem yaratmay\u0131blar&#8221; v\u0259 se\u00e7kil\u0259rd\u0259, dem\u0259k olar ki, h\u0259mi\u015f\u0259 ona v\u0259 hakimiyy\u0259t\u0259 d\u0259st\u0259k veribl\u0259r. Belarus prezidentinin&hellip;<\/p>\n","protected":false},"author":2,"featured_media":232047,"comment_status":"closed","ping_status":"closed","sticky":false,"template":"","format":"standard","meta":{"om_disable_all_campaigns":false,"_monsterinsights_skip_tracking":false,"_monsterinsights_sitenote_active":false,"_monsterinsights_sitenote_note":"","_monsterinsights_sitenote_category":0},"categories":[7],"tags":[],"aioseo_notices":[],"gutentor_comment":0,"rttpg_featured_image_url":{"full":["https:\/\/arantv.az\/wp-content\/uploads\/2020\/11\/894330.jpg",800,600,false],"landscape":["https:\/\/arantv.az\/wp-content\/uploads\/2020\/11\/894330.jpg",800,600,false],"portraits":["https:\/\/arantv.az\/wp-content\/uploads\/2020\/11\/894330.jpg",800,600,false],"thumbnail":["https:\/\/arantv.az\/wp-content\/uploads\/2020\/11\/894330-150x150.jpg",150,150,true],"medium":["https:\/\/arantv.az\/wp-content\/uploads\/2020\/11\/894330-300x225.jpg",300,225,true],"large":["https:\/\/arantv.az\/wp-content\/uploads\/2020\/11\/894330.jpg",640,480,false],"1536x1536":["https:\/\/arantv.az\/wp-content\/uploads\/2020\/11\/894330.jpg",800,600,false],"2048x2048":["https:\/\/arantv.az\/wp-content\/uploads\/2020\/11\/894330.jpg",800,600,false],"post-thumbnail":["https:\/\/arantv.az\/wp-content\/uploads\/2020\/11\/894330-240x172.jpg",240,172,true],"advps-thumb-one":["https:\/\/arantv.az\/wp-content\/uploads\/2020\/11\/894330.jpg",800,600,false]},"rttpg_author":{"display_name":"V\u00fcsal Rafiqo\u011flu","author_link":"https:\/\/arantv.az\/?author=2"},"rttpg_comment":0,"rttpg_category":"<a href=\"https:\/\/arantv.az\/?cat=7\" rel=\"category\">D\u00fcnya<\/a>","rttpg_excerpt":"Belarus Prezidenti Aleksandr Luka\u015fenko Fransa Prezidenti Emmanuel Makronun anti-\u0130slam fikirl\u0259rini t\u0259nqid edib. ARANTV.AZ qafqazinfo-ya istinad\u0259n x\u0259b\u0259r verir ki,\u00a0bu bar\u0259d\u0259 &#8220;Anadolu&#8221; agentliyi x\u0259b\u0259r verib. &#8220;Pey\u011f\u0259mb\u0259r\u0259 toxunma. S\u0259n \u00f6lk\u0259d\u0259 m\u00fcs\u0259lmanlar\u0131 t\u0259nqid etm\u0259y\u0259 ba\u015flayanda bu s\u0259n\u0259 n\u0259 ver\u0259c\u0259k?&#8221;\u00a0&#8211; Luka\u015fenko Makronun M\u0259h\u0259mm\u0259d pey\u011f\u0259mb\u0259rin karikaturalar\u0131n\u0131 d\u0259rc ed\u0259n &#8220;Charlie Hebdo&#8221; jurnal\u0131n\u0131 m\u00fcdafi\u0259 etm\u0259sin\u0259 m\u00fcnasib\u0259t bildir\u0259rk\u0259n deyib. D\u00f6vl\u0259t ba\u015f\u00e7\u0131s\u0131 bildirib ki, Belarusda&hellip;","_links":{"self":[{"href":"https:\/\/arantv.az\/index.php?rest_route=\/wp\/v2\/posts\/232046"}],"collection":[{"href":"https:\/\/arantv.az\/index.php?rest_route=\/wp\/v2\/posts"}],"about":[{"href":"https:\/\/arantv.az\/index.php?rest_route=\/wp\/v2\/types\/post"}],"author":[{"embeddable":true,"href":"https:\/\/arantv.az\/index.php?rest_route=\/wp\/v2\/users\/2"}],"replies":[{"embeddable":true,"href":"https:\/\/arantv.az\/index.php?rest_route=%2Fwp%2Fv2%2Fcomments&post=232046"}],"version-history":[{"count":0,"href":"https:\/\/arantv.az\/index.php?rest_route=\/wp\/v2\/posts\/232046\/revisions"}],"wp:featuredmedia":[{"embeddable":true,"href":"https:\/\/arantv.az\/index.php?rest_route=\/wp\/v2\/media\/232047"}],"wp:attachment":[{"href":"https:\/\/arantv.az\/index.php?rest_route=%2Fwp%2Fv2%2Fmedia&parent=232046"}],"wp:term":[{"taxonomy":"category","embeddable":true,"href":"https:\/\/arantv.az\/index.php?rest_route=%2Fwp%2Fv2%2Fcategories&post=232046"},{"taxonomy":"post_tag","embeddable":true,"href":"https:\/\/arantv.az\/index.php?rest_route=%2Fwp%2Fv2%2Ftags&post=232046"}],"curies":[{"name":"wp","href":"https:\/\/api.w.org\/{rel}","templated":true}]}}