{"id":232137,"date":"2020-11-03T13:22:23","date_gmt":"2020-11-03T10:22:23","guid":{"rendered":"http:\/\/arantv.az\/?p=232137"},"modified":"2020-11-03T13:22:23","modified_gmt":"2020-11-03T10:22:23","slug":"belcikanin-ham-s%c9%99h%c9%99rind%c9%99-terror-qurbanlarinin-xatir%c9%99si-yad-edilib","status":"publish","type":"post","link":"https:\/\/arantv.az\/?p=232137","title":{"rendered":"Bel\u00e7ikan\u0131n Ham \u015f\u0259h\u0259rind\u0259 terror qurbanlar\u0131n\u0131n xatir\u0259si yad edilib"},"content":{"rendered":"<p>Bel\u00e7ikan\u0131n Ham \u015f\u0259h\u0259rind\u0259 i\u015f\u011fal\u00e7\u0131 Erm\u0259nistan ordusunun B\u0259rd\u0259 v\u0259 G\u0259nc\u0259 \u015f\u0259h\u0259rl\u0259rin\u0259, el\u0259c\u0259 d\u0259 dig\u0259r ya\u015fay\u0131\u015f m\u0259nt\u0259q\u0259l\u0259rin\u0259 a\u011f\u0131r artilleriya silahlar\u0131 il\u0259 h\u00fccumu n\u0259tic\u0259sind\u0259 h\u0259yatlar\u0131n\u0131 itir\u0259n m\u00fclki \u015f\u0259xsl\u0259rin, el\u0259c\u0259 d\u0259 Az\u0259rbaycan\u0131n \u0259razi b\u00fct\u00f6vl\u00fcy\u00fc u\u011frunda can\u0131ndan ke\u00e7\u0259n \u015f\u0259hidl\u0259rin xatir\u0259si yad edilib.<\/p>\n<div id=\"AdviadNativeVideo0\" class=\"AdviadNativeVideo\"><\/div>\n<p>Bu bar\u0259d\u0259\u00a0Diasporla \u0130\u015f \u00fczr\u0259 D\u00f6vl\u0259t Komit\u0259si m\u0259lumat yay\u0131b.<\/p>\n<p>Az\u0259rbaycanl\u0131 v\u0259 t\u00fcrkiy\u0259li icma n\u00fcmay\u0259nd\u0259l\u0259rinin i\u015ftirak etdiyi an\u0131m m\u0259rasimind\u0259 \u00e7\u0131x\u0131\u015f ed\u0259n Bel\u00e7ika &#8211; Az\u0259rbaycan Dostluq C\u0259miyy\u0259tinin s\u0259dri Ayxan D\u0259mir\u00e7i Erm\u0259nistan\u0131n Az\u0259rbaycanda t\u00f6r\u0259tdiyi terror aktlar\u0131 bar\u0259d\u0259 m\u0259lumat verib, dinc \u0259halinin v\u0259 g\u00fcnahs\u0131z k\u00f6rp\u0259l\u0259rin i\u015f\u011fal\u00e7\u0131 Erm\u0259nistan ordusu t\u0259r\u0259find\u0259n q\u0259sd\u0259n h\u0259d\u0259f\u0259 al\u0131nmas\u0131n\u0131n yolverilm\u0259z oldu\u011funu bildirib.<\/p>\n","protected":false},"excerpt":{"rendered":"<p>Bel\u00e7ikan\u0131n Ham \u015f\u0259h\u0259rind\u0259 i\u015f\u011fal\u00e7\u0131 Erm\u0259nistan ordusunun B\u0259rd\u0259 v\u0259 G\u0259nc\u0259 \u015f\u0259h\u0259rl\u0259rin\u0259, el\u0259c\u0259 d\u0259 dig\u0259r ya\u015fay\u0131\u015f m\u0259nt\u0259q\u0259l\u0259rin\u0259 a\u011f\u0131r artilleriya silahlar\u0131 il\u0259 h\u00fccumu n\u0259tic\u0259sind\u0259 h\u0259yatlar\u0131n\u0131 itir\u0259n m\u00fclki \u015f\u0259xsl\u0259rin, el\u0259c\u0259 d\u0259 Az\u0259rbaycan\u0131n \u0259razi b\u00fct\u00f6vl\u00fcy\u00fc u\u011frunda can\u0131ndan ke\u00e7\u0259n \u015f\u0259hidl\u0259rin xatir\u0259si yad edilib. Bu bar\u0259d\u0259\u00a0Diasporla \u0130\u015f \u00fczr\u0259 D\u00f6vl\u0259t Komit\u0259si m\u0259lumat yay\u0131b. Az\u0259rbaycanl\u0131 v\u0259 t\u00fcrkiy\u0259li icma n\u00fcmay\u0259nd\u0259l\u0259rinin i\u015ftirak etdiyi an\u0131m m\u0259rasimind\u0259 \u00e7\u0131x\u0131\u015f ed\u0259n Bel\u00e7ika &#8211; Az\u0259rbaycan Dostluq C\u0259miyy\u0259tinin s\u0259dri Ayxan D\u0259mir\u00e7i Erm\u0259nistan\u0131n Az\u0259rbaycanda t\u00f6r\u0259tdiyi terror aktlar\u0131 bar\u0259d\u0259 m\u0259lumat verib, dinc \u0259halinin v\u0259 g\u00fcnahs\u0131z k\u00f6rp\u0259l\u0259rin i\u015f\u011fal\u00e7\u0131 Erm\u0259nistan ordusu t\u0259r\u0259find\u0259n q\u0259sd\u0259n h\u0259d\u0259f\u0259 al\u0131nmas\u0131n\u0131n yolverilm\u0259z oldu\u011funu bildirib.<\/p>\n","protected":false},"author":2,"featured_media":232138,"comment_status":"closed","ping_status":"closed","sticky":false,"template":"","format":"standard","meta":{"om_disable_all_campaigns":false,"_monsterinsights_skip_tracking":false,"_monsterinsights_sitenote_active":false,"_monsterinsights_sitenote_note":"","_monsterinsights_sitenote_category":0},"categories":[7],"tags":[],"aioseo_notices":[],"gutentor_comment":0,"rttpg_featured_image_url":{"full":["https:\/\/arantv.az\/wp-content\/uploads\/2020\/11\/kutu.jpg",620,295,false],"landscape":["https:\/\/arantv.az\/wp-content\/uploads\/2020\/11\/kutu.jpg",620,295,false],"portraits":["https:\/\/arantv.az\/wp-content\/uploads\/2020\/11\/kutu.jpg",620,295,false],"thumbnail":["https:\/\/arantv.az\/wp-content\/uploads\/2020\/11\/kutu-150x150.jpg",150,150,true],"medium":["https:\/\/arantv.az\/wp-content\/uploads\/2020\/11\/kutu-300x143.jpg",300,143,true],"large":["https:\/\/arantv.az\/wp-content\/uploads\/2020\/11\/kutu.jpg",620,295,false],"1536x1536":["https:\/\/arantv.az\/wp-content\/uploads\/2020\/11\/kutu.jpg",620,295,false],"2048x2048":["https:\/\/arantv.az\/wp-content\/uploads\/2020\/11\/kutu.jpg",620,295,false],"post-thumbnail":["https:\/\/arantv.az\/wp-content\/uploads\/2020\/11\/kutu-240x172.jpg",240,172,true],"advps-thumb-one":["https:\/\/arantv.az\/wp-content\/uploads\/2020\/11\/kutu.jpg",620,295,false]},"rttpg_author":{"display_name":"V\u00fcsal Rafiqo\u011flu","author_link":"https:\/\/arantv.az\/?author=2"},"rttpg_comment":0,"rttpg_category":"<a href=\"https:\/\/arantv.az\/?cat=7\" rel=\"category\">D\u00fcnya<\/a>","rttpg_excerpt":"Bel\u00e7ikan\u0131n Ham \u015f\u0259h\u0259rind\u0259 i\u015f\u011fal\u00e7\u0131 Erm\u0259nistan ordusunun B\u0259rd\u0259 v\u0259 G\u0259nc\u0259 \u015f\u0259h\u0259rl\u0259rin\u0259, el\u0259c\u0259 d\u0259 dig\u0259r ya\u015fay\u0131\u015f m\u0259nt\u0259q\u0259l\u0259rin\u0259 a\u011f\u0131r artilleriya silahlar\u0131 il\u0259 h\u00fccumu n\u0259tic\u0259sind\u0259 h\u0259yatlar\u0131n\u0131 itir\u0259n m\u00fclki \u015f\u0259xsl\u0259rin, el\u0259c\u0259 d\u0259 Az\u0259rbaycan\u0131n \u0259razi b\u00fct\u00f6vl\u00fcy\u00fc u\u011frunda can\u0131ndan ke\u00e7\u0259n \u015f\u0259hidl\u0259rin xatir\u0259si yad edilib. Bu bar\u0259d\u0259\u00a0Diasporla \u0130\u015f \u00fczr\u0259 D\u00f6vl\u0259t Komit\u0259si m\u0259lumat yay\u0131b. Az\u0259rbaycanl\u0131 v\u0259 t\u00fcrkiy\u0259li icma n\u00fcmay\u0259nd\u0259l\u0259rinin i\u015ftirak etdiyi an\u0131m m\u0259rasimind\u0259 \u00e7\u0131x\u0131\u015f&hellip;","_links":{"self":[{"href":"https:\/\/arantv.az\/index.php?rest_route=\/wp\/v2\/posts\/232137"}],"collection":[{"href":"https:\/\/arantv.az\/index.php?rest_route=\/wp\/v2\/posts"}],"about":[{"href":"https:\/\/arantv.az\/index.php?rest_route=\/wp\/v2\/types\/post"}],"author":[{"embeddable":true,"href":"https:\/\/arantv.az\/index.php?rest_route=\/wp\/v2\/users\/2"}],"replies":[{"embeddable":true,"href":"https:\/\/arantv.az\/index.php?rest_route=%2Fwp%2Fv2%2Fcomments&post=232137"}],"version-history":[{"count":0,"href":"https:\/\/arantv.az\/index.php?rest_route=\/wp\/v2\/posts\/232137\/revisions"}],"wp:featuredmedia":[{"embeddable":true,"href":"https:\/\/arantv.az\/index.php?rest_route=\/wp\/v2\/media\/232138"}],"wp:attachment":[{"href":"https:\/\/arantv.az\/index.php?rest_route=%2Fwp%2Fv2%2Fmedia&parent=232137"}],"wp:term":[{"taxonomy":"category","embeddable":true,"href":"https:\/\/arantv.az\/index.php?rest_route=%2Fwp%2Fv2%2Fcategories&post=232137"},{"taxonomy":"post_tag","embeddable":true,"href":"https:\/\/arantv.az\/index.php?rest_route=%2Fwp%2Fv2%2Ftags&post=232137"}],"curies":[{"name":"wp","href":"https:\/\/api.w.org\/{rel}","templated":true}]}}