{"id":232145,"date":"2020-11-03T13:26:32","date_gmt":"2020-11-03T10:26:32","guid":{"rendered":"http:\/\/arantv.az\/?p=232145"},"modified":"2020-11-03T13:26:32","modified_gmt":"2020-11-03T10:26:32","slug":"k%c9%99lb%c9%99c%c9%99rd%c9%99-yerl%c9%99s%c9%99n-qirmizi-monastir-m%c9%99hv-olmaq-uzr%c9%99dir-r%c9%99smi","status":"publish","type":"post","link":"https:\/\/arantv.az\/?p=232145","title":{"rendered":"K\u0259lb\u0259c\u0259rd\u0259 yerl\u0259\u015f\u0259n Q\u0131rm\u0131z\u0131 monast\u0131r m\u0259hv olmaq \u00fczr\u0259dir &#8211; R\u018fSM\u0130"},"content":{"rendered":"<p>K\u0259lb\u0259c\u0259r rayonunun Qozlu k\u0259ndind\u0259 yerl\u0259\u015f\u0259n Q\u0131rm\u0131z\u0131 monast\u0131r m\u0259hv olmaq \u00fczr\u0259dir.<\/p>\n<p>Bu bar\u0259d\u0259 M\u0259d\u0259niyy\u0259t Nazirliyi m\u0259lumat yay\u0131b.<\/p>\n<div id=\"AdviadNativeVideo0\" class=\"AdviadNativeVideo\"><\/div>\n<p>Bildirilib ki, tarixi abid\u0259 1224-c\u00fc ild\u0259 in\u015fa edilib. Alban xristiyanl\u0131q memarl\u0131\u011f\u0131na aid olan abid\u0259 kompleks kils\u0259d\u0259n, narteksd\u0259n, sovm\u0259d\u0259n v\u0259 dig\u0259r tikilil\u0259rd\u0259n ibar\u0259tdir.<\/p>\n<p>Bu abid\u0259 1993-c\u00fc ild\u0259n Erm\u0259nistan i\u015f\u011fal\u0131 alt\u0131ndad\u0131r v\u0259 m\u0259hv olmaq \u00fczr\u0259dir.<\/p>\n","protected":false},"excerpt":{"rendered":"<p>K\u0259lb\u0259c\u0259r rayonunun Qozlu k\u0259ndind\u0259 yerl\u0259\u015f\u0259n Q\u0131rm\u0131z\u0131 monast\u0131r m\u0259hv olmaq \u00fczr\u0259dir. Bu bar\u0259d\u0259 M\u0259d\u0259niyy\u0259t Nazirliyi m\u0259lumat yay\u0131b. Bildirilib ki, tarixi abid\u0259 1224-c\u00fc ild\u0259 in\u015fa edilib. Alban xristiyanl\u0131q memarl\u0131\u011f\u0131na aid olan abid\u0259 kompleks kils\u0259d\u0259n, narteksd\u0259n, sovm\u0259d\u0259n v\u0259 dig\u0259r tikilil\u0259rd\u0259n ibar\u0259tdir. Bu abid\u0259 1993-c\u00fc ild\u0259n Erm\u0259nistan i\u015f\u011fal\u0131 alt\u0131ndad\u0131r v\u0259 m\u0259hv olmaq \u00fczr\u0259dir.<\/p>\n","protected":false},"author":2,"featured_media":232146,"comment_status":"closed","ping_status":"closed","sticky":false,"template":"","format":"standard","meta":{"om_disable_all_campaigns":false,"_monsterinsights_skip_tracking":false,"_monsterinsights_sitenote_active":false,"_monsterinsights_sitenote_note":"","_monsterinsights_sitenote_category":0},"categories":[2],"tags":[],"aioseo_notices":[],"gutentor_comment":0,"rttpg_featured_image_url":{"full":["https:\/\/arantv.az\/wp-content\/uploads\/2020\/11\/Khatyrvank_temple_in_Qozlu.jpg",620,321,false],"landscape":["https:\/\/arantv.az\/wp-content\/uploads\/2020\/11\/Khatyrvank_temple_in_Qozlu.jpg",620,321,false],"portraits":["https:\/\/arantv.az\/wp-content\/uploads\/2020\/11\/Khatyrvank_temple_in_Qozlu.jpg",620,321,false],"thumbnail":["https:\/\/arantv.az\/wp-content\/uploads\/2020\/11\/Khatyrvank_temple_in_Qozlu-150x150.jpg",150,150,true],"medium":["https:\/\/arantv.az\/wp-content\/uploads\/2020\/11\/Khatyrvank_temple_in_Qozlu-300x155.jpg",300,155,true],"large":["https:\/\/arantv.az\/wp-content\/uploads\/2020\/11\/Khatyrvank_temple_in_Qozlu.jpg",620,321,false],"1536x1536":["https:\/\/arantv.az\/wp-content\/uploads\/2020\/11\/Khatyrvank_temple_in_Qozlu.jpg",620,321,false],"2048x2048":["https:\/\/arantv.az\/wp-content\/uploads\/2020\/11\/Khatyrvank_temple_in_Qozlu.jpg",620,321,false],"post-thumbnail":["https:\/\/arantv.az\/wp-content\/uploads\/2020\/11\/Khatyrvank_temple_in_Qozlu-240x172.jpg",240,172,true],"advps-thumb-one":["https:\/\/arantv.az\/wp-content\/uploads\/2020\/11\/Khatyrvank_temple_in_Qozlu.jpg",620,321,false]},"rttpg_author":{"display_name":"V\u00fcsal Rafiqo\u011flu","author_link":"https:\/\/arantv.az\/?author=2"},"rttpg_comment":0,"rttpg_category":"<a href=\"https:\/\/arantv.az\/?cat=2\" rel=\"category\">Region X\u0259b\u0259rl\u0259ri<\/a>","rttpg_excerpt":"K\u0259lb\u0259c\u0259r rayonunun Qozlu k\u0259ndind\u0259 yerl\u0259\u015f\u0259n Q\u0131rm\u0131z\u0131 monast\u0131r m\u0259hv olmaq \u00fczr\u0259dir. Bu bar\u0259d\u0259 M\u0259d\u0259niyy\u0259t Nazirliyi m\u0259lumat yay\u0131b. Bildirilib ki, tarixi abid\u0259 1224-c\u00fc ild\u0259 in\u015fa edilib. Alban xristiyanl\u0131q memarl\u0131\u011f\u0131na aid olan abid\u0259 kompleks kils\u0259d\u0259n, narteksd\u0259n, sovm\u0259d\u0259n v\u0259 dig\u0259r tikilil\u0259rd\u0259n ibar\u0259tdir. Bu abid\u0259 1993-c\u00fc ild\u0259n Erm\u0259nistan i\u015f\u011fal\u0131 alt\u0131ndad\u0131r v\u0259 m\u0259hv olmaq \u00fczr\u0259dir.","_links":{"self":[{"href":"https:\/\/arantv.az\/index.php?rest_route=\/wp\/v2\/posts\/232145"}],"collection":[{"href":"https:\/\/arantv.az\/index.php?rest_route=\/wp\/v2\/posts"}],"about":[{"href":"https:\/\/arantv.az\/index.php?rest_route=\/wp\/v2\/types\/post"}],"author":[{"embeddable":true,"href":"https:\/\/arantv.az\/index.php?rest_route=\/wp\/v2\/users\/2"}],"replies":[{"embeddable":true,"href":"https:\/\/arantv.az\/index.php?rest_route=%2Fwp%2Fv2%2Fcomments&post=232145"}],"version-history":[{"count":0,"href":"https:\/\/arantv.az\/index.php?rest_route=\/wp\/v2\/posts\/232145\/revisions"}],"wp:featuredmedia":[{"embeddable":true,"href":"https:\/\/arantv.az\/index.php?rest_route=\/wp\/v2\/media\/232146"}],"wp:attachment":[{"href":"https:\/\/arantv.az\/index.php?rest_route=%2Fwp%2Fv2%2Fmedia&parent=232145"}],"wp:term":[{"taxonomy":"category","embeddable":true,"href":"https:\/\/arantv.az\/index.php?rest_route=%2Fwp%2Fv2%2Fcategories&post=232145"},{"taxonomy":"post_tag","embeddable":true,"href":"https:\/\/arantv.az\/index.php?rest_route=%2Fwp%2Fv2%2Ftags&post=232145"}],"curies":[{"name":"wp","href":"https:\/\/api.w.org\/{rel}","templated":true}]}}