{"id":232149,"date":"2020-11-03T13:45:26","date_gmt":"2020-11-03T10:45:26","guid":{"rendered":"http:\/\/arantv.az\/?p=232149"},"modified":"2020-11-03T13:45:26","modified_gmt":"2020-11-03T10:45:26","slug":"erm%c9%99nistanin-munaqis%c9%99ni-dini-motiv%c9%99-c%c9%99km%c9%99k-c%c9%99hdl%c9%99ri-iflasa-ugrayir","status":"publish","type":"post","link":"https:\/\/arantv.az\/?p=232149","title":{"rendered":"&#8220;Erm\u0259nistan\u0131n m\u00fcnaqi\u015f\u0259ni dini motiv\u0259 \u00e7\u0259km\u0259k c\u0259hdl\u0259ri iflasa u\u011fray\u0131r&#8221;"},"content":{"rendered":"<blockquote><p><em><strong>T\u0259cav\u00fczkar d\u00f6vl\u0259t xristianl\u0131\u011fa da b\u00f6y\u00fck l\u0259k\u0259, x\u0259cal\u0259t m\u0259nb\u0259yidir. Erm\u0259nistan-Az\u0259rbaycan Da\u011fl\u0131q Qaraba\u011f m\u00fcnaqi\u015f\u0259si 20-ci \u0259srin \u0259n faci\u0259li m\u00fcnaqi\u015f\u0259l\u0259rind\u0259n biridir. Bu m\u00fcnaqi\u015f\u0259 n\u0259tic\u0259sind\u0259 xalq\u0131m\u0131z b\u00f6y\u00fck f\u0259lak\u0259tl\u0259r, tarixi haqs\u0131zl\u0131q v\u0259 i\u015f\u011fal\u00e7\u0131 t\u0259f\u0259kk\u00fcrl\u0259 \u00fcz-\u00fcz\u0259 qalm\u0131\u015fd\u0131r. T\u0259cav\u00fczkar Erm\u0259nistan\u0131n tarixi &#8220;t\u0259rc\u00fcmeyi-hal\u0131&#8221; biz\u0259 dem\u0259y\u0259 \u0259sas verir ki, bu xalq\u0131n &#8220;x\u0259miri&#8221; x\u0259yan\u0259t v\u0259 satq\u0131nl\u0131qla yo\u011frulub.<\/strong><\/em><\/p><\/blockquote>\n<p><strong>ARANTV.AZ<\/strong> bildirir ki, bunu\u00a0<a href=\"http:\/\/az.trend.az\/\" target=\"_blank\" rel=\"noopener\">Trend<\/a>-\u0259 Dini Qurumlarla \u0130\u015f \u00fczr\u0259 D\u00f6vl\u0259t Komit\u0259sinin s\u0259dr m\u00fcavini S\u0259yavu\u015f Heyd\u0259rov deyib.<\/p>\n<p>O bildirib ki, XX \u0259srin \u0259vv\u0259ll\u0259rind\u0259 Osmanl\u0131 d\u00f6vl\u0259tind\u0259 \u00f6n\u0259mli m\u00f6vqel\u0259r\u0259 malik olan, lakin onun z\u0259ifl\u0259diyi d\u00f6vrd\u0259 x\u0259yan\u0259t ed\u0259r\u0259k \u00e7ar Rusiyas\u0131na s\u0131\u011f\u0131nan erm\u0259nil\u0259r &#8220;z\u0259ifi&#8221; sat, &#8220;g\u00fccl\u00fcn\u00fc z\u0259ifl\u0259y\u0259nd\u0259 satarsan&#8221; prinsipi il\u0259 ya\u015fay\u0131blar:<\/p>\n<p>&#8220;1918-ci ild\u0259 yaranm\u0131\u015f geosiyasi reall\u0131qlardan yararlanaraq tarixi Az\u0259rbaycan torpaqlar\u0131nda \u00f6zl\u0259rin\u0259 saxta bir d\u00f6vl\u0259t qurma\u011f\u0131 bacaran bu nankor xalq SSR\u0130 d\u00f6vr\u00fcnd\u0259 m\u00fc\u0259yy\u0259n s\u0259b\u0259bl\u0259r\u0259 g\u00f6r\u0259 \u00fcst\u00fcn m\u00f6vqel\u0259r \u0259ld\u0259 etm\u0259kl\u0259 \u00f6z xisl\u0259tin\u0259 xas &#8220;f\u0259aliyy\u0259tind\u0259n&#8221; \u0259l \u00e7\u0259km\u0259mi\u015f, h\u0259r v\u0259chl\u0259 Az\u0259rbaycan xalq\u0131na qar\u015f\u0131 d\u00fc\u015fm\u0259n\u00e7ilik siyas\u0259tini davam etdirmi\u015fdir. Erm\u0259nistan \u0259razisind\u0259n az\u0259rbaycanl\u0131lar\u0131n bir ne\u00e7\u0259 d\u0259f\u0259 k\u00f6\u00e7\u00fcr\u00fclm\u0259si buna \u0259yani s\u00fcbutdur.<\/p>\n<p>1980-ci ill\u0259rd\u0259 SSR\u0130-nin siyasi-iqtisadi c\u0259h\u0259td\u0259n z\u0259ifl\u0259m\u0259si, &#8220;yenid\u0259nqurma&#8221; siyas\u0259tinin iflasa u\u011framas\u0131 bu imperiyan\u0131 s\u00fcquta s\u00fcr\u00fckl\u0259y\u0259nd\u0259 Q\u0259rb d\u00f6vl\u0259tl\u0259ri d\u0259 bu v\u0259ziyy\u0259td\u0259n maksimum d\u0259r\u0259c\u0259d\u0259 b\u0259hr\u0259l\u0259nm\u0259y\u0259 \u00e7al\u0131\u015f\u0131rd\u0131. H\u0259min d\u00f6vrd\u0259 Q\u0259rbin maraqlar\u0131 erm\u0259nil\u0259rin maraqlar\u0131 il\u0259 \u00fcst-\u00fcst\u0259 d\u00fc\u015f\u00fcrd\u00fc. Bel\u0259 ki, yeni \u0259razil\u0259r \u0259ld\u0259 etm\u0259y\u0259 \u00e7al\u0131\u015fan erm\u0259nil\u0259r Da\u011fl\u0131q Qaraba\u011fda milli \u0259dav\u0259ti q\u0131z\u0131\u015fd\u0131r\u0131rd\u0131. Tarixin h\u0259r d\u00f6vr\u00fcnd\u0259 &#8220;iki\u00fczl\u00fc&#8221; v\u0259 &#8220;l\u0259yaq\u0259tsiz&#8221; h\u0259r\u0259k\u0259tl\u0259ri il\u0259 se\u00e7il\u0259n erm\u0259ni xisl\u0259ti bir t\u0259r\u0259fd\u0259n Q\u0259rbin maraqlar\u0131na uy\u011fun olaraq SSR\u0130-nin daha da z\u0259ifl\u0259m\u0259si v\u0259 da\u011f\u0131lmas\u0131nda m\u00fcst\u0259sna rol oynam\u0131\u015f milli z\u0259mind\u0259 qar\u015f\u0131durmaya r\u0259vac verir, dig\u0259r t\u0259r\u0259fd\u0259n milli m\u0259s\u0259l\u0259l\u0259rin x\u00fcsusiyy\u0259tl\u0259rini d\u0259rind\u0259n bilm\u0259y\u0259n Sovet r\u0259hb\u0259rliyini Az\u0259rbaycana qar\u015f\u0131 y\u00f6n\u0259ldirdi. He\u00e7 kim\u0259 sirr deyil ki, h\u0259min d\u00f6vrd\u0259 Sovet \u0130ttifaq\u0131n\u0131n r\u0259hb\u0259ri olmu\u015f Mixail Qorba\u00e7ov Q\u0259rbin b\u00f6y\u00fck plan\u0131n\u0131n bir par\u00e7as\u0131 idi. M.Qorba\u00e7ovun erm\u0259ni lobbisinin d\u0259st\u0259yi il\u0259 hakimiyy\u0259t\u0259 g\u0259li\u015fi onda erm\u0259nil\u0259r\u0259 qar\u015f\u0131 x\u00fcsusi &#8220;m\u00fcnasib\u0259t&#8221; v\u0259 imkanlar yaratm\u0131\u015fd\u0131.<\/p>\n<p>Erm\u0259nil\u0259r yaranm\u0131\u015f v\u0259ziyy\u0259td\u0259n hiyl\u0259g\u0259rc\u0259sin\u0259 istifad\u0259 ed\u0259r\u0259k \u00f6nc\u0259 Ulu \u00d6nd\u0259r Heyd\u0259r \u018fliyevin Moskvada tutdu\u011fu y\u00fcks\u0259k v\u0259zif\u0259l\u0259rd\u0259n k\u0259narla\u015fd\u0131r\u0131lmas\u0131na nail oldular. Sonra is\u0259 Az\u0259rbaycana qar\u015f\u0131 \u0259razi iddialar\u0131n\u0131 h\u0259yata ke\u00e7irm\u0259k \u00fc\u00e7\u00fcn xaricd\u0259ki erm\u0259ni lobbisi il\u0259 birlikd\u0259 m\u0259qs\u0259dy\u00f6nl\u00fc f\u0259aliyy\u0259t\u0259 ke\u00e7dil\u0259r. N\u0259tic\u0259d\u0259 Az\u0259rbaycana qar\u015f\u0131 y\u00f6n\u0259lmi\u015f t\u0259xribatlara v\u0259 get-ged\u0259 q\u0131z\u0131\u015fan m\u00fcnaqi\u015f\u0259 q\u0131\u011f\u0131lc\u0131mlar\u0131na g\u00f6z yumulurdu.<\/p>\n<p>Da\u011fl\u0131q Qaraba\u011f Muxtar Vilay\u0259tind\u0259 nizam-intizam yaratmaq \u0259v\u0259zin\u0259 ona x\u00fcsusi idar\u0259\u00e7ilik statusu verilm\u0259kl\u0259 bug\u00fcnk\u00fc m\u00f6vcud m\u00fcnaqi\u015f\u0259nin \u0259sas\u0131 qoyuldu. SSR\u0130-nin s\u00fcqutunda birba\u015fa rol oynayan erm\u0259nil\u0259r riyakarcas\u0131na daha sonra Rusiya v\u0259 onun r\u0259hb\u0259ri Boris Yeltsinl\u0259 d\u0259 &#8220;al\u0259t&#8221; qismind\u0259 \u0259m\u0259kda\u015fl\u0131\u011f\u0131 davam etdirdil\u0259r&#8221;.<\/p>\n<p>S.Heyd\u0259rov bildirib ki, 1988-ci ild\u0259 erm\u0259ni separat\u00e7\u0131lar\u0131n\u0131n Az\u0259rbaycan\u0131n tarixi torpaqlar\u0131na a\u00e7\u0131q formada \u0259razi iddialar\u0131 v\u0259 etnik z\u0259mind\u0259 t\u0259xribatlar\u0131 il\u0259 ba\u015flam\u0131\u015f bu m\u00fcnaqi\u015f\u0259 yekunda Erm\u0259nistan\u0131n Az\u0259rbaycana qar\u015f\u0131 h\u0259rbi t\u0259cav\u00fcz\u00fc il\u0259 n\u0259tic\u0259l\u0259ndi:<\/p>\n<p>&#8220;\u0130ndi is\u0259 Erm\u0259nistanda &#8220;Soros m\u0259hsulu&#8221; olan iqtidar r\u0259hb\u0259rliyi Q\u0259rb\u0259 \u00fcz tutub. Pa\u015finyan\u0131n inqilab \u0259r\u0259f\u0259sind\u0259 k\u00fc\u00e7\u0259l\u0259rd\u0259 s\u0259sl\u0259ndirdiyi b\u00fct\u00fcn \u015f\u00fcarlar anti-Rusiya xarakteri da\u015f\u0131y\u0131rd\u0131. B\u0259li, erm\u0259nil\u0259r bu g\u00fcn d\u0259 Rusiyaya x\u0259yan\u0259t edirl\u0259r. Bir t\u0259r\u0259fd\u0259n Kollektiv T\u0259hl\u00fck\u0259sizlik M\u00fcqavil\u0259si T\u0259\u015fkilat\u0131n\u0131n (KTMT) ayaqlar\u0131na qapan\u0131b yalvaran Erm\u0259nistan ist\u0259diyi cavab\u0131 almad\u0131\u011f\u0131 \u00fc\u00e7\u00fcn d\u0259rhal NATO-nun qap\u0131s\u0131n\u0131 d\u00f6yd\u00fc. Q\u0259rb v\u0259 Rusiya aras\u0131nda \u0259srl\u0259rdir manevrl\u0259r etm\u0259yi bacaran bu xalqdan he\u00e7 kim s\u0259daq\u0259t g\u00f6zl\u0259m\u0259m\u0259lidir.<\/p>\n<p>\u00d6zl\u0259rini sad\u0259c\u0259 &#8220;al\u0259t&#8221; v\u0259 &#8220;\u0259lalt\u0131&#8221; funksiyas\u0131nda g\u00f6r\u0259n erm\u0259nil\u0259r hans\u0131 xalq t\u0259r\u0259find\u0259n n\u0259vazi\u015f g\u00f6r\u00fcbl\u0259rs\u0259, sonda m\u00fctl\u0259q o xalqa x\u0259yan\u0259t edibl\u0259r. Onlar\u0131n satq\u0131nl\u0131q v\u0259 x\u0259yan\u0259t \u00fcz\u0259rind\u0259 t\u0259\u015f\u0259kk\u00fcl tapan &#8220;\u0259qid\u0259si&#8221; tarixin b\u00fct\u00fcn d\u00f6vrl\u0259rind\u0259 a\u00e7\u0131q \u015f\u0259kild\u0259 \u00f6z\u00fcn\u00fc b\u00fcruz\u0259 vermi\u015fdir. \u018flb\u0259tt\u0259 ki, siyasi prosesl\u0259rd\u0259 onlar\u0131n \u00e7irkin v\u0259 qeyri-\u0259xlaqi f\u0259aliyy\u0259tini \u0259srl\u0259rdir Az\u0259rbaycan xalq\u0131 g\u00f6r\u00fcr.<\/p>\n<p>Xalq\u0131m\u0131z bu terror\u00e7u zehniyy\u0259td\u0259n \u00e7ox \u0259ziyy\u0259t \u00e7\u0259kib. Ancaq bu g\u00fcn Erm\u0259nistan sad\u0259c\u0259 siyasi olaraq deyil, dini-m\u0259n\u0259vi c\u0259h\u0259td\u0259n d\u0259 iyr\u0259nc v\u0259 q\u0259buledilm\u0259z m\u00f6vqe n\u00fcmayi\u015f etdirir. Bir ne\u00e7\u0259 g\u00fcn \u0259vv\u0259l b\u00fct\u00fcn Erm\u0259nistan katalikosu II Qareqinin xalqa m\u00fcraci\u0259ti, onun kils\u0259 ad\u0131ndan b\u00fct\u00fcn v\u0259t\u0259nda\u015flar\u0131 v\u0259 h\u0259tta u\u015faqlar\u0131 bel\u0259 \u00f6l\u00fcm\u0259 q\u0259d\u0259r h\u0259rbi sava\u015fa \u00e7a\u011f\u0131rmas\u0131 a\u00e7\u0131q-a\u015fkar dinin siyasil\u0259\u015fdirilm\u0259si fakt\u0131d\u0131r. Erm\u0259nistan\u0131n dini lideri anlam\u0131r ki, b\u00fct\u00fcn dinl\u0259r insanlar\u0131 s\u00fclh\u0259 v\u0259 \u0259min-amanl\u0131\u011fa \u00e7a\u011f\u0131r\u0131r. Kils\u0259 ad\u0131ndan \u00e7\u0131x\u0131\u015f ed\u0259r\u0259k m\u00fcharib\u0259 b\u0259y\u0259natlar\u0131 verm\u0259k yaln\u0131z onun a\u011fl\u0131na g\u0259l\u0259 bil\u0259rdi. N\u0259tic\u0259 is\u0259 birm\u0259nal\u0131d\u0131r: Erm\u0259nistan xristianl\u0131\u011f\u0131 siyasil\u0259\u015fdirm\u0259y\u0259 \u00e7al\u0131\u015f\u0131r. \u018fslind\u0259 Erm\u0259nistan\u0131 he\u00e7 xristian d\u00f6vl\u0259ti d\u0259 adland\u0131rmaq olmaz.<\/p>\n<p>Xristianl\u0131\u011f\u0131n b\u00fct\u00fcn m\u00f6t\u0259b\u0259r, s\u00fclhsev\u0259r v\u0259 \u00fcmumb\u0259\u015f\u0259ri prinsipl\u0259rini tapdalayan bu d\u00f6vl\u0259tin m\u0259n\u0259viyyata h\u00f6rm\u0259t etm\u0259si m\u00fcmk\u00fcn deyil. Erm\u0259nistan m\u0259n\u0259viyyats\u0131z d\u00f6vl\u0259tdir. \u00c7\u00fcnki m\u0259n\u0259viyyat\u0131 olan d\u00f6vl\u0259t silahs\u0131z insanlar\u0131n, m\u0259sum k\u00f6rp\u0259l\u0259rin \u00fcz\u0259rin\u0259 raket ya\u011fd\u0131rmaz. Bu xalq\u0131n &#8220;k\u00f6ks\u00fczl\u00fcy\u00fc&#8221; b\u00fct\u00fcn davran\u0131\u015flar\u0131nda ayd\u0131n \u015f\u0259kild\u0259 sezilir.<\/p>\n<p>D\u00f6y\u00fc\u015f meydan\u0131nda m\u00fcz\u0259ff\u0259r Ordumuz qar\u015f\u0131s\u0131nda tab g\u0259tir\u0259 bilm\u0259y\u0259n nam\u0259rd d\u00fc\u015fm\u0259n h\u0259r vasit\u0259d\u0259n istifad\u0259 edir. Dini faktoru ortaya ataraq \u015eu\u015fadak\u0131 kils\u0259nin vurulmas\u0131 il\u0259 ba\u011fl\u0131 \u00f6lk\u0259miz\u0259 qar\u015f\u0131 ba\u015flatd\u0131\u011f\u0131 \u00e7irkin &#8220;kampaniya&#8221; n\u0259tic\u0259 verm\u0259diyi \u00fc\u00e7\u00fcn onlar daha qlobal m\u00fcst\u0259viy\u0259 ke\u00e7\u0259r\u0259k m\u0259s\u0259l\u0259ni xristian-m\u00fcs\u0259lman qar\u015f\u0131durmas\u0131na \u00e7evirm\u0259k ist\u0259yir. G\u0259nc\u0259ni, B\u0259rd\u0259ni, T\u0259rt\u0259ri v\u0259 dig\u0259r ya\u015fay\u0131\u015f m\u0259nt\u0259q\u0259l\u0259rimizi raket at\u0259\u015fin\u0259 tutaraq y\u00fcz\u0259 yax\u0131n g\u00fcnahs\u0131z insan\u0131n \u00f6l\u00fcm\u00fcn\u0259 s\u0259b\u0259b olan bu &#8220;d\u00f6vl\u0259t&#8221; \u00f6z terror\u00e7u mahiyy\u0259tini bir daha g\u00f6st\u0259rir. Terrorun, terror\u00e7unun dili, dini, irqi olmad\u0131\u011f\u0131n\u0131 bils\u0259k d\u0259, bir d\u00f6vl\u0259tin b\u00fct\u00fcn d\u00fcny\u0259vi v\u0259 dini strukturlar\u0131 il\u0259 birg\u0259 terrorizm m\u0259nb\u0259yin\u0259 \u00e7evrilm\u0259si \u0259slind\u0259 qlobal t\u0259hl\u00fck\u0259sizliy\u0259 t\u0259hdiddir. \u0130\u015e\u0130D, \u018fl-Qaid\u0259, Boko Haram kimi terror t\u0259\u015fkilatlar\u0131 islam dinini nec\u0259 siyasil\u0259\u015fdirib \u00f6lk\u0259 v\u0259 \u015f\u0259h\u0259rl\u0259ri viran qoyursa, Erm\u0259nistan\u0131n terror t\u0259\u015fkilat\u0131 da xristianl\u0131\u011f\u0131 siyasil\u0259\u015fdir\u0259r\u0259k \u015f\u0259h\u0259rl\u0259rimizi bombalay\u0131r, dinc sakinl\u0259r\u0259 qar\u015f\u0131 soyq\u0131r\u0131m\u0131 akt\u0131 t\u00f6r\u0259dir.<\/p>\n<p>Onlar Xocal\u0131 soyq\u0131r\u0131m\u0131n\u0131 bu g\u00fcn d\u0259 davam etdirm\u0259k niyy\u0259tind\u0259 olduqlar\u0131n\u0131 \u00f6z \u0259m\u0259ll\u0259ri il\u0259 b\u0259yan edirl\u0259r. Erm\u0259nistan katalikosu II Qareqinin m\u0259lum m\u00fcraci\u0259ti is\u0259 bir daha s\u00fcbut edir ki, onlar \u00fc\u00e7\u00fcn he\u00e7 bir d\u0259y\u0259r yoxdur. Q\u0259sbkarl\u0131\u011f\u0131, t\u0259cav\u00fcz\u00fc, haqs\u0131zl\u0131\u011f\u0131 dini m\u00fcst\u0259vid\u0259n p\u0259rd\u0259l\u0259m\u0259k, h\u0259tta dini buna al\u0259t etm\u0259k xristian al\u0259min\u0259 qar\u015f\u0131 da b\u00f6y\u00fck h\u00f6rm\u0259tsizlikdir. Bu d\u00f6vl\u0259t d\u00fcnya v\u0259 region \u00fc\u00e7\u00fcn oldu\u011fu kimi, xristianl\u0131q \u00fc\u00e7\u00fcn d\u0259 bir l\u0259k\u0259, x\u0259cal\u0259t m\u0259nb\u0259yidir. Erm\u0259nistan\u0131n bu h\u0259r\u0259k\u0259tl\u0259ri d\u00fc\u015f\u00fcn\u00fclm\u00fc\u015f v\u0259 planl\u0131 bir strategiyad\u0131r. Onlar bu m\u00fcnaqi\u015f\u0259ni dinl\u0259raras\u0131 toqqu\u015fma s\u0259viyy\u0259sin\u0259 g\u0259tir\u0259r\u0259k beyn\u0259lxalq t\u0259hl\u00fck\u0259sizlik \u00fc\u00e7\u00fcn ciddi bir t\u0259hdid yaratmaq, dini z\u0259mind\u0259 total m\u00fcharib\u0259ni t\u0259tikl\u0259m\u0259k ist\u0259yirl\u0259r. Bununla da b\u00f6y\u00fck d\u00f6vl\u0259tl\u0259rin dini z\u0259mind\u0259 m\u00fcharib\u0259y\u0259 c\u0259lb edilm\u0259sini arzulay\u0131rlar. Az\u0259rbaycan is\u0259 daim dinl\u0259raras\u0131 v\u0259 m\u0259d\u0259niyy\u0259tl\u0259raras\u0131 dialoqun m\u0259rk\u0259zi kimi \u00e7\u0131x\u0131\u015f edir. D\u00fcnya birliyi h\u0259r iki \u00f6lk\u0259nin m\u0259qs\u0259d v\u0259 m\u0259ram\u0131n\u0131 obyektiv qiym\u0259tl\u0259ndirm\u0259li, erm\u0259nil\u0259rin l\u0259yaq\u0259tsiz planlar\u0131 il\u0259 b\u0259\u015f\u0259ri d\u0259y\u0259rl\u0259r sistemin\u0259 vuraca\u011f\u0131 z\u0259r\u0259rl\u0259ri zaman\u0131nda d\u0259y\u0259rl\u0259ndirm\u0259lidirl\u0259r. He\u00e7 k\u0259s unutmamal\u0131d\u0131r ki, biz \u00f6z torpa\u011f\u0131m\u0131zda d\u00f6y\u00fc\u015f\u00fcr, \u0259razi b\u00fct\u00f6vl\u00fcy\u00fcm\u00fcz\u00fc b\u0259rpa edirik.<\/p>\n<p>Bu V\u0259t\u0259n m\u00fcharib\u0259sind\u0259 b\u00fct\u00fcn dinl\u0259r\u0259 m\u0259nsub, o c\u00fcml\u0259d\u0259n rus, y\u0259hudi v\u0259 s. mill\u0259tl\u0259rd\u0259n olan Az\u0259rbaycan v\u0259t\u0259nda\u015flar\u0131 \u00e7iyin-\u00e7iyin\u0259 vuru\u015fur, \u015f\u0259hid olurlar. Erm\u0259nistan\u0131n bu m\u00fcharib\u0259y\u0259 dini don geyindirm\u0259k c\u0259hdl\u0259ri ba\u015f tutmayacaqd\u0131r. \u00c7\u00fcnki Az\u0259rbaycan b\u00fct\u00fcn dinl\u0259rin v\u0259 etnik qruplar\u0131n n\u00fcmay\u0259nd\u0259l\u0259rinin bir ail\u0259 kimi ya\u015fad\u0131\u011f\u0131 tarixi bir m\u0259kand\u0131r. Erm\u0259nistan art\u0131q m\u0259\u011flub olub. \u018fmin olun ki, bunu ba\u015fda Pa\u015finyan olmaqla, h\u0259r k\u0259s anlay\u0131r. Sad\u0259c\u0259 hakimiyy\u0259ti itirm\u0259m\u0259k m\u0259qs\u0259dil\u0259 manevrl\u0259r etm\u0259k v\u0259 r\u00fcsvay\u00e7\u0131 formada m\u0259\u011flub olduqlar\u0131n\u0131 gizl\u0259tm\u0259k \u00fc\u00e7\u00fcn vaxt\u0131 uzad\u0131rlar. \u00d6z\u00fcn\u00fc indi d\u0259 Q\u0259rb\u0259 &#8220;s\u0131r\u0131maq&#8221; ist\u0259y\u0259n bu hakimiyy\u0259t f\u0259lak\u0259t\u0259 m\u0259hkumdur. Q\u0259rb is\u0259 \u00f6z d\u0259y\u0259rl\u0259r sistemin\u0259 h\u00f6rm\u0259t etm\u0259kl\u0259 bu t\u0259cav\u00fczkar \u00f6lk\u0259nin \u0259m\u0259ll\u0259rin\u0259 d\u00fczg\u00fcn qiym\u0259t verm\u0259lidir. Onlar da anlamal\u0131d\u0131rlar ki, b\u0259\u015f\u0259riyy\u0259t \u00fc\u00e7\u00fcn olduqca t\u0259hl\u00fck\u0259li bir oyun oynayan Erm\u0259nistan art\u0131q bir &#8220;al\u0259t&#8221; kimi d\u0259 funksionall\u0131\u011f\u0131n\u0131 itirib.<\/p>\n<p>\u018fminlikl\u0259 dey\u0259 bil\u0259rik ki, ba\u015fda Pa\u015finyan olmaqla, dig\u0259r erm\u0259ni t\u0259cav\u00fczkarlar\u0131 da tarix v\u0259 beyn\u0259lxalq qanunlar qar\u015f\u0131s\u0131nda t\u00f6r\u0259tdikl\u0259ri v\u0259h\u015filiy\u0259, t\u0259cav\u00fcz\u0259 g\u00f6r\u0259 cavab ver\u0259c\u0259k, m\u00fctl\u0259q c\u0259zalar\u0131n\u0131 alacaqlar. Ona da \u0259min\u0259m ki, bunu daha 27 ild\u0259n sonra yox, Ali Ba\u015f Komandan, c\u0259nab Prezident \u0130lham \u018fliyevin m\u00fcdrik r\u0259hb\u0259rliyi il\u0259 yax\u0131n zamanlarda m\u00fctl\u0259q g\u00f6r\u0259c\u0259yik!&#8221;<\/p>\n","protected":false},"excerpt":{"rendered":"<p>T\u0259cav\u00fczkar d\u00f6vl\u0259t xristianl\u0131\u011fa da b\u00f6y\u00fck l\u0259k\u0259, x\u0259cal\u0259t m\u0259nb\u0259yidir. Erm\u0259nistan-Az\u0259rbaycan Da\u011fl\u0131q Qaraba\u011f m\u00fcnaqi\u015f\u0259si 20-ci \u0259srin \u0259n faci\u0259li m\u00fcnaqi\u015f\u0259l\u0259rind\u0259n biridir. Bu m\u00fcnaqi\u015f\u0259 n\u0259tic\u0259sind\u0259 xalq\u0131m\u0131z b\u00f6y\u00fck f\u0259lak\u0259tl\u0259r, tarixi haqs\u0131zl\u0131q v\u0259 i\u015f\u011fal\u00e7\u0131 t\u0259f\u0259kk\u00fcrl\u0259 \u00fcz-\u00fcz\u0259 qalm\u0131\u015fd\u0131r. T\u0259cav\u00fczkar Erm\u0259nistan\u0131n tarixi &#8220;t\u0259rc\u00fcmeyi-hal\u0131&#8221; biz\u0259 dem\u0259y\u0259 \u0259sas verir ki, bu xalq\u0131n &#8220;x\u0259miri&#8221; x\u0259yan\u0259t v\u0259 satq\u0131nl\u0131qla yo\u011frulub. ARANTV.AZ bildirir ki, bunu\u00a0Trend-\u0259 Dini Qurumlarla \u0130\u015f \u00fczr\u0259 D\u00f6vl\u0259t Komit\u0259sinin s\u0259dr m\u00fcavini S\u0259yavu\u015f Heyd\u0259rov deyib. O bildirib ki, XX \u0259srin \u0259vv\u0259ll\u0259rind\u0259 Osmanl\u0131 d\u00f6vl\u0259tind\u0259 \u00f6n\u0259mli m\u00f6vqel\u0259r\u0259 malik olan, lakin onun z\u0259ifl\u0259diyi d\u00f6vrd\u0259 x\u0259yan\u0259t ed\u0259r\u0259k \u00e7ar Rusiyas\u0131na s\u0131\u011f\u0131nan erm\u0259nil\u0259r &#8220;z\u0259ifi&#8221; sat, &#8220;g\u00fccl\u00fcn\u00fc z\u0259ifl\u0259y\u0259nd\u0259 satarsan&#8221; prinsipi&hellip;<\/p>\n","protected":false},"author":2,"featured_media":232150,"comment_status":"closed","ping_status":"closed","sticky":false,"template":"","format":"standard","meta":{"om_disable_all_campaigns":false,"_monsterinsights_skip_tracking":false,"_monsterinsights_sitenote_active":false,"_monsterinsights_sitenote_note":"","_monsterinsights_sitenote_category":0},"categories":[19],"tags":[],"aioseo_notices":[],"gutentor_comment":0,"rttpg_featured_image_url":{"full":["https:\/\/arantv.az\/wp-content\/uploads\/2020\/11\/894409.jpg",800,600,false],"landscape":["https:\/\/arantv.az\/wp-content\/uploads\/2020\/11\/894409.jpg",800,600,false],"portraits":["https:\/\/arantv.az\/wp-content\/uploads\/2020\/11\/894409.jpg",800,600,false],"thumbnail":["https:\/\/arantv.az\/wp-content\/uploads\/2020\/11\/894409-150x150.jpg",150,150,true],"medium":["https:\/\/arantv.az\/wp-content\/uploads\/2020\/11\/894409-300x225.jpg",300,225,true],"large":["https:\/\/arantv.az\/wp-content\/uploads\/2020\/11\/894409.jpg",640,480,false],"1536x1536":["https:\/\/arantv.az\/wp-content\/uploads\/2020\/11\/894409.jpg",800,600,false],"2048x2048":["https:\/\/arantv.az\/wp-content\/uploads\/2020\/11\/894409.jpg",800,600,false],"post-thumbnail":["https:\/\/arantv.az\/wp-content\/uploads\/2020\/11\/894409-240x172.jpg",240,172,true],"advps-thumb-one":["https:\/\/arantv.az\/wp-content\/uploads\/2020\/11\/894409.jpg",800,600,false]},"rttpg_author":{"display_name":"V\u00fcsal Rafiqo\u011flu","author_link":"https:\/\/arantv.az\/?author=2"},"rttpg_comment":0,"rttpg_category":"<a href=\"https:\/\/arantv.az\/?cat=19\" rel=\"category\">G\u00fcnd\u0259m<\/a>","rttpg_excerpt":"T\u0259cav\u00fczkar d\u00f6vl\u0259t xristianl\u0131\u011fa da b\u00f6y\u00fck l\u0259k\u0259, x\u0259cal\u0259t m\u0259nb\u0259yidir. Erm\u0259nistan-Az\u0259rbaycan Da\u011fl\u0131q Qaraba\u011f m\u00fcnaqi\u015f\u0259si 20-ci \u0259srin \u0259n faci\u0259li m\u00fcnaqi\u015f\u0259l\u0259rind\u0259n biridir. Bu m\u00fcnaqi\u015f\u0259 n\u0259tic\u0259sind\u0259 xalq\u0131m\u0131z b\u00f6y\u00fck f\u0259lak\u0259tl\u0259r, tarixi haqs\u0131zl\u0131q v\u0259 i\u015f\u011fal\u00e7\u0131 t\u0259f\u0259kk\u00fcrl\u0259 \u00fcz-\u00fcz\u0259 qalm\u0131\u015fd\u0131r. T\u0259cav\u00fczkar Erm\u0259nistan\u0131n tarixi &#8220;t\u0259rc\u00fcmeyi-hal\u0131&#8221; biz\u0259 dem\u0259y\u0259 \u0259sas verir ki, bu xalq\u0131n &#8220;x\u0259miri&#8221; x\u0259yan\u0259t v\u0259 satq\u0131nl\u0131qla yo\u011frulub. ARANTV.AZ bildirir ki, bunu\u00a0Trend-\u0259 Dini Qurumlarla \u0130\u015f \u00fczr\u0259&hellip;","_links":{"self":[{"href":"https:\/\/arantv.az\/index.php?rest_route=\/wp\/v2\/posts\/232149"}],"collection":[{"href":"https:\/\/arantv.az\/index.php?rest_route=\/wp\/v2\/posts"}],"about":[{"href":"https:\/\/arantv.az\/index.php?rest_route=\/wp\/v2\/types\/post"}],"author":[{"embeddable":true,"href":"https:\/\/arantv.az\/index.php?rest_route=\/wp\/v2\/users\/2"}],"replies":[{"embeddable":true,"href":"https:\/\/arantv.az\/index.php?rest_route=%2Fwp%2Fv2%2Fcomments&post=232149"}],"version-history":[{"count":0,"href":"https:\/\/arantv.az\/index.php?rest_route=\/wp\/v2\/posts\/232149\/revisions"}],"wp:featuredmedia":[{"embeddable":true,"href":"https:\/\/arantv.az\/index.php?rest_route=\/wp\/v2\/media\/232150"}],"wp:attachment":[{"href":"https:\/\/arantv.az\/index.php?rest_route=%2Fwp%2Fv2%2Fmedia&parent=232149"}],"wp:term":[{"taxonomy":"category","embeddable":true,"href":"https:\/\/arantv.az\/index.php?rest_route=%2Fwp%2Fv2%2Fcategories&post=232149"},{"taxonomy":"post_tag","embeddable":true,"href":"https:\/\/arantv.az\/index.php?rest_route=%2Fwp%2Fv2%2Ftags&post=232149"}],"curies":[{"name":"wp","href":"https:\/\/api.w.org\/{rel}","templated":true}]}}