{"id":232166,"date":"2020-11-03T13:54:37","date_gmt":"2020-11-03T10:54:37","guid":{"rendered":"http:\/\/arantv.az\/?p=232166"},"modified":"2020-11-03T13:54:37","modified_gmt":"2020-11-03T10:54:37","slug":"saat-1800-a-q%c9%99d%c9%99r-814-nomr%c9%99si-il%c9%99-1800-dan-sonra-is%c9%99-103l%c9%99-%c9%99laq%c9%99-saxlayin-s%c9%99hiyy%c9%99-nazirliyi","status":"publish","type":"post","link":"https:\/\/arantv.az\/?p=232166","title":{"rendered":"&#8220;Saat 18:00-a q\u0259d\u0259r &#8220;814&#8221; n\u00f6mr\u0259si il\u0259, 18:00-dan sonra is\u0259 &#8220;103&#8221;l\u0259 \u0259laq\u0259 saxlay\u0131n&#8221; &#8211; S\u0259hiyy\u0259 Nazirliyi"},"content":{"rendered":"<p><strong>S\u0259hiyy\u0259 Nazirliyinin n\u0259zdind\u0259 COVID-19 il\u0259 m\u00fcbariz\u0259nin g\u00fccl\u0259ndirilm\u0259si \u00fc\u00e7\u00fcn yarad\u0131lm\u0131\u015f i\u015f\u00e7i qrupunun \u00fczv\u00fc Sevda M\u0259mm\u0259dova cari ilin iyul ay\u0131ndan etibar\u0259n xidm\u0259t g\u00f6st\u0259r\u0259n &#8220;814&#8221; \u00c7a\u011fr\u0131 M\u0259rk\u0259zinin i\u015f qrafiki haqq\u0131nda dan\u0131\u015f\u0131b.<\/strong><\/p>\n<p><strong>ARANTV.AZ\u00a0<\/strong><a href=\"http:\/\/az.trend.az\/\" target=\"_blank\" rel=\"noopener\">Trend<\/a>-\u0259 istinad\u0259n bildirir ki,\u00a0S.M\u0259mm\u0259dova bildirib ki, hal-haz\u0131rda m\u0259rk\u0259z bazar ert\u0259sind\u0259n \u015f\u0259nb\u0259 g\u00fcn\u00fc daxil olmaqla s\u0259h\u0259r saat 8-d\u0259n ax\u015fam saat 6-d\u0259k z\u0259ngl\u0259ri q\u0259bul etm\u0259kd\u0259dir: &#8220;Sutkan\u0131n qalan saatlar\u0131nda i\u015f\u00e7i qrupunun \u00fczv\u00fc T\u0259cili v\u0259 T\u0259xir\u0259sal\u0131nmaz Tibbi Yard\u0131m Xidm\u0259ti il\u0259 \u0259laq\u0259 saxlama\u011f\u0131 m\u0259sl\u0259h\u0259t g\u00f6r\u00fcb.<\/p>\n<p>Bu ilin avqust v\u0259 sentyabr aylar\u0131n\u0131n h\u0259r birind\u0259 &#8220;814&#8221; n\u00f6m\u0259sinin q\u0259bul etdiyi m\u00fcraci\u0259tl\u0259rin say\u0131 1300-1400 t\u0259\u015fkil edib, oktyabr ay\u0131nda is\u0259 art\u0131q bu say 3500 &#8211; 4000-\u0259 q\u0259d\u0259r art\u0131b&#8221;.<\/p>\n<p>\u0130\u015f\u00e7i qrupunun \u00fczv\u00fc deyib ki, \u00c7a\u011fr\u0131 M\u0259rk\u0259zin\u0259 daxil olan m\u00fcraci\u0259tl\u0259rin 90 %-i d\u0259y\u0259rl\u0259ndirilib: &#8220;Bak\u0131 \u015f\u0259h\u0259rinin 87 tibb m\u00fc\u0259ssis\u0259sini \u0259hat\u0259 ed\u0259n 39 sah\u0259 m\u0259nt\u0259q\u0259sin\u0259 y\u00f6nl\u0259ndirilir. Bundan sonra sah\u0259 m\u0259nt\u0259q\u0259l\u0259ri bu m\u00fcraci\u0259tl\u0259ri r\u0259smil\u0259\u015fdirib, x\u0259st\u0259l\u0259rin v\u0259ziyy\u0259tini d\u0259y\u0259rl\u0259ndirm\u0259k \u00fc\u00e7\u00fcn sah\u0259 h\u0259kiml\u0259rin\u0259 y\u00f6nl\u0259ndirilir. Sah\u0259 h\u0259kimi sor\u011fu-sual \u0259snas\u0131nda x\u0259st\u0259nin v\u0259ziyy\u0259ti haqq\u0131nda m\u0259lumat toplay\u0131b, COVID-19 testinin s\u0259yyar tibb xidm\u0259ti t\u0259r\u0259find\u0259n ke\u00e7irilib-ke\u00e7irilm\u0259m\u0259sin\u0259 q\u0259rar verir. M\u00fcraci\u0259tl\u0259rin h\u0259min qalan 10 %-i, \u0259sas\u0259n, a\u011f\u0131r simptomlu v\u0259 h\u0259rar\u0259ti 38\u00b0C-d\u0259n y\u00fcks\u0259k olan x\u0259st\u0259l\u0259r d\u0259rhal Bak\u0131 \u015f\u0259h\u0259rinin T\u0259cili v\u0259 T\u0259xir\u0259sal\u0131nmaz Tibbi Yard\u0131m xidm\u0259tin\u0259 y\u00f6nl\u0259ndirilir&#8221;.<\/p>\n<p>Sevda M\u0259mm\u0259dova bir daha COVID-19 virusuna yoluxmu\u015f evd\u0259 m\u00fcalic\u0259 alan x\u0259st\u0259l\u0259rin m\u00fcalic\u0259 prosesini xat\u0131rlatmaq ist\u0259diyini bildirib. Onun s\u00f6zl\u0259rin\u0259 g\u00f6r\u0259, yoluxman\u0131n ilk simptomlar\u0131 m\u00fc\u015fahid\u0259 olunarsa, d\u0259rhal &#8220;814&#8221; \u00c7a\u011fr\u0131 M\u0259rk\u0259zi v\u0259 ya birba\u015fa sah\u0259 h\u0259kimi il\u0259 \u0259laq\u0259 saxlamaq laz\u0131md\u0131r: &#8220;Testin n\u0259tic\u0259l\u0259ri pozitiv olan t\u0259qdird\u0259 h\u0259min \u015f\u0259xs t\u0259crid olunman\u0131n, onunla bir m\u0259nzild\u0259 ya\u015fayan ail\u0259 \u00fczvl\u0259rinin is\u0259 bu rejim\u0259 riay\u0259t etm\u0259kl\u0259ri olduqca vacibdir. Testi pozitiv \u00e7\u0131xan simptomsuz v\u0259 y\u00fcng\u00fcl simptomlu evd\u0259 m\u00fcalic\u0259 alan v\u0259t\u0259nda\u015flar x\u00fcsusi vitamin kompleksi il\u0259 t\u0259min olunur&#8221;.<\/p>\n<p>Onun qeyd etdiyin\u0259 g\u00f6r\u0259, sah\u0259 h\u0259kiml\u0259ri t\u0259r\u0259find\u0259n h\u0259min x\u0259st\u0259l\u0259rl\u0259 g\u00fcnd\u0259 iki d\u0259f\u0259 \u0259laq\u0259 saxlan\u0131l\u0131r v\u0259 v\u0259ziyy\u0259tl\u0259ri m\u00fc\u015fahid\u0259 olunur: &#8220;Bundan sonra i\u015f\u00e7i qrupunun \u00fczv\u00fc x\u00fcsusi vur\u011fulay\u0131b ki, evd\u0259 olan COVID-19 x\u0259st\u0259l\u0259ri yaln\u0131z vitaminl\u0259r kompleksi vasit\u0259si il\u0259 m\u00fcalic\u0259 olunur, dig\u0259r d\u0259rman v\u0259 tibbi m\u00fcdaxil\u0259 h\u0259yata ke\u00e7irilmir. H\u0259m\u00e7inin, \u00f6lk\u0259mizd\u0259 8000-d\u0259n art\u0131q evd\u0259 m\u00fcalic\u0259 alm\u0131\u015f COVID-19 x\u0259st\u0259sinin vitamin kompleksi il\u0259 t\u0259min olunur. S\u00f6z\u00fcged\u0259n vitamin kompleksin\u0259 C v\u0259 D vitaminl\u0259ri, Sink, Selenium, Maqnezium v\u0259 Parasetamol daxildir&#8221;.<\/p>\n<div>\n<div id=\"AdviadNativeVideo0\" class=\"AdviadNativeVideo\"><\/div>\n<\/div>\n<p>Sevda M\u0259mm\u0259dova, h\u0259m\u00e7inin qeyd edib ki, bu preparatlar birba\u015fa x\u0259st\u0259l\u0259rin ya\u015fad\u0131qlar\u0131 yerl\u0259r\u0259 \u00e7atd\u0131r\u0131l\u0131r v\u0259 pasiyentl\u0259r t\u0259r\u0259find\u0259n 15-20 g\u00fcn \u0259rzind\u0259 q\u0259bul edilir.<br \/>\n12 ya\u015fdan ki\u00e7ik olan u\u015faqlar\u0131n m\u00fcalic\u0259 prosesi haqq\u0131nda dan\u0131\u015fan i\u015f\u00e7i qrup \u00fczv\u00fc qeyd edib ki, u\u015faqlarda COVID-19 virusu a\u015fkar edildikd\u0259 onlar d\u0259rhal sah\u0259 pediatr\u0131n\u0131n n\u0259zar\u0259ti alt\u0131na g\u00f6t\u00fcr\u00fcl\u00fcr: &#8220;X\u0259st\u0259liyin gedi\u015fat\u0131na uy\u011fun olaraq, onlar m\u00fc\u015fahid\u0259 alt\u0131nda tutulub, a\u011f\u0131rla\u015fma hallar\u0131 ba\u015f verdikd\u0259 is\u0259 d\u0259rhal x\u0259st\u0259xanaya yerl\u0259\u015fdirilir. Onu da qeyd etm\u0259k laz\u0131md\u0131r ki, u\u015faqlar b\u00f6y\u00fckl\u0259rl\u0259 m\u00fcqayis\u0259d\u0259 COVID-19 x\u0259st\u0259liyini simptomsuz v\u0259 yaxud olduqca y\u00fcng\u00fcl simptomlarla ke\u00e7irir. \u00dcmumiyy\u0259tl\u0259, u\u015faqlar \u00f6lk\u0259 \u00fczr\u0259 koronavirusa yoluxan x\u0259st\u0259l\u0259rin t\u0259xmin\u0259n 20%-ni t\u0259\u015fkil edir&#8221;.<\/p>\n<p>Sevda M\u0259mm\u0259dova son g\u00fcnl\u0259r \u0259rzind\u0259 COVID-19 \u00fczr\u0259 statistikan\u0131n armas\u0131n\u0131n x\u0259st\u0259l\u0259nm\u0259 riskinin y\u00fcks\u0259lm\u0259sin\u0259 g\u0259tir\u0259c\u0259yini bildirib. O koronavirusa qar\u015f\u0131 ehtiyat t\u0259dbirin\u0259 riay\u0259t etm\u0259yin t\u0259l\u0259b olundu\u011funu x\u00fcsusi vur\u011fulay\u0131b, virusdan qorunma\u011fa aid olan bir ne\u00e7\u0259 t\u00f6vsiy\u0259sini b\u00f6l\u00fc\u015f\u00fcb: &#8220;H\u0259rar\u0259t, \u00f6sk\u00fcr\u0259k v\u0259 ya t\u0259ngin\u0259f\u0259slik olarsa d\u0259rhal tibbi yard\u0131m \u00fc\u00e7\u00fcn m\u00fcraci\u0259t edin, insanlar\u0131n \u00e7ox oldu\u011fu qapal\u0131 m\u0259kanlardan uzaq olma\u011fa \u00e7al\u0131\u015f\u0131n, insanlarla aran\u0131zda \u0259n az\u0131 2 metrlik fiziki m\u0259saf\u0259ni saxlay\u0131n, maskadan istifad\u0259 edin, sabun-su v\u0259 ya spirt t\u0259rkibli antiseptik vasit\u0259l\u0259rd\u0259n tez-tez istifad\u0259 edin, qapal\u0131 m\u0259kanlar\u0131 daim havaland\u0131r\u0131n. \u018fmin\u0259m ki, ham\u0131m\u0131z bu sad\u0259 qaydalara ciddi \u015f\u0259kild\u0259 riay\u0259t ets\u0259k, b\u00fct\u00fcn \u00e7\u0259tinlikl\u0259rin \u00f6hd\u0259sind\u0259n g\u0259lib, \u00f6z\u00fcm\u00fcz v\u0259 yax\u0131nlar\u0131m\u0131z\u0131n sa\u011flaml\u0131\u011f\u0131n\u0131 qorumu\u015f olar\u0131q&#8221;.<\/p>\n","protected":false},"excerpt":{"rendered":"<p>S\u0259hiyy\u0259 Nazirliyinin n\u0259zdind\u0259 COVID-19 il\u0259 m\u00fcbariz\u0259nin g\u00fccl\u0259ndirilm\u0259si \u00fc\u00e7\u00fcn yarad\u0131lm\u0131\u015f i\u015f\u00e7i qrupunun \u00fczv\u00fc Sevda M\u0259mm\u0259dova cari ilin iyul ay\u0131ndan etibar\u0259n xidm\u0259t g\u00f6st\u0259r\u0259n &#8220;814&#8221; \u00c7a\u011fr\u0131 M\u0259rk\u0259zinin i\u015f qrafiki haqq\u0131nda dan\u0131\u015f\u0131b. ARANTV.AZ\u00a0Trend-\u0259 istinad\u0259n bildirir ki,\u00a0S.M\u0259mm\u0259dova bildirib ki, hal-haz\u0131rda m\u0259rk\u0259z bazar ert\u0259sind\u0259n \u015f\u0259nb\u0259 g\u00fcn\u00fc daxil olmaqla s\u0259h\u0259r saat 8-d\u0259n ax\u015fam saat 6-d\u0259k z\u0259ngl\u0259ri q\u0259bul etm\u0259kd\u0259dir: &#8220;Sutkan\u0131n qalan saatlar\u0131nda i\u015f\u00e7i qrupunun \u00fczv\u00fc T\u0259cili v\u0259 T\u0259xir\u0259sal\u0131nmaz Tibbi Yard\u0131m Xidm\u0259ti il\u0259 \u0259laq\u0259 saxlama\u011f\u0131 m\u0259sl\u0259h\u0259t g\u00f6r\u00fcb. Bu ilin avqust v\u0259 sentyabr aylar\u0131n\u0131n h\u0259r birind\u0259 &#8220;814&#8221; n\u00f6m\u0259sinin q\u0259bul etdiyi m\u00fcraci\u0259tl\u0259rin say\u0131 1300-1400 t\u0259\u015fkil edib, oktyabr ay\u0131nda is\u0259 art\u0131q bu&hellip;<\/p>\n","protected":false},"author":2,"featured_media":232167,"comment_status":"closed","ping_status":"closed","sticky":false,"template":"","format":"standard","meta":{"om_disable_all_campaigns":false,"_monsterinsights_skip_tracking":false,"_monsterinsights_sitenote_active":false,"_monsterinsights_sitenote_note":"","_monsterinsights_sitenote_category":0},"categories":[13],"tags":[],"aioseo_notices":[],"gutentor_comment":0,"rttpg_featured_image_url":{"full":["https:\/\/arantv.az\/wp-content\/uploads\/2020\/11\/tecili_yardim_0541.jpg",800,600,false],"landscape":["https:\/\/arantv.az\/wp-content\/uploads\/2020\/11\/tecili_yardim_0541.jpg",800,600,false],"portraits":["https:\/\/arantv.az\/wp-content\/uploads\/2020\/11\/tecili_yardim_0541.jpg",800,600,false],"thumbnail":["https:\/\/arantv.az\/wp-content\/uploads\/2020\/11\/tecili_yardim_0541-150x150.jpg",150,150,true],"medium":["https:\/\/arantv.az\/wp-content\/uploads\/2020\/11\/tecili_yardim_0541-300x225.jpg",300,225,true],"large":["https:\/\/arantv.az\/wp-content\/uploads\/2020\/11\/tecili_yardim_0541.jpg",640,480,false],"1536x1536":["https:\/\/arantv.az\/wp-content\/uploads\/2020\/11\/tecili_yardim_0541.jpg",800,600,false],"2048x2048":["https:\/\/arantv.az\/wp-content\/uploads\/2020\/11\/tecili_yardim_0541.jpg",800,600,false],"post-thumbnail":["https:\/\/arantv.az\/wp-content\/uploads\/2020\/11\/tecili_yardim_0541-240x172.jpg",240,172,true],"advps-thumb-one":["https:\/\/arantv.az\/wp-content\/uploads\/2020\/11\/tecili_yardim_0541.jpg",800,600,false]},"rttpg_author":{"display_name":"V\u00fcsal Rafiqo\u011flu","author_link":"https:\/\/arantv.az\/?author=2"},"rttpg_comment":0,"rttpg_category":"<a href=\"https:\/\/arantv.az\/?cat=13\" rel=\"category\">Bizim h\u0259kim<\/a>","rttpg_excerpt":"S\u0259hiyy\u0259 Nazirliyinin n\u0259zdind\u0259 COVID-19 il\u0259 m\u00fcbariz\u0259nin g\u00fccl\u0259ndirilm\u0259si \u00fc\u00e7\u00fcn yarad\u0131lm\u0131\u015f i\u015f\u00e7i qrupunun \u00fczv\u00fc Sevda M\u0259mm\u0259dova cari ilin iyul ay\u0131ndan etibar\u0259n xidm\u0259t g\u00f6st\u0259r\u0259n &#8220;814&#8221; \u00c7a\u011fr\u0131 M\u0259rk\u0259zinin i\u015f qrafiki haqq\u0131nda dan\u0131\u015f\u0131b. ARANTV.AZ\u00a0Trend-\u0259 istinad\u0259n bildirir ki,\u00a0S.M\u0259mm\u0259dova bildirib ki, hal-haz\u0131rda m\u0259rk\u0259z bazar ert\u0259sind\u0259n \u015f\u0259nb\u0259 g\u00fcn\u00fc daxil olmaqla s\u0259h\u0259r saat 8-d\u0259n ax\u015fam saat 6-d\u0259k z\u0259ngl\u0259ri q\u0259bul etm\u0259kd\u0259dir: &#8220;Sutkan\u0131n qalan saatlar\u0131nda i\u015f\u00e7i&hellip;","_links":{"self":[{"href":"https:\/\/arantv.az\/index.php?rest_route=\/wp\/v2\/posts\/232166"}],"collection":[{"href":"https:\/\/arantv.az\/index.php?rest_route=\/wp\/v2\/posts"}],"about":[{"href":"https:\/\/arantv.az\/index.php?rest_route=\/wp\/v2\/types\/post"}],"author":[{"embeddable":true,"href":"https:\/\/arantv.az\/index.php?rest_route=\/wp\/v2\/users\/2"}],"replies":[{"embeddable":true,"href":"https:\/\/arantv.az\/index.php?rest_route=%2Fwp%2Fv2%2Fcomments&post=232166"}],"version-history":[{"count":0,"href":"https:\/\/arantv.az\/index.php?rest_route=\/wp\/v2\/posts\/232166\/revisions"}],"wp:featuredmedia":[{"embeddable":true,"href":"https:\/\/arantv.az\/index.php?rest_route=\/wp\/v2\/media\/232167"}],"wp:attachment":[{"href":"https:\/\/arantv.az\/index.php?rest_route=%2Fwp%2Fv2%2Fmedia&parent=232166"}],"wp:term":[{"taxonomy":"category","embeddable":true,"href":"https:\/\/arantv.az\/index.php?rest_route=%2Fwp%2Fv2%2Fcategories&post=232166"},{"taxonomy":"post_tag","embeddable":true,"href":"https:\/\/arantv.az\/index.php?rest_route=%2Fwp%2Fv2%2Ftags&post=232166"}],"curies":[{"name":"wp","href":"https:\/\/api.w.org\/{rel}","templated":true}]}}