{"id":232170,"date":"2020-11-03T13:56:11","date_gmt":"2020-11-03T10:56:11","guid":{"rendered":"http:\/\/arantv.az\/?p=232170"},"modified":"2020-11-03T13:56:11","modified_gmt":"2020-11-03T10:56:11","slug":"ozb%c9%99kistanin-saodat-jurnalinda-az%c9%99rbaycan-yazicisinin-hekay%c9%99si-d%c9%99rc-olunub","status":"publish","type":"post","link":"https:\/\/arantv.az\/?p=232170","title":{"rendered":"\u00d6zb\u0259kistan\u0131n \u201cSaodat\u201d jurnal\u0131nda Az\u0259rbaycan yaz\u0131\u00e7\u0131s\u0131n\u0131n hekay\u0259si d\u0259rc olunub"},"content":{"rendered":"<p>\u00d6zb\u0259kistan\u0131n \u201cSaodat\u201d jurnal\u0131nda Az\u0259rbaycan yaz\u0131\u00e7\u0131s\u0131 Q\u0259rib Mehdinin \u201cS\u0131nmayan v\u0259fa\u201d adl\u0131 hekay\u0259si d\u0259rc olunub.<\/p>\n<p><a class=\"azertac-link\" href=\"https:\/\/azertag.az\/\" target=\"_blank\" rel=\"noopener\">\u00a0<strong>ARANTV.AZ<\/strong> AZ\u018fRTAC-a isdinad\u0259n<\/a>\u00a0x\u0259b\u0259r verir ki, hekay\u0259ni orijinaldan \u00f6zb\u0259k dilin\u0259 \u0259d\u0259biyyat\u0131m\u0131z\u0131n dostu, Az\u0259rbaycan Yaz\u0131\u00e7\u0131lar Birliyinin f\u0259xri \u00fczv\u00fc \u015e\u0259hla Qas\u0131mova \u00e7evirib.<\/p>\n<p>Xat\u0131rlad\u0131r\u0131q ki, \u015e\u0259hla Qas\u0131movan\u0131n t\u0259rc\u00fcm\u0259sind\u0259 indiy\u0259d\u0259k \u00d6zb\u0259kistandak\u0131 \u0259d\u0259bi q\u0259zet v\u0259 jurnallarda Az\u0259rbaycan\u0131n \u015fair v\u0259 yaz\u0131\u00e7\u0131lar\u0131n\u0131n \u015feir, hekay\u0259 v\u0259 povestl\u0259ri \u00e7ap olunub, Da\u015fk\u0259ndd\u0259 v\u0259 Bak\u0131da bir ne\u00e7\u0259 kitab\u0131 i\u015f\u0131q \u00fcz\u00fc g\u00f6r\u00fcb.<\/p>\n<p>\u015e\u0259hla Qas\u0131mova indi d\u0259 \u00d6zb\u0259kistan\u0131n \u0259d\u0259bi jurnal v\u0259 q\u0259zetl\u0259rind\u0259 m\u00fcnt\u0259z\u0259m olaraq Az\u0259rbaycan \u0259d\u0259biyyat\u0131 n\u00fcmun\u0259l\u0259rini \u00f6zb\u0259k dilind\u0259 \u00e7ap etdirir.<\/p>\n","protected":false},"excerpt":{"rendered":"<p>\u00d6zb\u0259kistan\u0131n \u201cSaodat\u201d jurnal\u0131nda Az\u0259rbaycan yaz\u0131\u00e7\u0131s\u0131 Q\u0259rib Mehdinin \u201cS\u0131nmayan v\u0259fa\u201d adl\u0131 hekay\u0259si d\u0259rc olunub. \u00a0ARANTV.AZ AZ\u018fRTAC-a isdinad\u0259n\u00a0x\u0259b\u0259r verir ki, hekay\u0259ni orijinaldan \u00f6zb\u0259k dilin\u0259 \u0259d\u0259biyyat\u0131m\u0131z\u0131n dostu, Az\u0259rbaycan Yaz\u0131\u00e7\u0131lar Birliyinin f\u0259xri \u00fczv\u00fc \u015e\u0259hla Qas\u0131mova \u00e7evirib. Xat\u0131rlad\u0131r\u0131q ki, \u015e\u0259hla Qas\u0131movan\u0131n t\u0259rc\u00fcm\u0259sind\u0259 indiy\u0259d\u0259k \u00d6zb\u0259kistandak\u0131 \u0259d\u0259bi q\u0259zet v\u0259 jurnallarda Az\u0259rbaycan\u0131n \u015fair v\u0259 yaz\u0131\u00e7\u0131lar\u0131n\u0131n \u015feir, hekay\u0259 v\u0259 povestl\u0259ri \u00e7ap olunub, Da\u015fk\u0259ndd\u0259 v\u0259 Bak\u0131da bir ne\u00e7\u0259 kitab\u0131 i\u015f\u0131q \u00fcz\u00fc g\u00f6r\u00fcb. \u015e\u0259hla Qas\u0131mova indi d\u0259 \u00d6zb\u0259kistan\u0131n \u0259d\u0259bi jurnal v\u0259 q\u0259zetl\u0259rind\u0259 m\u00fcnt\u0259z\u0259m olaraq Az\u0259rbaycan \u0259d\u0259biyyat\u0131 n\u00fcmun\u0259l\u0259rini \u00f6zb\u0259k dilind\u0259 \u00e7ap etdirir.<\/p>\n","protected":false},"author":2,"featured_media":232171,"comment_status":"closed","ping_status":"closed","sticky":false,"template":"","format":"standard","meta":{"om_disable_all_campaigns":false,"_monsterinsights_skip_tracking":false,"_monsterinsights_sitenote_active":false,"_monsterinsights_sitenote_note":"","_monsterinsights_sitenote_category":0},"categories":[7],"tags":[],"aioseo_notices":[],"gutentor_comment":0,"rttpg_featured_image_url":{"full":["https:\/\/arantv.az\/wp-content\/uploads\/2020\/11\/1604400440481091690_1000x669.jpg",710,669,false],"landscape":["https:\/\/arantv.az\/wp-content\/uploads\/2020\/11\/1604400440481091690_1000x669.jpg",710,669,false],"portraits":["https:\/\/arantv.az\/wp-content\/uploads\/2020\/11\/1604400440481091690_1000x669.jpg",710,669,false],"thumbnail":["https:\/\/arantv.az\/wp-content\/uploads\/2020\/11\/1604400440481091690_1000x669-150x150.jpg",150,150,true],"medium":["https:\/\/arantv.az\/wp-content\/uploads\/2020\/11\/1604400440481091690_1000x669-300x283.jpg",300,283,true],"large":["https:\/\/arantv.az\/wp-content\/uploads\/2020\/11\/1604400440481091690_1000x669.jpg",640,603,false],"1536x1536":["https:\/\/arantv.az\/wp-content\/uploads\/2020\/11\/1604400440481091690_1000x669.jpg",710,669,false],"2048x2048":["https:\/\/arantv.az\/wp-content\/uploads\/2020\/11\/1604400440481091690_1000x669.jpg",710,669,false],"post-thumbnail":["https:\/\/arantv.az\/wp-content\/uploads\/2020\/11\/1604400440481091690_1000x669-240x172.jpg",240,172,true],"advps-thumb-one":["https:\/\/arantv.az\/wp-content\/uploads\/2020\/11\/1604400440481091690_1000x669-710x620.jpg",710,620,true]},"rttpg_author":{"display_name":"V\u00fcsal Rafiqo\u011flu","author_link":"https:\/\/arantv.az\/?author=2"},"rttpg_comment":0,"rttpg_category":"<a href=\"https:\/\/arantv.az\/?cat=7\" rel=\"category\">D\u00fcnya<\/a>","rttpg_excerpt":"\u00d6zb\u0259kistan\u0131n \u201cSaodat\u201d jurnal\u0131nda Az\u0259rbaycan yaz\u0131\u00e7\u0131s\u0131 Q\u0259rib Mehdinin \u201cS\u0131nmayan v\u0259fa\u201d adl\u0131 hekay\u0259si d\u0259rc olunub. \u00a0ARANTV.AZ AZ\u018fRTAC-a isdinad\u0259n\u00a0x\u0259b\u0259r verir ki, hekay\u0259ni orijinaldan \u00f6zb\u0259k dilin\u0259 \u0259d\u0259biyyat\u0131m\u0131z\u0131n dostu, Az\u0259rbaycan Yaz\u0131\u00e7\u0131lar Birliyinin f\u0259xri \u00fczv\u00fc \u015e\u0259hla Qas\u0131mova \u00e7evirib. Xat\u0131rlad\u0131r\u0131q ki, \u015e\u0259hla Qas\u0131movan\u0131n t\u0259rc\u00fcm\u0259sind\u0259 indiy\u0259d\u0259k \u00d6zb\u0259kistandak\u0131 \u0259d\u0259bi q\u0259zet v\u0259 jurnallarda Az\u0259rbaycan\u0131n \u015fair v\u0259 yaz\u0131\u00e7\u0131lar\u0131n\u0131n \u015feir, hekay\u0259 v\u0259 povestl\u0259ri \u00e7ap olunub, Da\u015fk\u0259ndd\u0259 v\u0259&hellip;","_links":{"self":[{"href":"https:\/\/arantv.az\/index.php?rest_route=\/wp\/v2\/posts\/232170"}],"collection":[{"href":"https:\/\/arantv.az\/index.php?rest_route=\/wp\/v2\/posts"}],"about":[{"href":"https:\/\/arantv.az\/index.php?rest_route=\/wp\/v2\/types\/post"}],"author":[{"embeddable":true,"href":"https:\/\/arantv.az\/index.php?rest_route=\/wp\/v2\/users\/2"}],"replies":[{"embeddable":true,"href":"https:\/\/arantv.az\/index.php?rest_route=%2Fwp%2Fv2%2Fcomments&post=232170"}],"version-history":[{"count":0,"href":"https:\/\/arantv.az\/index.php?rest_route=\/wp\/v2\/posts\/232170\/revisions"}],"wp:featuredmedia":[{"embeddable":true,"href":"https:\/\/arantv.az\/index.php?rest_route=\/wp\/v2\/media\/232171"}],"wp:attachment":[{"href":"https:\/\/arantv.az\/index.php?rest_route=%2Fwp%2Fv2%2Fmedia&parent=232170"}],"wp:term":[{"taxonomy":"category","embeddable":true,"href":"https:\/\/arantv.az\/index.php?rest_route=%2Fwp%2Fv2%2Fcategories&post=232170"},{"taxonomy":"post_tag","embeddable":true,"href":"https:\/\/arantv.az\/index.php?rest_route=%2Fwp%2Fv2%2Ftags&post=232170"}],"curies":[{"name":"wp","href":"https:\/\/api.w.org\/{rel}","templated":true}]}}