{"id":232178,"date":"2020-11-03T14:26:30","date_gmt":"2020-11-03T11:26:30","guid":{"rendered":"http:\/\/arantv.az\/?p=232178"},"modified":"2020-11-03T14:26:30","modified_gmt":"2020-11-03T11:26:30","slug":"az%c9%99rbaycan-orsudu-c%c9%99bh%c9%99nin-muxt%c9%99ilif-istiqam%c9%99tl%c9%99rind%c9%99-dusm%c9%99nin-t%c9%99xribatlarinin-qarsisini-alir-hikm%c9%99t-haciyev","status":"publish","type":"post","link":"https:\/\/arantv.az\/?p=232178","title":{"rendered":"Az\u0259rbaycan Orsudu c\u0259bh\u0259nin m\u00fcxt\u0259ilif istiqam\u0259tl\u0259rind\u0259 d\u00fc\u015fm\u0259nin t\u0259xribatlar\u0131n\u0131n qar\u015f\u0131s\u0131n\u0131 al\u0131r &#8211; Hikm\u0259t Hac\u0131yev"},"content":{"rendered":"<p>Az\u0259rbaycan\u0131n \u0259razi b\u00fct\u00f6vl\u00fcy\u00fcn\u00fcn b\u0259rpas\u0131nda beyn\u0259lxalq ictimaiyy\u0259tin \u00f6lk\u0259miz\u0259 d\u0259st\u0259k g\u00f6st\u0259rm\u0259si Az\u0259rbaycan\u0131n xarici siyas\u0259td\u0259 uzun m\u00fcdd\u0259t apard\u0131\u011f\u0131 f\u0259aliyy\u0259tin n\u0259tic\u0259sidir.<\/p>\n<p>ARANTV.AZ\u00a0<a href=\"http:\/\/az.trend.az\/\" target=\"_blank\" rel=\"noopener\">Trend<\/a>-\u0259 istinad\u0259n bildirir ki,\u00a0bunu Prezidentinin k\u00f6m\u0259k\u00e7isi, Prezident Administrasiyas\u0131n\u0131n Xarici siyas\u0259t m\u0259s\u0259l\u0259l\u0259ri \u015f\u00f6b\u0259sinin m\u00fcdiri Hikm\u0259t Hac\u0131yev deyib.<\/p>\n<p>Onun s\u00f6zl\u0259rin\u0259 g\u00f6r\u0259, Ali Ba\u015f Komandan \u0130lham \u018fliyev \u00f6lk\u0259mizin \u0259razi b\u00fct\u00f6vl\u00fcy\u00fcn\u00fcn b\u0259rpasi \u00fc\u00e7\u00fcn addimlar ard\u0131c\u0131l t\u0259dbirl\u0259rini davam etdirir: &#8220;Bu g\u00fcn d\u0259 em\u0259nil\u0259r t\u0259r\u0259f\u0259nd\u0259n t\u0259xribatlar t\u00f6r\u0259dilir, c\u0259bh\u0259nin m\u00fcxt\u0259ilif istiqam\u0259tl\u0259rind\u0259 Az\u0259rbaycan orsudu t\u0259xribatlar\u0131n\u0131n qar\u015f\u0131s\u0131n\u0131 al\u0131n\u0131r&#8221;.<\/p>\n","protected":false},"excerpt":{"rendered":"<p>Az\u0259rbaycan\u0131n \u0259razi b\u00fct\u00f6vl\u00fcy\u00fcn\u00fcn b\u0259rpas\u0131nda beyn\u0259lxalq ictimaiyy\u0259tin \u00f6lk\u0259miz\u0259 d\u0259st\u0259k g\u00f6st\u0259rm\u0259si Az\u0259rbaycan\u0131n xarici siyas\u0259td\u0259 uzun m\u00fcdd\u0259t apard\u0131\u011f\u0131 f\u0259aliyy\u0259tin n\u0259tic\u0259sidir. ARANTV.AZ\u00a0Trend-\u0259 istinad\u0259n bildirir ki,\u00a0bunu Prezidentinin k\u00f6m\u0259k\u00e7isi, Prezident Administrasiyas\u0131n\u0131n Xarici siyas\u0259t m\u0259s\u0259l\u0259l\u0259ri \u015f\u00f6b\u0259sinin m\u00fcdiri Hikm\u0259t Hac\u0131yev deyib. Onun s\u00f6zl\u0259rin\u0259 g\u00f6r\u0259, Ali Ba\u015f Komandan \u0130lham \u018fliyev \u00f6lk\u0259mizin \u0259razi b\u00fct\u00f6vl\u00fcy\u00fcn\u00fcn b\u0259rpasi \u00fc\u00e7\u00fcn addimlar ard\u0131c\u0131l t\u0259dbirl\u0259rini davam etdirir: &#8220;Bu g\u00fcn d\u0259 em\u0259nil\u0259r t\u0259r\u0259f\u0259nd\u0259n t\u0259xribatlar t\u00f6r\u0259dilir, c\u0259bh\u0259nin m\u00fcxt\u0259ilif istiqam\u0259tl\u0259rind\u0259 Az\u0259rbaycan orsudu t\u0259xribatlar\u0131n\u0131n qar\u015f\u0131s\u0131n\u0131 al\u0131n\u0131r&#8221;.<\/p>\n","protected":false},"author":2,"featured_media":232179,"comment_status":"closed","ping_status":"closed","sticky":false,"template":"","format":"standard","meta":{"om_disable_all_campaigns":false,"_monsterinsights_skip_tracking":false,"_monsterinsights_sitenote_active":false,"_monsterinsights_sitenote_note":"","_monsterinsights_sitenote_category":0},"categories":[19],"tags":[],"aioseo_notices":[],"gutentor_comment":0,"rttpg_featured_image_url":{"full":["https:\/\/arantv.az\/wp-content\/uploads\/2020\/11\/894464_2.jpg",660,451,false],"landscape":["https:\/\/arantv.az\/wp-content\/uploads\/2020\/11\/894464_2.jpg",660,451,false],"portraits":["https:\/\/arantv.az\/wp-content\/uploads\/2020\/11\/894464_2.jpg",660,451,false],"thumbnail":["https:\/\/arantv.az\/wp-content\/uploads\/2020\/11\/894464_2-150x150.jpg",150,150,true],"medium":["https:\/\/arantv.az\/wp-content\/uploads\/2020\/11\/894464_2-300x205.jpg",300,205,true],"large":["https:\/\/arantv.az\/wp-content\/uploads\/2020\/11\/894464_2.jpg",640,437,false],"1536x1536":["https:\/\/arantv.az\/wp-content\/uploads\/2020\/11\/894464_2.jpg",660,451,false],"2048x2048":["https:\/\/arantv.az\/wp-content\/uploads\/2020\/11\/894464_2.jpg",660,451,false],"post-thumbnail":["https:\/\/arantv.az\/wp-content\/uploads\/2020\/11\/894464_2-240x172.jpg",240,172,true],"advps-thumb-one":["https:\/\/arantv.az\/wp-content\/uploads\/2020\/11\/894464_2.jpg",660,451,false]},"rttpg_author":{"display_name":"V\u00fcsal Rafiqo\u011flu","author_link":"https:\/\/arantv.az\/?author=2"},"rttpg_comment":0,"rttpg_category":"<a href=\"https:\/\/arantv.az\/?cat=19\" rel=\"category\">G\u00fcnd\u0259m<\/a>","rttpg_excerpt":"Az\u0259rbaycan\u0131n \u0259razi b\u00fct\u00f6vl\u00fcy\u00fcn\u00fcn b\u0259rpas\u0131nda beyn\u0259lxalq ictimaiyy\u0259tin \u00f6lk\u0259miz\u0259 d\u0259st\u0259k g\u00f6st\u0259rm\u0259si Az\u0259rbaycan\u0131n xarici siyas\u0259td\u0259 uzun m\u00fcdd\u0259t apard\u0131\u011f\u0131 f\u0259aliyy\u0259tin n\u0259tic\u0259sidir. ARANTV.AZ\u00a0Trend-\u0259 istinad\u0259n bildirir ki,\u00a0bunu Prezidentinin k\u00f6m\u0259k\u00e7isi, Prezident Administrasiyas\u0131n\u0131n Xarici siyas\u0259t m\u0259s\u0259l\u0259l\u0259ri \u015f\u00f6b\u0259sinin m\u00fcdiri Hikm\u0259t Hac\u0131yev deyib. Onun s\u00f6zl\u0259rin\u0259 g\u00f6r\u0259, Ali Ba\u015f Komandan \u0130lham \u018fliyev \u00f6lk\u0259mizin \u0259razi b\u00fct\u00f6vl\u00fcy\u00fcn\u00fcn b\u0259rpasi \u00fc\u00e7\u00fcn addimlar ard\u0131c\u0131l t\u0259dbirl\u0259rini davam etdirir: &#8220;Bu g\u00fcn d\u0259 em\u0259nil\u0259r&hellip;","_links":{"self":[{"href":"https:\/\/arantv.az\/index.php?rest_route=\/wp\/v2\/posts\/232178"}],"collection":[{"href":"https:\/\/arantv.az\/index.php?rest_route=\/wp\/v2\/posts"}],"about":[{"href":"https:\/\/arantv.az\/index.php?rest_route=\/wp\/v2\/types\/post"}],"author":[{"embeddable":true,"href":"https:\/\/arantv.az\/index.php?rest_route=\/wp\/v2\/users\/2"}],"replies":[{"embeddable":true,"href":"https:\/\/arantv.az\/index.php?rest_route=%2Fwp%2Fv2%2Fcomments&post=232178"}],"version-history":[{"count":0,"href":"https:\/\/arantv.az\/index.php?rest_route=\/wp\/v2\/posts\/232178\/revisions"}],"wp:featuredmedia":[{"embeddable":true,"href":"https:\/\/arantv.az\/index.php?rest_route=\/wp\/v2\/media\/232179"}],"wp:attachment":[{"href":"https:\/\/arantv.az\/index.php?rest_route=%2Fwp%2Fv2%2Fmedia&parent=232178"}],"wp:term":[{"taxonomy":"category","embeddable":true,"href":"https:\/\/arantv.az\/index.php?rest_route=%2Fwp%2Fv2%2Fcategories&post=232178"},{"taxonomy":"post_tag","embeddable":true,"href":"https:\/\/arantv.az\/index.php?rest_route=%2Fwp%2Fv2%2Ftags&post=232178"}],"curies":[{"name":"wp","href":"https:\/\/api.w.org\/{rel}","templated":true}]}}