{"id":232186,"date":"2020-11-03T14:29:03","date_gmt":"2020-11-03T11:29:03","guid":{"rendered":"http:\/\/arantv.az\/?p=232186"},"modified":"2020-11-03T14:29:03","modified_gmt":"2020-11-03T11:29:03","slug":"hikm%c9%99t-haciyev-obyektiv-xairici-jurnalistl%c9%99r-erm%c9%99ni-lobbisi-t%c9%99r%c9%99find%c9%99n-h%c9%99d%c9%99-il%c9%99-uzl%c9%99sir","status":"publish","type":"post","link":"https:\/\/arantv.az\/?p=232186","title":{"rendered":"Hikm\u0259t Hac\u0131yev: Obyektiv xairici jurnalistl\u0259r erm\u0259ni lobbisi t\u0259r\u0259find\u0259n h\u0259d\u0259 il\u0259 \u00fczl\u0259\u015fir"},"content":{"rendered":"<p>Beyn\u0259lxalq media n\u00fcmay\u0259nd\u0259l\u0259rinin haz\u0131rlad\u0131\u011f\u0131 reportajlarda obyektivlik n\u00fcmayi\u015f olundu\u011fu zaman onlar erm\u0259ni lobbisi t\u0259r\u0259find\u0259n h\u0259d\u0259 il\u0259 \u00fczl\u0259\u015firl\u0259r.<\/p>\n<p>ARANTV.AZ\u00a0<a href=\"http:\/\/az.trend.az\/\" target=\"_blank\" rel=\"noopener\">Trend<\/a>-\u0259 istinad\u0259n bildirir ki,\u00a0bunu Prezidentinin k\u00f6m\u0259k\u00e7isi, Prezident Administrasiyas\u0131n\u0131n Xarici siyas\u0259t m\u0259s\u0259l\u0259l\u0259ri \u015f\u00f6b\u0259sinin m\u00fcdiri Hikm\u0259t Hac\u0131yev deyib.<\/p>\n<p>H.Hac\u0131yev bildirib ki, biz bunlar\u0131 a\u00e7\u0131q \u015f\u0259kild\u0259 izl\u0259yirik v\u0259 g\u00f6r\u00fcr\u00fck. Biz bunlar\u0131 q\u0259ti halda pisil\u0259yirik:<\/p>\n<p>&#8220;Jurnalistl\u0259rin h\u0259d\u0259l\u0259nm\u0259si q\u0259buledilm\u0259zdir v\u0259 beyn\u0259lxalq ictimaiyy\u0259tini erm\u0259ni lobbisinin bu h\u0259r\u0259k\u0259tinl\u0259rinin qar\u015f\u0131s\u0131n\u0131 alma\u011fa \u00e7a\u011f\u0131r\u0131r\u0131q&#8221;.<\/p>\n","protected":false},"excerpt":{"rendered":"<p>Beyn\u0259lxalq media n\u00fcmay\u0259nd\u0259l\u0259rinin haz\u0131rlad\u0131\u011f\u0131 reportajlarda obyektivlik n\u00fcmayi\u015f olundu\u011fu zaman onlar erm\u0259ni lobbisi t\u0259r\u0259find\u0259n h\u0259d\u0259 il\u0259 \u00fczl\u0259\u015firl\u0259r. ARANTV.AZ\u00a0Trend-\u0259 istinad\u0259n bildirir ki,\u00a0bunu Prezidentinin k\u00f6m\u0259k\u00e7isi, Prezident Administrasiyas\u0131n\u0131n Xarici siyas\u0259t m\u0259s\u0259l\u0259l\u0259ri \u015f\u00f6b\u0259sinin m\u00fcdiri Hikm\u0259t Hac\u0131yev deyib. H.Hac\u0131yev bildirib ki, biz bunlar\u0131 a\u00e7\u0131q \u015f\u0259kild\u0259 izl\u0259yirik v\u0259 g\u00f6r\u00fcr\u00fck. Biz bunlar\u0131 q\u0259ti halda pisil\u0259yirik: &#8220;Jurnalistl\u0259rin h\u0259d\u0259l\u0259nm\u0259si q\u0259buledilm\u0259zdir v\u0259 beyn\u0259lxalq ictimaiyy\u0259tini erm\u0259ni lobbisinin bu h\u0259r\u0259k\u0259tinl\u0259rinin qar\u015f\u0131s\u0131n\u0131 alma\u011fa \u00e7a\u011f\u0131r\u0131r\u0131q&#8221;.<\/p>\n","protected":false},"author":2,"featured_media":232187,"comment_status":"closed","ping_status":"closed","sticky":false,"template":"","format":"standard","meta":{"om_disable_all_campaigns":false,"_monsterinsights_skip_tracking":false,"_monsterinsights_sitenote_active":false,"_monsterinsights_sitenote_note":"","_monsterinsights_sitenote_category":0},"categories":[19],"tags":[],"aioseo_notices":[],"gutentor_comment":0,"rttpg_featured_image_url":{"full":["https:\/\/arantv.az\/wp-content\/uploads\/2020\/11\/894465.jpg",659,440,false],"landscape":["https:\/\/arantv.az\/wp-content\/uploads\/2020\/11\/894465.jpg",659,440,false],"portraits":["https:\/\/arantv.az\/wp-content\/uploads\/2020\/11\/894465.jpg",659,440,false],"thumbnail":["https:\/\/arantv.az\/wp-content\/uploads\/2020\/11\/894465-150x150.jpg",150,150,true],"medium":["https:\/\/arantv.az\/wp-content\/uploads\/2020\/11\/894465-300x200.jpg",300,200,true],"large":["https:\/\/arantv.az\/wp-content\/uploads\/2020\/11\/894465.jpg",640,427,false],"1536x1536":["https:\/\/arantv.az\/wp-content\/uploads\/2020\/11\/894465.jpg",659,440,false],"2048x2048":["https:\/\/arantv.az\/wp-content\/uploads\/2020\/11\/894465.jpg",659,440,false],"post-thumbnail":["https:\/\/arantv.az\/wp-content\/uploads\/2020\/11\/894465-240x172.jpg",240,172,true],"advps-thumb-one":["https:\/\/arantv.az\/wp-content\/uploads\/2020\/11\/894465.jpg",659,440,false]},"rttpg_author":{"display_name":"V\u00fcsal Rafiqo\u011flu","author_link":"https:\/\/arantv.az\/?author=2"},"rttpg_comment":0,"rttpg_category":"<a href=\"https:\/\/arantv.az\/?cat=19\" rel=\"category\">G\u00fcnd\u0259m<\/a>","rttpg_excerpt":"Beyn\u0259lxalq media n\u00fcmay\u0259nd\u0259l\u0259rinin haz\u0131rlad\u0131\u011f\u0131 reportajlarda obyektivlik n\u00fcmayi\u015f olundu\u011fu zaman onlar erm\u0259ni lobbisi t\u0259r\u0259find\u0259n h\u0259d\u0259 il\u0259 \u00fczl\u0259\u015firl\u0259r. ARANTV.AZ\u00a0Trend-\u0259 istinad\u0259n bildirir ki,\u00a0bunu Prezidentinin k\u00f6m\u0259k\u00e7isi, Prezident Administrasiyas\u0131n\u0131n Xarici siyas\u0259t m\u0259s\u0259l\u0259l\u0259ri \u015f\u00f6b\u0259sinin m\u00fcdiri Hikm\u0259t Hac\u0131yev deyib. H.Hac\u0131yev bildirib ki, biz bunlar\u0131 a\u00e7\u0131q \u015f\u0259kild\u0259 izl\u0259yirik v\u0259 g\u00f6r\u00fcr\u00fck. Biz bunlar\u0131 q\u0259ti halda pisil\u0259yirik: &#8220;Jurnalistl\u0259rin h\u0259d\u0259l\u0259nm\u0259si q\u0259buledilm\u0259zdir v\u0259 beyn\u0259lxalq ictimaiyy\u0259tini erm\u0259ni lobbisinin&hellip;","_links":{"self":[{"href":"https:\/\/arantv.az\/index.php?rest_route=\/wp\/v2\/posts\/232186"}],"collection":[{"href":"https:\/\/arantv.az\/index.php?rest_route=\/wp\/v2\/posts"}],"about":[{"href":"https:\/\/arantv.az\/index.php?rest_route=\/wp\/v2\/types\/post"}],"author":[{"embeddable":true,"href":"https:\/\/arantv.az\/index.php?rest_route=\/wp\/v2\/users\/2"}],"replies":[{"embeddable":true,"href":"https:\/\/arantv.az\/index.php?rest_route=%2Fwp%2Fv2%2Fcomments&post=232186"}],"version-history":[{"count":0,"href":"https:\/\/arantv.az\/index.php?rest_route=\/wp\/v2\/posts\/232186\/revisions"}],"wp:featuredmedia":[{"embeddable":true,"href":"https:\/\/arantv.az\/index.php?rest_route=\/wp\/v2\/media\/232187"}],"wp:attachment":[{"href":"https:\/\/arantv.az\/index.php?rest_route=%2Fwp%2Fv2%2Fmedia&parent=232186"}],"wp:term":[{"taxonomy":"category","embeddable":true,"href":"https:\/\/arantv.az\/index.php?rest_route=%2Fwp%2Fv2%2Fcategories&post=232186"},{"taxonomy":"post_tag","embeddable":true,"href":"https:\/\/arantv.az\/index.php?rest_route=%2Fwp%2Fv2%2Ftags&post=232186"}],"curies":[{"name":"wp","href":"https:\/\/api.w.org\/{rel}","templated":true}]}}