{"id":232194,"date":"2020-11-03T14:30:43","date_gmt":"2020-11-03T11:30:43","guid":{"rendered":"http:\/\/arantv.az\/?p=232194"},"modified":"2020-11-03T14:30:43","modified_gmt":"2020-11-03T11:30:43","slug":"erm%c9%99nistan-bir-t%c9%99r%c9%99fd%c9%99n-munaqis%c9%99nin-sulh-yolu-il%c9%99-h%c9%99llind%c9%99n-danisir-dig%c9%99r-t%c9%99r%c9%99fd%c9%99n-is%c9%99-t%c9%99xribatlara-%c9%99l-atir-prezidentin-ko","status":"publish","type":"post","link":"https:\/\/arantv.az\/?p=232194","title":{"rendered":"Erm\u0259nistan bir t\u0259r\u0259fd\u0259n m\u00fcnaqi\u015f\u0259nin s\u00fclh yolu il\u0259 h\u0259llind\u0259n dan\u0131\u015f\u0131r, dig\u0259r t\u0259r\u0259fd\u0259n is\u0259 t\u0259xribatlara \u0259l at\u0131r &#8211; Prezidentin k\u00f6m\u0259k\u00e7isi"},"content":{"rendered":"<p>Erm\u0259nistan bir t\u0259r\u0259fd\u0259n Da\u011fl\u0131q Qaraba\u011f m\u00fcnaqi\u015f\u0259sinin s\u00fclh yolu il\u0259 h\u0259llind\u0259n dan\u0131\u015f\u0131r, dig\u0259r t\u0259r\u0259fd\u0259n is\u0259 dan\u0131\u015f\u0131qlara z\u0259rb\u0259 vuran t\u0259xribatlara \u0259l at\u0131r.<\/p>\n<p>ARANTV.AZ\u00a0<a href=\"http:\/\/az.trend.az\/\" target=\"_blank\" rel=\"noopener\">Trend<\/a>-\u0259 istinad\u0259n bildirir ki,\u00a0bunu Az\u0259rbaycan Prezidentinin k\u00f6m\u0259k\u00e7isi, Prezident Administrasiyas\u0131n\u0131n Xarici siyas\u0259t m\u0259s\u0259l\u0259l\u0259ri \u015f\u00f6b\u0259sinin m\u00fcdiri Hikm\u0259t Hac\u0131yev yaz\u0131b.<\/p>\n<p>H.Hac\u0131yev bildirib ki, Erm\u0259nistan\u0131n ba\u015f naziri Nikol Pa\u015finyan\u0131n m\u00fcharib\u0259nin s\u00fclh yolu il\u0259 h\u0259lli yoxdur dem\u0259si, son h\u0259rb\u00e7isin\u0259 q\u0259d\u0259r m\u00fchari\u0259ni davam etdir\u0259c\u0259yi v\u0259 Az\u0259rbaycana torpaqlar\u0131n qaytarmayaca\u011f\u0131 haqda dedikl\u0259ri dan\u0131\u015f\u0131qlar prosesin\u0259 bir z\u0259rb\u0259dir.<\/p>\n<p>H.Hac\u0131yev bildirib ki, n\u0259tic\u0259 o zaman olar ki, qar\u015f\u0131 t\u0259r\u0259f konstruktirv olsun, ancaq biz bunu g\u00f6rm\u00fcr\u00fck.<\/p>\n","protected":false},"excerpt":{"rendered":"<p>Erm\u0259nistan bir t\u0259r\u0259fd\u0259n Da\u011fl\u0131q Qaraba\u011f m\u00fcnaqi\u015f\u0259sinin s\u00fclh yolu il\u0259 h\u0259llind\u0259n dan\u0131\u015f\u0131r, dig\u0259r t\u0259r\u0259fd\u0259n is\u0259 dan\u0131\u015f\u0131qlara z\u0259rb\u0259 vuran t\u0259xribatlara \u0259l at\u0131r. ARANTV.AZ\u00a0Trend-\u0259 istinad\u0259n bildirir ki,\u00a0bunu Az\u0259rbaycan Prezidentinin k\u00f6m\u0259k\u00e7isi, Prezident Administrasiyas\u0131n\u0131n Xarici siyas\u0259t m\u0259s\u0259l\u0259l\u0259ri \u015f\u00f6b\u0259sinin m\u00fcdiri Hikm\u0259t Hac\u0131yev yaz\u0131b. H.Hac\u0131yev bildirib ki, Erm\u0259nistan\u0131n ba\u015f naziri Nikol Pa\u015finyan\u0131n m\u00fcharib\u0259nin s\u00fclh yolu il\u0259 h\u0259lli yoxdur dem\u0259si, son h\u0259rb\u00e7isin\u0259 q\u0259d\u0259r m\u00fchari\u0259ni davam etdir\u0259c\u0259yi v\u0259 Az\u0259rbaycana torpaqlar\u0131n qaytarmayaca\u011f\u0131 haqda dedikl\u0259ri dan\u0131\u015f\u0131qlar prosesin\u0259 bir z\u0259rb\u0259dir. H.Hac\u0131yev bildirib ki, n\u0259tic\u0259 o zaman olar ki, qar\u015f\u0131 t\u0259r\u0259f konstruktirv olsun, ancaq biz bunu g\u00f6rm\u00fcr\u00fck.<\/p>\n","protected":false},"author":2,"featured_media":232195,"comment_status":"closed","ping_status":"closed","sticky":false,"template":"","format":"standard","meta":{"om_disable_all_campaigns":false,"_monsterinsights_skip_tracking":false,"_monsterinsights_sitenote_active":false,"_monsterinsights_sitenote_note":"","_monsterinsights_sitenote_category":0},"categories":[19],"tags":[],"aioseo_notices":[],"gutentor_comment":0,"rttpg_featured_image_url":{"full":["https:\/\/arantv.az\/wp-content\/uploads\/2020\/11\/894466.jpg",900,600,false],"landscape":["https:\/\/arantv.az\/wp-content\/uploads\/2020\/11\/894466.jpg",900,600,false],"portraits":["https:\/\/arantv.az\/wp-content\/uploads\/2020\/11\/894466.jpg",900,600,false],"thumbnail":["https:\/\/arantv.az\/wp-content\/uploads\/2020\/11\/894466-150x150.jpg",150,150,true],"medium":["https:\/\/arantv.az\/wp-content\/uploads\/2020\/11\/894466-300x200.jpg",300,200,true],"large":["https:\/\/arantv.az\/wp-content\/uploads\/2020\/11\/894466.jpg",640,427,false],"1536x1536":["https:\/\/arantv.az\/wp-content\/uploads\/2020\/11\/894466.jpg",900,600,false],"2048x2048":["https:\/\/arantv.az\/wp-content\/uploads\/2020\/11\/894466.jpg",900,600,false],"post-thumbnail":["https:\/\/arantv.az\/wp-content\/uploads\/2020\/11\/894466-240x172.jpg",240,172,true],"advps-thumb-one":["https:\/\/arantv.az\/wp-content\/uploads\/2020\/11\/894466.jpg",900,600,false]},"rttpg_author":{"display_name":"V\u00fcsal Rafiqo\u011flu","author_link":"https:\/\/arantv.az\/?author=2"},"rttpg_comment":0,"rttpg_category":"<a href=\"https:\/\/arantv.az\/?cat=19\" rel=\"category\">G\u00fcnd\u0259m<\/a>","rttpg_excerpt":"Erm\u0259nistan bir t\u0259r\u0259fd\u0259n Da\u011fl\u0131q Qaraba\u011f m\u00fcnaqi\u015f\u0259sinin s\u00fclh yolu il\u0259 h\u0259llind\u0259n dan\u0131\u015f\u0131r, dig\u0259r t\u0259r\u0259fd\u0259n is\u0259 dan\u0131\u015f\u0131qlara z\u0259rb\u0259 vuran t\u0259xribatlara \u0259l at\u0131r. ARANTV.AZ\u00a0Trend-\u0259 istinad\u0259n bildirir ki,\u00a0bunu Az\u0259rbaycan Prezidentinin k\u00f6m\u0259k\u00e7isi, Prezident Administrasiyas\u0131n\u0131n Xarici siyas\u0259t m\u0259s\u0259l\u0259l\u0259ri \u015f\u00f6b\u0259sinin m\u00fcdiri Hikm\u0259t Hac\u0131yev yaz\u0131b. H.Hac\u0131yev bildirib ki, Erm\u0259nistan\u0131n ba\u015f naziri Nikol Pa\u015finyan\u0131n m\u00fcharib\u0259nin s\u00fclh yolu il\u0259 h\u0259lli yoxdur dem\u0259si, son h\u0259rb\u00e7isin\u0259 q\u0259d\u0259r&hellip;","_links":{"self":[{"href":"https:\/\/arantv.az\/index.php?rest_route=\/wp\/v2\/posts\/232194"}],"collection":[{"href":"https:\/\/arantv.az\/index.php?rest_route=\/wp\/v2\/posts"}],"about":[{"href":"https:\/\/arantv.az\/index.php?rest_route=\/wp\/v2\/types\/post"}],"author":[{"embeddable":true,"href":"https:\/\/arantv.az\/index.php?rest_route=\/wp\/v2\/users\/2"}],"replies":[{"embeddable":true,"href":"https:\/\/arantv.az\/index.php?rest_route=%2Fwp%2Fv2%2Fcomments&post=232194"}],"version-history":[{"count":0,"href":"https:\/\/arantv.az\/index.php?rest_route=\/wp\/v2\/posts\/232194\/revisions"}],"wp:featuredmedia":[{"embeddable":true,"href":"https:\/\/arantv.az\/index.php?rest_route=\/wp\/v2\/media\/232195"}],"wp:attachment":[{"href":"https:\/\/arantv.az\/index.php?rest_route=%2Fwp%2Fv2%2Fmedia&parent=232194"}],"wp:term":[{"taxonomy":"category","embeddable":true,"href":"https:\/\/arantv.az\/index.php?rest_route=%2Fwp%2Fv2%2Fcategories&post=232194"},{"taxonomy":"post_tag","embeddable":true,"href":"https:\/\/arantv.az\/index.php?rest_route=%2Fwp%2Fv2%2Ftags&post=232194"}],"curies":[{"name":"wp","href":"https:\/\/api.w.org\/{rel}","templated":true}]}}