{"id":232198,"date":"2020-11-03T14:32:20","date_gmt":"2020-11-03T11:32:20","guid":{"rendered":"http:\/\/arantv.az\/?p=232198"},"modified":"2020-11-03T14:32:20","modified_gmt":"2020-11-03T11:32:20","slug":"erm%c9%99nistan-dovl%c9%99t-s%c9%99viyy%c9%99sind%c9%99-az%c9%99rbaycana-qarsi-terror-tor%c9%99dir","status":"publish","type":"post","link":"https:\/\/arantv.az\/?p=232198","title":{"rendered":"&#8220;Erm\u0259nistan d\u00f6vl\u0259t s\u0259viyy\u0259sind\u0259 Az\u0259rbaycana qar\u015f\u0131 terror t\u00f6r\u0259dir&#8221;"},"content":{"rendered":"<p>Bu g\u00fcn Erm\u0259nistan d\u00f6vl\u0259t s\u0259viyy\u0259sind\u0259 Az\u0259rbaycana qar\u015f\u0131 terror \u0259m\u0259ll\u0259ri t\u00f6r\u0259dir.<\/p>\n<p><a href=\"http:\/\/az.trend.az\/\" target=\"_blank\" rel=\"noopener\">ARANTV.AZ Trend<\/a>-\u0259 istinad\u0259n bildirir ki,\u00a0bunu Az\u0259rbaycan Prezidentinin k\u00f6m\u0259k\u00e7isi, Prezident Administrasiyas\u0131n\u0131n Xarici siyas\u0259t m\u0259s\u0259l\u0259l\u0259ri \u015f\u00f6b\u0259sinin m\u00fcdiri Hikm\u0259t Hac\u0131yev deyib.<\/p>\n<p>H.Hac\u0131yev bildirib ki, xarici \u00f6lk\u0259l\u0259rd\u0259 Erm\u0259nistan\u0131n ASALA v\u0259 dig\u0259r terror t\u0259\u015fkilatlar\u0131 f\u0259aliyy\u0259t g\u00f6st\u0259rir: &#8220;Ona g\u00f6r\u0259 d\u0259 v\u0259t\u0259nda\u015flar\u0131m\u0131za ay\u0131q-say\u0131q olma\u011f\u0131 t\u00f6vsiy\u0259 edirik. Xaricd\u0259 olan Az\u0259rbaycan v\u0259t\u0259nda\u015flar\u0131na, diaspor n\u00fcmy\u0259n\u0259dl\u0259rin\u0259 qar\u015f\u0131 terror \u0259m\u0259ll\u0259ri t\u00f6r\u0259dil\u0259 bil\u0259r. Bu s\u0259b\u0259bd\u0259n xaricd\u0259 olan v\u0259t\u0259nda\u015flar\u0131m\u0131z diqq\u0259tli olmal\u0131d\u0131r&#8221;.<\/p>\n","protected":false},"excerpt":{"rendered":"<p>Bu g\u00fcn Erm\u0259nistan d\u00f6vl\u0259t s\u0259viyy\u0259sind\u0259 Az\u0259rbaycana qar\u015f\u0131 terror \u0259m\u0259ll\u0259ri t\u00f6r\u0259dir. ARANTV.AZ Trend-\u0259 istinad\u0259n bildirir ki,\u00a0bunu Az\u0259rbaycan Prezidentinin k\u00f6m\u0259k\u00e7isi, Prezident Administrasiyas\u0131n\u0131n Xarici siyas\u0259t m\u0259s\u0259l\u0259l\u0259ri \u015f\u00f6b\u0259sinin m\u00fcdiri Hikm\u0259t Hac\u0131yev deyib. H.Hac\u0131yev bildirib ki, xarici \u00f6lk\u0259l\u0259rd\u0259 Erm\u0259nistan\u0131n ASALA v\u0259 dig\u0259r terror t\u0259\u015fkilatlar\u0131 f\u0259aliyy\u0259t g\u00f6st\u0259rir: &#8220;Ona g\u00f6r\u0259 d\u0259 v\u0259t\u0259nda\u015flar\u0131m\u0131za ay\u0131q-say\u0131q olma\u011f\u0131 t\u00f6vsiy\u0259 edirik. Xaricd\u0259 olan Az\u0259rbaycan v\u0259t\u0259nda\u015flar\u0131na, diaspor n\u00fcmy\u0259n\u0259dl\u0259rin\u0259 qar\u015f\u0131 terror \u0259m\u0259ll\u0259ri t\u00f6r\u0259dil\u0259 bil\u0259r. Bu s\u0259b\u0259bd\u0259n xaricd\u0259 olan v\u0259t\u0259nda\u015flar\u0131m\u0131z diqq\u0259tli olmal\u0131d\u0131r&#8221;.<\/p>\n","protected":false},"author":2,"featured_media":232200,"comment_status":"closed","ping_status":"closed","sticky":false,"template":"","format":"standard","meta":{"om_disable_all_campaigns":false,"_monsterinsights_skip_tracking":false,"_monsterinsights_sitenote_active":false,"_monsterinsights_sitenote_note":"","_monsterinsights_sitenote_category":0},"categories":[19],"tags":[],"aioseo_notices":[],"gutentor_comment":0,"rttpg_featured_image_url":{"full":["https:\/\/arantv.az\/wp-content\/uploads\/2020\/11\/894470.jpg",903,732,false],"landscape":["https:\/\/arantv.az\/wp-content\/uploads\/2020\/11\/894470.jpg",903,732,false],"portraits":["https:\/\/arantv.az\/wp-content\/uploads\/2020\/11\/894470.jpg",903,732,false],"thumbnail":["https:\/\/arantv.az\/wp-content\/uploads\/2020\/11\/894470-150x150.jpg",150,150,true],"medium":["https:\/\/arantv.az\/wp-content\/uploads\/2020\/11\/894470-300x243.jpg",300,243,true],"large":["https:\/\/arantv.az\/wp-content\/uploads\/2020\/11\/894470.jpg",640,519,false],"1536x1536":["https:\/\/arantv.az\/wp-content\/uploads\/2020\/11\/894470.jpg",903,732,false],"2048x2048":["https:\/\/arantv.az\/wp-content\/uploads\/2020\/11\/894470.jpg",903,732,false],"post-thumbnail":["https:\/\/arantv.az\/wp-content\/uploads\/2020\/11\/894470-240x172.jpg",240,172,true],"advps-thumb-one":["https:\/\/arantv.az\/wp-content\/uploads\/2020\/11\/894470-903x620.jpg",903,620,true]},"rttpg_author":{"display_name":"V\u00fcsal Rafiqo\u011flu","author_link":"https:\/\/arantv.az\/?author=2"},"rttpg_comment":0,"rttpg_category":"<a href=\"https:\/\/arantv.az\/?cat=19\" rel=\"category\">G\u00fcnd\u0259m<\/a>","rttpg_excerpt":"Bu g\u00fcn Erm\u0259nistan d\u00f6vl\u0259t s\u0259viyy\u0259sind\u0259 Az\u0259rbaycana qar\u015f\u0131 terror \u0259m\u0259ll\u0259ri t\u00f6r\u0259dir. ARANTV.AZ Trend-\u0259 istinad\u0259n bildirir ki,\u00a0bunu Az\u0259rbaycan Prezidentinin k\u00f6m\u0259k\u00e7isi, Prezident Administrasiyas\u0131n\u0131n Xarici siyas\u0259t m\u0259s\u0259l\u0259l\u0259ri \u015f\u00f6b\u0259sinin m\u00fcdiri Hikm\u0259t Hac\u0131yev deyib. H.Hac\u0131yev bildirib ki, xarici \u00f6lk\u0259l\u0259rd\u0259 Erm\u0259nistan\u0131n ASALA v\u0259 dig\u0259r terror t\u0259\u015fkilatlar\u0131 f\u0259aliyy\u0259t g\u00f6st\u0259rir: &#8220;Ona g\u00f6r\u0259 d\u0259 v\u0259t\u0259nda\u015flar\u0131m\u0131za ay\u0131q-say\u0131q olma\u011f\u0131 t\u00f6vsiy\u0259 edirik. Xaricd\u0259 olan Az\u0259rbaycan v\u0259t\u0259nda\u015flar\u0131na, diaspor n\u00fcmy\u0259n\u0259dl\u0259rin\u0259&hellip;","_links":{"self":[{"href":"https:\/\/arantv.az\/index.php?rest_route=\/wp\/v2\/posts\/232198"}],"collection":[{"href":"https:\/\/arantv.az\/index.php?rest_route=\/wp\/v2\/posts"}],"about":[{"href":"https:\/\/arantv.az\/index.php?rest_route=\/wp\/v2\/types\/post"}],"author":[{"embeddable":true,"href":"https:\/\/arantv.az\/index.php?rest_route=\/wp\/v2\/users\/2"}],"replies":[{"embeddable":true,"href":"https:\/\/arantv.az\/index.php?rest_route=%2Fwp%2Fv2%2Fcomments&post=232198"}],"version-history":[{"count":0,"href":"https:\/\/arantv.az\/index.php?rest_route=\/wp\/v2\/posts\/232198\/revisions"}],"wp:featuredmedia":[{"embeddable":true,"href":"https:\/\/arantv.az\/index.php?rest_route=\/wp\/v2\/media\/232200"}],"wp:attachment":[{"href":"https:\/\/arantv.az\/index.php?rest_route=%2Fwp%2Fv2%2Fmedia&parent=232198"}],"wp:term":[{"taxonomy":"category","embeddable":true,"href":"https:\/\/arantv.az\/index.php?rest_route=%2Fwp%2Fv2%2Fcategories&post=232198"},{"taxonomy":"post_tag","embeddable":true,"href":"https:\/\/arantv.az\/index.php?rest_route=%2Fwp%2Fv2%2Ftags&post=232198"}],"curies":[{"name":"wp","href":"https:\/\/api.w.org\/{rel}","templated":true}]}}