{"id":232207,"date":"2020-11-03T14:37:25","date_gmt":"2020-11-03T11:37:25","guid":{"rendered":"http:\/\/arantv.az\/?p=232207"},"modified":"2020-11-03T14:37:25","modified_gmt":"2020-11-03T11:37:25","slug":"karantin-rejiminin-t%c9%99l%c9%99bl%c9%99rini-pozan-ictimai-ias%c9%99-obyektl%c9%99ri-askarlanib","status":"publish","type":"post","link":"https:\/\/arantv.az\/?p=232207","title":{"rendered":"Karantin rejiminin t\u0259l\u0259bl\u0259rini pozan ictimai ia\u015f\u0259 obyektl\u0259ri a\u015fkarlan\u0131b"},"content":{"rendered":"<p>\u00d6lk\u0259mizd\u0259 h\u0259rbi v\u0259ziyy\u0259tin elan olundu\u011fu, eyni zamanda x\u00fcsusi karantin rejiminin davam etdiyi bir \u015f\u0259raitd\u0259 \u0259halinin sa\u011flaml\u0131\u011f\u0131 v\u0259 t\u0259hl\u00fck\u0259sizliyinin t\u0259min olunmas\u0131 h\u0259r k\u0259sd\u0259n m\u00fcharib\u0259 d\u00f6vr\u00fcn\u00fcn \u015f\u0259rtl\u0259rin\u0259 uy\u011fun olaraq x\u00fcsusi yana\u015fma v\u0259 m\u0259suliyy\u0259t t\u0259l\u0259b edir. X\u00fcsusil\u0259, qida sah\u0259sind\u0259 f\u0259aliyy\u0259t g\u00f6st\u0259r\u0259n sahibkarl\u0131q subyektl\u0259ri x\u0259st\u0259liyin yay\u0131lmamas\u0131 \u00fc\u00e7\u00fcn \u0259ks-epidemik t\u0259dbirl\u0259r\u0259 ciddi riay\u0259t etm\u0259li, insanlar\u0131n s\u0131x topla\u015fd\u0131\u011f\u0131 ictimai ia\u015f\u0259 m\u00fc\u0259ssis\u0259l\u0259rind\u0259 karantin rejiminin t\u0259l\u0259bl\u0259rini daim diqq\u0259t m\u0259rk\u0259zind\u0259 saxlamal\u0131d\u0131rlar.<\/p>\n<p>Qida T\u0259hl\u00fck\u0259sizliyi Agentliyinin \u0259m\u0259kda\u015flar\u0131 t\u0259r\u0259find\u0259n bu sah\u0259d\u0259 aidiyy\u0259ti qurumlarla birg\u0259 h\u0259yata ke\u00e7iril\u0259n yoxlama-n\u0259zar\u0259t t\u0259dbirl\u0259ri zaman\u0131, t\u0259\u0259ss\u00fcfl\u0259r olsun ki, b\u0259zi ictimai ia\u015f\u0259 m\u00fc\u0259ssis\u0259l\u0259rinin sahibl\u0259ri v\u0259 m\u00fc\u015ft\u0259ril\u0259r t\u0259r\u0259find\u0259n bir s\u0131ra qaydalara \u0259m\u0259l edilm\u0259diyi a\u015fkar olunur. Koronavirusun (COVID-19) profilaktikas\u0131na dair Nazirl\u0259r Kabinetinin q\u0259rar\u0131 il\u0259 t\u0259sdiq edilmi\u015f metodiki g\u00f6st\u0259ri\u015fl\u0259rin icras\u0131na n\u0259zar\u0259t m\u0259qs\u0259dil\u0259 agentlik t\u0259r\u0259find\u0259n ictimai ia\u015f\u0259 m\u00fc\u0259ssis\u0259l\u0259rind\u0259 reydl\u0259r davam etdirilir.<\/p>\n<p>Agentliyin \u0130nformasiya t\u0259minat\u0131 v\u0259 innovativ h\u0259ll\u0259r \u015f\u00f6b\u0259sind\u0259n AZ\u018fRTAC-a veril\u0259n m\u0259lumata g\u00f6r\u0259, \u0259m\u0259kda\u015flar t\u0259r\u0259find\u0259n 2020-ci il noyabr\u0131n 2-d\u0259 Bak\u0131, Sumqay\u0131t \u015f\u0259h\u0259rl\u0259ri, Ab\u015feron rayonu, el\u0259c\u0259 d\u0259 koronavirus (COVID-19) yoluxmalar\u0131n\u0131n artmas\u0131 m\u00fc\u015fahid\u0259 olunan \u015f\u0259h\u0259r v\u0259 rayonlar (G\u0259nc\u0259, \u015e\u0259ki, Quba, L\u0259nk\u0259ran, \u015e\u0259mkir, C\u0259lilabad, Sabirabad) \u00fczr\u0259 340 ictimai ia\u015f\u0259 obyektind\u0259 625 monitorinq ke\u00e7irilib. Sahibkarl\u0131q subyektl\u0259rin\u0259 qida t\u0259hl\u00fck\u0259sizliyi sah\u0259sind\u0259 qanunvericiliyin t\u0259l\u0259bl\u0259ri izah edilib, icras\u0131 m\u0259cburi g\u00f6st\u0259ri\u015fl\u0259r v\u0259 maarifl\u0259ndirici t\u00f6vsiy\u0259l\u0259r verilib.<\/p>\n<p>Reyd ke\u00e7iril\u0259n 22 ictimai ia\u015f\u0259 m\u00fc\u0259ssis\u0259sind\u0259 Nazirl\u0259r Kabinetinin q\u0259rar\u0131 il\u0259 t\u0259sdiq edilmi\u015f qaydalara \u0259m\u0259l olunmamas\u0131 v\u0259 kobud \u015f\u0259kild\u0259 pozulmas\u0131 faktlar\u0131 a\u015fkarlan\u0131b. A\u015fkarlanm\u0131\u015f faktlarla ba\u011fl\u0131 h\u0259min m\u00fc\u0259ssis\u0259l\u0259r bar\u0259d\u0259 qanunvericiliyin t\u0259l\u0259bl\u0259ri \u00e7\u0259r\u00e7iv\u0259sind\u0259 inzibati t\u0259dbirl\u0259r g\u00f6r\u00fcl\u00fcb.<\/p>\n<p>Apar\u0131lan reydl\u0259r zaman\u0131 sahibkarl\u0131q subyektl\u0259rind\u0259, \u0259sas\u0259n, i\u015f\u00e7i hey\u0259tin v\u0259 m\u00fc\u015ft\u0259ril\u0259rin tibbi maskadan istifad\u0259sin\u0259 n\u0259zar\u0259t edilm\u0259m\u0259si, h\u0259m\u00e7inin pandemiya d\u00f6vr\u00fcnd\u0259 ictimai ia\u015f\u0259 m\u00fc\u0259ssis\u0259l\u0259rinin qida q\u0259bulu zallar\u0131nda m\u00fc\u015ft\u0259ri q\u0259bulu zaman\u0131 adamba\u015f\u0131na m\u00fc\u0259yy\u0259n edil\u0259n s\u0131xl\u0131q normalar\u0131na riay\u0259t olunmamas\u0131 il\u0259 ba\u011fl\u0131 n\u00f6qsanlar a\u015fkarlan\u0131b.<\/p>\n<p>Nazirl\u0259r Kabinetinin m\u00fcvafiq q\u0259rar\u0131na \u0259sas\u0259n, qida q\u0259bulu zallar\u0131nda oturacaqlar\u0131n ara m\u0259saf\u0259si eyni masa arxas\u0131nda 1 metrd\u0259n, masalararas\u0131 m\u0259saf\u0259 is\u0259 2 metrd\u0259n az olmamal\u0131d\u0131r. Koronavirus (COVID-19) pandemiyas\u0131 d\u00f6vr\u00fcnd\u0259 ictimai ia\u015f\u0259 m\u00fc\u0259ssis\u0259l\u0259rind\u0259 m\u00fc\u015ft\u0259ri q\u0259bulu q\u00fcvv\u0259d\u0259 olan norma v\u0259 qaydalardan 2 d\u0259f\u0259 az olmal\u0131 v\u0259 m\u00fcvafiq olaraq, adamba\u015f\u0131na m\u00fc\u0259yy\u0259n edil\u0259n sah\u0259 ikiqat art\u0131r\u0131lmal\u0131d\u0131r.<\/p>\n","protected":false},"excerpt":{"rendered":"<p>\u00d6lk\u0259mizd\u0259 h\u0259rbi v\u0259ziyy\u0259tin elan olundu\u011fu, eyni zamanda x\u00fcsusi karantin rejiminin davam etdiyi bir \u015f\u0259raitd\u0259 \u0259halinin sa\u011flaml\u0131\u011f\u0131 v\u0259 t\u0259hl\u00fck\u0259sizliyinin t\u0259min olunmas\u0131 h\u0259r k\u0259sd\u0259n m\u00fcharib\u0259 d\u00f6vr\u00fcn\u00fcn \u015f\u0259rtl\u0259rin\u0259 uy\u011fun olaraq x\u00fcsusi yana\u015fma v\u0259 m\u0259suliyy\u0259t t\u0259l\u0259b edir. X\u00fcsusil\u0259, qida sah\u0259sind\u0259 f\u0259aliyy\u0259t g\u00f6st\u0259r\u0259n sahibkarl\u0131q subyektl\u0259ri x\u0259st\u0259liyin yay\u0131lmamas\u0131 \u00fc\u00e7\u00fcn \u0259ks-epidemik t\u0259dbirl\u0259r\u0259 ciddi riay\u0259t etm\u0259li, insanlar\u0131n s\u0131x topla\u015fd\u0131\u011f\u0131 ictimai ia\u015f\u0259 m\u00fc\u0259ssis\u0259l\u0259rind\u0259 karantin rejiminin t\u0259l\u0259bl\u0259rini daim diqq\u0259t m\u0259rk\u0259zind\u0259 saxlamal\u0131d\u0131rlar. Qida T\u0259hl\u00fck\u0259sizliyi Agentliyinin \u0259m\u0259kda\u015flar\u0131 t\u0259r\u0259find\u0259n bu sah\u0259d\u0259 aidiyy\u0259ti qurumlarla birg\u0259 h\u0259yata ke\u00e7iril\u0259n yoxlama-n\u0259zar\u0259t t\u0259dbirl\u0259ri zaman\u0131, t\u0259\u0259ss\u00fcfl\u0259r olsun ki, b\u0259zi ictimai ia\u015f\u0259 m\u00fc\u0259ssis\u0259l\u0259rinin sahibl\u0259ri v\u0259 m\u00fc\u015ft\u0259ril\u0259r t\u0259r\u0259find\u0259n bir s\u0131ra qaydalara&hellip;<\/p>\n","protected":false},"author":2,"featured_media":232208,"comment_status":"closed","ping_status":"closed","sticky":false,"template":"","format":"standard","meta":{"om_disable_all_campaigns":false,"_monsterinsights_skip_tracking":false,"_monsterinsights_sitenote_active":false,"_monsterinsights_sitenote_note":"","_monsterinsights_sitenote_category":0},"categories":[26],"tags":[],"aioseo_notices":[],"gutentor_comment":0,"rttpg_featured_image_url":{"full":["https:\/\/arantv.az\/wp-content\/uploads\/2020\/11\/16044027024645333568_1000x669.jpg",870,669,false],"landscape":["https:\/\/arantv.az\/wp-content\/uploads\/2020\/11\/16044027024645333568_1000x669.jpg",870,669,false],"portraits":["https:\/\/arantv.az\/wp-content\/uploads\/2020\/11\/16044027024645333568_1000x669.jpg",870,669,false],"thumbnail":["https:\/\/arantv.az\/wp-content\/uploads\/2020\/11\/16044027024645333568_1000x669-150x150.jpg",150,150,true],"medium":["https:\/\/arantv.az\/wp-content\/uploads\/2020\/11\/16044027024645333568_1000x669-300x231.jpg",300,231,true],"large":["https:\/\/arantv.az\/wp-content\/uploads\/2020\/11\/16044027024645333568_1000x669.jpg",640,492,false],"1536x1536":["https:\/\/arantv.az\/wp-content\/uploads\/2020\/11\/16044027024645333568_1000x669.jpg",870,669,false],"2048x2048":["https:\/\/arantv.az\/wp-content\/uploads\/2020\/11\/16044027024645333568_1000x669.jpg",870,669,false],"post-thumbnail":["https:\/\/arantv.az\/wp-content\/uploads\/2020\/11\/16044027024645333568_1000x669-240x172.jpg",240,172,true],"advps-thumb-one":["https:\/\/arantv.az\/wp-content\/uploads\/2020\/11\/16044027024645333568_1000x669-870x620.jpg",870,620,true]},"rttpg_author":{"display_name":"V\u00fcsal Rafiqo\u011flu","author_link":"https:\/\/arantv.az\/?author=2"},"rttpg_comment":0,"rttpg_category":"<a href=\"https:\/\/arantv.az\/?cat=26\" rel=\"category\">Sosial<\/a>","rttpg_excerpt":"\u00d6lk\u0259mizd\u0259 h\u0259rbi v\u0259ziyy\u0259tin elan olundu\u011fu, eyni zamanda x\u00fcsusi karantin rejiminin davam etdiyi bir \u015f\u0259raitd\u0259 \u0259halinin sa\u011flaml\u0131\u011f\u0131 v\u0259 t\u0259hl\u00fck\u0259sizliyinin t\u0259min olunmas\u0131 h\u0259r k\u0259sd\u0259n m\u00fcharib\u0259 d\u00f6vr\u00fcn\u00fcn \u015f\u0259rtl\u0259rin\u0259 uy\u011fun olaraq x\u00fcsusi yana\u015fma v\u0259 m\u0259suliyy\u0259t t\u0259l\u0259b edir. X\u00fcsusil\u0259, qida sah\u0259sind\u0259 f\u0259aliyy\u0259t g\u00f6st\u0259r\u0259n sahibkarl\u0131q subyektl\u0259ri x\u0259st\u0259liyin yay\u0131lmamas\u0131 \u00fc\u00e7\u00fcn \u0259ks-epidemik t\u0259dbirl\u0259r\u0259 ciddi riay\u0259t etm\u0259li, insanlar\u0131n s\u0131x topla\u015fd\u0131\u011f\u0131 ictimai ia\u015f\u0259 m\u00fc\u0259ssis\u0259l\u0259rind\u0259 karantin&hellip;","_links":{"self":[{"href":"https:\/\/arantv.az\/index.php?rest_route=\/wp\/v2\/posts\/232207"}],"collection":[{"href":"https:\/\/arantv.az\/index.php?rest_route=\/wp\/v2\/posts"}],"about":[{"href":"https:\/\/arantv.az\/index.php?rest_route=\/wp\/v2\/types\/post"}],"author":[{"embeddable":true,"href":"https:\/\/arantv.az\/index.php?rest_route=\/wp\/v2\/users\/2"}],"replies":[{"embeddable":true,"href":"https:\/\/arantv.az\/index.php?rest_route=%2Fwp%2Fv2%2Fcomments&post=232207"}],"version-history":[{"count":0,"href":"https:\/\/arantv.az\/index.php?rest_route=\/wp\/v2\/posts\/232207\/revisions"}],"wp:featuredmedia":[{"embeddable":true,"href":"https:\/\/arantv.az\/index.php?rest_route=\/wp\/v2\/media\/232208"}],"wp:attachment":[{"href":"https:\/\/arantv.az\/index.php?rest_route=%2Fwp%2Fv2%2Fmedia&parent=232207"}],"wp:term":[{"taxonomy":"category","embeddable":true,"href":"https:\/\/arantv.az\/index.php?rest_route=%2Fwp%2Fv2%2Fcategories&post=232207"},{"taxonomy":"post_tag","embeddable":true,"href":"https:\/\/arantv.az\/index.php?rest_route=%2Fwp%2Fv2%2Ftags&post=232207"}],"curies":[{"name":"wp","href":"https:\/\/api.w.org\/{rel}","templated":true}]}}