{"id":232227,"date":"2020-11-03T14:50:24","date_gmt":"2020-11-03T11:50:24","guid":{"rendered":"http:\/\/arantv.az\/?p=232227"},"modified":"2020-11-03T14:50:24","modified_gmt":"2020-11-03T11:50:24","slug":"hazirda-erm%c9%99nistan-silahli-quvv%c9%99l%c9%99rinin-t%c9%99rkibind%c9%99-muzdlular-xidm%c9%99t-gost%c9%99rir-prezidentin-kom%c9%99kcisi","status":"publish","type":"post","link":"https:\/\/arantv.az\/?p=232227","title":{"rendered":"Haz\u0131rda Erm\u0259nistan silahl\u0131 q\u00fcvv\u0259l\u0259rinin t\u0259rkibind\u0259 muzdlular xidm\u0259t g\u00f6st\u0259rir &#8211; Prezidentin k\u00f6m\u0259k\u00e7isi"},"content":{"rendered":"<p>Etibarl\u0131 m\u0259nb\u0259l\u0259rin m\u0259lumat\u0131na g\u00f6r\u0259, haz\u0131rda Erm\u0259nistan\u0131n Silahl\u0131 Q\u00fcvv\u0259l\u0259rinin t\u0259rkibind\u0259 Livan v\u0259 Suriyadan tutmu\u015f Avropa \u0130ttifaq\u0131n\u0131n \u00f6lk\u0259l\u0259rin\u0259, Kanadaya q\u0259d\u0259r olan muzdlular xidm\u0259t g\u00f6st\u0259rir.<\/p>\n<p><a href=\"http:\/\/az.trend.az\/\" target=\"_blank\" rel=\"noopener\">ARANTV.AZ Trend<\/a>-\u0259 istinad\u0259n bildirir ki,\u00a0bunu Prezidentinin k\u00f6m\u0259k\u00e7isi, Prezident Administrasiyas\u0131n\u0131n Xarici siyas\u0259t m\u0259s\u0259l\u0259l\u0259ri \u015f\u00f6b\u0259sinin m\u00fcdiri Hikm\u0259t Hac\u0131yev deyib.<\/p>\n<p>Onun s\u00f6zl\u0259rin\u0259 g\u00f6r\u0259, haz\u0131rda i\u015f\u011fal edilmi\u015f \u0259razil\u0259rimizd\u0259 muzdlular\u0131n yerl\u0259\u015fdirib v\u0259 onlardan Az\u0259rbaycan Silahl\u0131 Q\u00fcvv\u0259l\u0259rin\u0259 qar\u015f\u0131 istifad\u0259 edilir. Onlar\u0131n \u0259ks\u0259riyy\u0259tini erm\u0259ni \u0259silli insanlar t\u0259\u015fkil ets\u0259 d\u0259, aralar\u0131nda dig\u0259r etnik m\u0259nsubiyy\u0259t\u0259 m\u0259nsub olan insanlar da var.<\/p>\n<p>H.Hac\u0131yev qeyd edib ki, terror t\u0259\u015fkilat\u0131 a\u00e7\u0131q \u015f\u0259kild\u0259 internet vasit\u0259sil\u0259 m\u00fcxt\u0259lif \u00f6lk\u0259l\u0259rd\u0259n olan muzdlular\u0131 Erm\u0259nistana c\u0259lb edir v\u0259 bunun m\u00fcqabilind\u0259 onlara maddi m\u00fckafat v\u0259d edir.<\/p>\n<p>H.Hac\u0131yev qeyd edib ki, Az\u0259rbaycan\u0131n muzdlulara ehtiyac\u0131 yoxdur v\u0259 Az\u0259rbaycan Ordusu d\u00f6y\u00fc\u015f tap\u00e7\u015f\u0131r\u0131qlar\u0131n\u0131 layiqinc\u0259 yerin\u0259 yetirir.<\/p>\n","protected":false},"excerpt":{"rendered":"<p>Etibarl\u0131 m\u0259nb\u0259l\u0259rin m\u0259lumat\u0131na g\u00f6r\u0259, haz\u0131rda Erm\u0259nistan\u0131n Silahl\u0131 Q\u00fcvv\u0259l\u0259rinin t\u0259rkibind\u0259 Livan v\u0259 Suriyadan tutmu\u015f Avropa \u0130ttifaq\u0131n\u0131n \u00f6lk\u0259l\u0259rin\u0259, Kanadaya q\u0259d\u0259r olan muzdlular xidm\u0259t g\u00f6st\u0259rir. ARANTV.AZ Trend-\u0259 istinad\u0259n bildirir ki,\u00a0bunu Prezidentinin k\u00f6m\u0259k\u00e7isi, Prezident Administrasiyas\u0131n\u0131n Xarici siyas\u0259t m\u0259s\u0259l\u0259l\u0259ri \u015f\u00f6b\u0259sinin m\u00fcdiri Hikm\u0259t Hac\u0131yev deyib. Onun s\u00f6zl\u0259rin\u0259 g\u00f6r\u0259, haz\u0131rda i\u015f\u011fal edilmi\u015f \u0259razil\u0259rimizd\u0259 muzdlular\u0131n yerl\u0259\u015fdirib v\u0259 onlardan Az\u0259rbaycan Silahl\u0131 Q\u00fcvv\u0259l\u0259rin\u0259 qar\u015f\u0131 istifad\u0259 edilir. Onlar\u0131n \u0259ks\u0259riyy\u0259tini erm\u0259ni \u0259silli insanlar t\u0259\u015fkil ets\u0259 d\u0259, aralar\u0131nda dig\u0259r etnik m\u0259nsubiyy\u0259t\u0259 m\u0259nsub olan insanlar da var. H.Hac\u0131yev qeyd edib ki, terror t\u0259\u015fkilat\u0131 a\u00e7\u0131q \u015f\u0259kild\u0259 internet vasit\u0259sil\u0259 m\u00fcxt\u0259lif \u00f6lk\u0259l\u0259rd\u0259n olan muzdlular\u0131 Erm\u0259nistana c\u0259lb edir&hellip;<\/p>\n","protected":false},"author":2,"featured_media":232228,"comment_status":"closed","ping_status":"closed","sticky":false,"template":"","format":"standard","meta":{"om_disable_all_campaigns":false,"_monsterinsights_skip_tracking":false,"_monsterinsights_sitenote_active":false,"_monsterinsights_sitenote_note":"","_monsterinsights_sitenote_category":0},"categories":[19],"tags":[],"aioseo_notices":[],"gutentor_comment":0,"rttpg_featured_image_url":{"full":["https:\/\/arantv.az\/wp-content\/uploads\/2020\/11\/894476.jpg",448,242,false],"landscape":["https:\/\/arantv.az\/wp-content\/uploads\/2020\/11\/894476.jpg",448,242,false],"portraits":["https:\/\/arantv.az\/wp-content\/uploads\/2020\/11\/894476.jpg",448,242,false],"thumbnail":["https:\/\/arantv.az\/wp-content\/uploads\/2020\/11\/894476-150x150.jpg",150,150,true],"medium":["https:\/\/arantv.az\/wp-content\/uploads\/2020\/11\/894476-300x162.jpg",300,162,true],"large":["https:\/\/arantv.az\/wp-content\/uploads\/2020\/11\/894476.jpg",448,242,false],"1536x1536":["https:\/\/arantv.az\/wp-content\/uploads\/2020\/11\/894476.jpg",448,242,false],"2048x2048":["https:\/\/arantv.az\/wp-content\/uploads\/2020\/11\/894476.jpg",448,242,false],"post-thumbnail":["https:\/\/arantv.az\/wp-content\/uploads\/2020\/11\/894476-240x172.jpg",240,172,true],"advps-thumb-one":["https:\/\/arantv.az\/wp-content\/uploads\/2020\/11\/894476.jpg",448,242,false]},"rttpg_author":{"display_name":"V\u00fcsal Rafiqo\u011flu","author_link":"https:\/\/arantv.az\/?author=2"},"rttpg_comment":0,"rttpg_category":"<a href=\"https:\/\/arantv.az\/?cat=19\" rel=\"category\">G\u00fcnd\u0259m<\/a>","rttpg_excerpt":"Etibarl\u0131 m\u0259nb\u0259l\u0259rin m\u0259lumat\u0131na g\u00f6r\u0259, haz\u0131rda Erm\u0259nistan\u0131n Silahl\u0131 Q\u00fcvv\u0259l\u0259rinin t\u0259rkibind\u0259 Livan v\u0259 Suriyadan tutmu\u015f Avropa \u0130ttifaq\u0131n\u0131n \u00f6lk\u0259l\u0259rin\u0259, Kanadaya q\u0259d\u0259r olan muzdlular xidm\u0259t g\u00f6st\u0259rir. ARANTV.AZ Trend-\u0259 istinad\u0259n bildirir ki,\u00a0bunu Prezidentinin k\u00f6m\u0259k\u00e7isi, Prezident Administrasiyas\u0131n\u0131n Xarici siyas\u0259t m\u0259s\u0259l\u0259l\u0259ri \u015f\u00f6b\u0259sinin m\u00fcdiri Hikm\u0259t Hac\u0131yev deyib. Onun s\u00f6zl\u0259rin\u0259 g\u00f6r\u0259, haz\u0131rda i\u015f\u011fal edilmi\u015f \u0259razil\u0259rimizd\u0259 muzdlular\u0131n yerl\u0259\u015fdirib v\u0259 onlardan Az\u0259rbaycan Silahl\u0131 Q\u00fcvv\u0259l\u0259rin\u0259 qar\u015f\u0131 istifad\u0259&hellip;","_links":{"self":[{"href":"https:\/\/arantv.az\/index.php?rest_route=\/wp\/v2\/posts\/232227"}],"collection":[{"href":"https:\/\/arantv.az\/index.php?rest_route=\/wp\/v2\/posts"}],"about":[{"href":"https:\/\/arantv.az\/index.php?rest_route=\/wp\/v2\/types\/post"}],"author":[{"embeddable":true,"href":"https:\/\/arantv.az\/index.php?rest_route=\/wp\/v2\/users\/2"}],"replies":[{"embeddable":true,"href":"https:\/\/arantv.az\/index.php?rest_route=%2Fwp%2Fv2%2Fcomments&post=232227"}],"version-history":[{"count":0,"href":"https:\/\/arantv.az\/index.php?rest_route=\/wp\/v2\/posts\/232227\/revisions"}],"wp:featuredmedia":[{"embeddable":true,"href":"https:\/\/arantv.az\/index.php?rest_route=\/wp\/v2\/media\/232228"}],"wp:attachment":[{"href":"https:\/\/arantv.az\/index.php?rest_route=%2Fwp%2Fv2%2Fmedia&parent=232227"}],"wp:term":[{"taxonomy":"category","embeddable":true,"href":"https:\/\/arantv.az\/index.php?rest_route=%2Fwp%2Fv2%2Fcategories&post=232227"},{"taxonomy":"post_tag","embeddable":true,"href":"https:\/\/arantv.az\/index.php?rest_route=%2Fwp%2Fv2%2Ftags&post=232227"}],"curies":[{"name":"wp","href":"https:\/\/api.w.org\/{rel}","templated":true}]}}