{"id":232231,"date":"2020-11-03T14:51:08","date_gmt":"2020-11-03T11:51:08","guid":{"rendered":"http:\/\/arantv.az\/?p=232231"},"modified":"2020-11-03T14:51:08","modified_gmt":"2020-11-03T11:51:08","slug":"erm%c9%99nistan-h%c9%99rbcil%c9%99ri-dovl%c9%99t-s%c9%99rh%c9%99dind%c9%99ki-bolm%c9%99l%c9%99rimizi-at%c9%99s%c9%99-tutmaqla-bizi-t%c9%99xribata-c%c9%99km%c9%99k-ist%c9%99yir-anar-eyvazov","status":"publish","type":"post","link":"https:\/\/arantv.az\/?p=232231","title":{"rendered":"Erm\u0259nistan h\u0259rb\u00e7il\u0259ri d\u00f6vl\u0259t s\u0259rh\u0259dind\u0259ki b\u00f6lm\u0259l\u0259rimizi at\u0259\u015f\u0259 tutmaqla bizi t\u0259xribata \u00e7\u0259km\u0259k ist\u0259yir &#8211; Anar Eyvazov"},"content":{"rendered":"<p>Erm\u0259nistan h\u0259rb\u00e7il\u0259ri d\u00f6vl\u0259t s\u0259rh\u0259dind\u0259ki b\u00f6lm\u0259l\u0259rimizi at\u0259\u015f\u0259 tutmaqla bizi t\u0259xribata \u00e7\u0259km\u0259k ist\u0259yir. \u00d6t\u0259n m\u00fcdd\u0259t \u0259rzind\u0259 Berd, \u00c7\u0259mb\u0259r\u0259k, Qafan, Tovuz, Qubadl\u0131 v\u0259 C\u0259nbray\u0131ldak\u0131 b\u00f6lm\u0259l\u0259rimiz at\u0259\u015f\u0259 tutulub.<\/p>\n<p>ARANTV.AZ\u00a0<a href=\"http:\/\/az.trend.az\/\" target=\"_blank\" rel=\"noopener\">Trend<\/a>-\u0259 istinad\u0259n bildirir ki,\u00a0bunu bu g\u00fcn ke\u00e7iril\u0259n m\u0259tbuat konfrans\u0131nda M\u00fcdafi\u0259 Nazirliyinin M\u0259tbuat katibi, polkovnik-leytenant Anar Eyvazov deyib.<\/p>\n<p>O bildirib ki, Erm\u0259nistan silahl\u0131 q\u00fcvv\u0259l\u0259ri Erm\u0259nistan-Az\u0259rbaycan d\u00f6vl\u0259t s\u0259rh\u0259dind\u0259 yerl\u0259\u015f\u0259n m\u00f6vqel\u0259rimizi at\u0259\u015f\u0259 tutmaqla bizi t\u0259xribatlara \u00e7\u0259km\u0259k ist\u0259yir: &#8220;Haz\u0131rda A\u011fd\u0259r\u0259, Xocav\u0259nd, Z\u0259ngilan v\u0259 Qubadl\u0131 istiqam\u0259tind\u0259 d\u00f6y\u00fc\u015fl\u0259r gedir. D\u00fc\u015fm\u0259n itki ver\u0259r\u0259k geri \u00e7\u0259kilib. Qo\u015funlar\u0131m\u0131z \u0259m\u0259liyyat \u015f\u0259raitin\u0259 tam n\u0259zar\u0259t edir. D\u00fc\u015fm\u0259nd\u0259n f\u0259rqli olaraq Az\u0259rbaycan Silahl\u0131 Q\u00fcvv\u0259l\u0259ri qar\u015f\u0131 t\u0259r\u0259fin yaln\u0131z h\u0259rbi obyektl\u0259rini h\u0259d\u0259f se\u00e7ib. \u0130\u015f\u011fal edil\u0259n \u0259razil\u0259r\u0259 g\u0259tiril\u0259n muzdlular\u0131n silah\u0131 yer\u0259 qoyaraq geri \u00e7\u0259kilm\u0259si t\u00f6vsiy\u0259 olunur. Onlar erm\u0259nil\u0259rin hiyl\u0259sin\u0259 uymas\u0131nlar. Q\u0259l\u0259b\u0259 biziml\u0259dir&#8221;.<\/p>\n","protected":false},"excerpt":{"rendered":"<p>Erm\u0259nistan h\u0259rb\u00e7il\u0259ri d\u00f6vl\u0259t s\u0259rh\u0259dind\u0259ki b\u00f6lm\u0259l\u0259rimizi at\u0259\u015f\u0259 tutmaqla bizi t\u0259xribata \u00e7\u0259km\u0259k ist\u0259yir. \u00d6t\u0259n m\u00fcdd\u0259t \u0259rzind\u0259 Berd, \u00c7\u0259mb\u0259r\u0259k, Qafan, Tovuz, Qubadl\u0131 v\u0259 C\u0259nbray\u0131ldak\u0131 b\u00f6lm\u0259l\u0259rimiz at\u0259\u015f\u0259 tutulub. ARANTV.AZ\u00a0Trend-\u0259 istinad\u0259n bildirir ki,\u00a0bunu bu g\u00fcn ke\u00e7iril\u0259n m\u0259tbuat konfrans\u0131nda M\u00fcdafi\u0259 Nazirliyinin M\u0259tbuat katibi, polkovnik-leytenant Anar Eyvazov deyib. O bildirib ki, Erm\u0259nistan silahl\u0131 q\u00fcvv\u0259l\u0259ri Erm\u0259nistan-Az\u0259rbaycan d\u00f6vl\u0259t s\u0259rh\u0259dind\u0259 yerl\u0259\u015f\u0259n m\u00f6vqel\u0259rimizi at\u0259\u015f\u0259 tutmaqla bizi t\u0259xribatlara \u00e7\u0259km\u0259k ist\u0259yir: &#8220;Haz\u0131rda A\u011fd\u0259r\u0259, Xocav\u0259nd, Z\u0259ngilan v\u0259 Qubadl\u0131 istiqam\u0259tind\u0259 d\u00f6y\u00fc\u015fl\u0259r gedir. D\u00fc\u015fm\u0259n itki ver\u0259r\u0259k geri \u00e7\u0259kilib. Qo\u015funlar\u0131m\u0131z \u0259m\u0259liyyat \u015f\u0259raitin\u0259 tam n\u0259zar\u0259t edir. D\u00fc\u015fm\u0259nd\u0259n f\u0259rqli olaraq Az\u0259rbaycan Silahl\u0131 Q\u00fcvv\u0259l\u0259ri qar\u015f\u0131 t\u0259r\u0259fin yaln\u0131z h\u0259rbi obyektl\u0259rini h\u0259d\u0259f&hellip;<\/p>\n","protected":false},"author":2,"featured_media":232232,"comment_status":"closed","ping_status":"closed","sticky":false,"template":"","format":"standard","meta":{"om_disable_all_campaigns":false,"_monsterinsights_skip_tracking":false,"_monsterinsights_sitenote_active":false,"_monsterinsights_sitenote_note":"","_monsterinsights_sitenote_category":0},"categories":[10],"tags":[],"aioseo_notices":[],"gutentor_comment":0,"rttpg_featured_image_url":{"full":["https:\/\/arantv.az\/wp-content\/uploads\/2020\/11\/894477.jpg",845,700,false],"landscape":["https:\/\/arantv.az\/wp-content\/uploads\/2020\/11\/894477.jpg",845,700,false],"portraits":["https:\/\/arantv.az\/wp-content\/uploads\/2020\/11\/894477.jpg",845,700,false],"thumbnail":["https:\/\/arantv.az\/wp-content\/uploads\/2020\/11\/894477-150x150.jpg",150,150,true],"medium":["https:\/\/arantv.az\/wp-content\/uploads\/2020\/11\/894477-300x249.jpg",300,249,true],"large":["https:\/\/arantv.az\/wp-content\/uploads\/2020\/11\/894477.jpg",640,530,false],"1536x1536":["https:\/\/arantv.az\/wp-content\/uploads\/2020\/11\/894477.jpg",845,700,false],"2048x2048":["https:\/\/arantv.az\/wp-content\/uploads\/2020\/11\/894477.jpg",845,700,false],"post-thumbnail":["https:\/\/arantv.az\/wp-content\/uploads\/2020\/11\/894477-240x172.jpg",240,172,true],"advps-thumb-one":["https:\/\/arantv.az\/wp-content\/uploads\/2020\/11\/894477-845x620.jpg",845,620,true]},"rttpg_author":{"display_name":"V\u00fcsal Rafiqo\u011flu","author_link":"https:\/\/arantv.az\/?author=2"},"rttpg_comment":0,"rttpg_category":"<a href=\"https:\/\/arantv.az\/?cat=10\" rel=\"category\">C\u0259bh\u0259d\u0259n X\u0259b\u0259r<\/a>","rttpg_excerpt":"Erm\u0259nistan h\u0259rb\u00e7il\u0259ri d\u00f6vl\u0259t s\u0259rh\u0259dind\u0259ki b\u00f6lm\u0259l\u0259rimizi at\u0259\u015f\u0259 tutmaqla bizi t\u0259xribata \u00e7\u0259km\u0259k ist\u0259yir. \u00d6t\u0259n m\u00fcdd\u0259t \u0259rzind\u0259 Berd, \u00c7\u0259mb\u0259r\u0259k, Qafan, Tovuz, Qubadl\u0131 v\u0259 C\u0259nbray\u0131ldak\u0131 b\u00f6lm\u0259l\u0259rimiz at\u0259\u015f\u0259 tutulub. ARANTV.AZ\u00a0Trend-\u0259 istinad\u0259n bildirir ki,\u00a0bunu bu g\u00fcn ke\u00e7iril\u0259n m\u0259tbuat konfrans\u0131nda M\u00fcdafi\u0259 Nazirliyinin M\u0259tbuat katibi, polkovnik-leytenant Anar Eyvazov deyib. O bildirib ki, Erm\u0259nistan silahl\u0131 q\u00fcvv\u0259l\u0259ri Erm\u0259nistan-Az\u0259rbaycan d\u00f6vl\u0259t s\u0259rh\u0259dind\u0259 yerl\u0259\u015f\u0259n m\u00f6vqel\u0259rimizi at\u0259\u015f\u0259 tutmaqla bizi&hellip;","_links":{"self":[{"href":"https:\/\/arantv.az\/index.php?rest_route=\/wp\/v2\/posts\/232231"}],"collection":[{"href":"https:\/\/arantv.az\/index.php?rest_route=\/wp\/v2\/posts"}],"about":[{"href":"https:\/\/arantv.az\/index.php?rest_route=\/wp\/v2\/types\/post"}],"author":[{"embeddable":true,"href":"https:\/\/arantv.az\/index.php?rest_route=\/wp\/v2\/users\/2"}],"replies":[{"embeddable":true,"href":"https:\/\/arantv.az\/index.php?rest_route=%2Fwp%2Fv2%2Fcomments&post=232231"}],"version-history":[{"count":0,"href":"https:\/\/arantv.az\/index.php?rest_route=\/wp\/v2\/posts\/232231\/revisions"}],"wp:featuredmedia":[{"embeddable":true,"href":"https:\/\/arantv.az\/index.php?rest_route=\/wp\/v2\/media\/232232"}],"wp:attachment":[{"href":"https:\/\/arantv.az\/index.php?rest_route=%2Fwp%2Fv2%2Fmedia&parent=232231"}],"wp:term":[{"taxonomy":"category","embeddable":true,"href":"https:\/\/arantv.az\/index.php?rest_route=%2Fwp%2Fv2%2Fcategories&post=232231"},{"taxonomy":"post_tag","embeddable":true,"href":"https:\/\/arantv.az\/index.php?rest_route=%2Fwp%2Fv2%2Ftags&post=232231"}],"curies":[{"name":"wp","href":"https:\/\/api.w.org\/{rel}","templated":true}]}}