{"id":232243,"date":"2020-11-03T15:16:04","date_gmt":"2020-11-03T12:16:04","guid":{"rendered":"http:\/\/arantv.az\/?p=232243"},"modified":"2020-11-03T15:16:04","modified_gmt":"2020-11-03T12:16:04","slug":"q%c9%99rb-jurnalistl%c9%99ri-il%c9%99-musahib%c9%99l%c9%99rd%c9%99-prezident-ilham-%c9%99liyev-tam-bir-master-klass-kecir-tamam-c%c9%99f%c9%99rova","status":"publish","type":"post","link":"https:\/\/arantv.az\/?p=232243","title":{"rendered":"Q\u0259rb jurnalistl\u0259ri il\u0259 m\u00fcsahib\u0259l\u0259rd\u0259 Prezident \u0130lham \u018fliyev tam bir master-klass ke\u00e7ir &#8211; Tamam C\u0259f\u0259rova"},"content":{"rendered":"<p>Art\u0131q bir aydan \u00e7oxdur ki, Ali Ba\u015f Komandan \u0130lham \u018fliyevin r\u0259hb\u0259rliyi il\u0259 Az\u0259rbaycan\u0131n \u015eanl\u0131 Ordusu torpaqlar\u0131m\u0131z\u0131n azad olunmas\u0131 u\u011frunda ged\u0259n \u0259ks-h\u00fccum \u0259m\u0259liyyat\u0131n\u0131 b\u00f6y\u00fck q\u0259tiyy\u0259t v\u0259 \u015f\u00fcca\u0259tl\u0259 davam etdirir. \u00d6n c\u0259bh\u0259d\u0259 oldu\u011fu kimi, Prezident C\u0259nab \u0130lham \u018fliyev \u00f6lk\u0259mizin informasiya c\u0259bh\u0259sind\u0259 apard\u0131\u011f\u0131 m\u00fcbariz\u0259y\u0259 d\u0259 komandanl\u0131q edir.<\/p>\n<p>ARANTV.AZ\u00a0<a href=\"http:\/\/az.trend.az\/\" target=\"_blank\" rel=\"noopener\">Trend<\/a>-\u0259 istinad\u0259n bildirir ki,\u00a0bu s\u00f6zl\u0259ri C\u0259nab Prezident \u0130lham \u018fliyevin Almaniyan\u0131n &#8220;ARD&#8221; televiziya kanal\u0131na m\u00fcsahib\u0259sini \u015f\u0259rh ed\u0259rk\u0259n Milli M\u0259clisin deputat\u0131 Tamam C\u0259f\u0259rova deyib.<\/p>\n<p>Deputat qeyd edib ki, sentyabr ay\u0131n\u0131n 27-d\u0259n ba\u015flayaraq C\u0259nab Prezident d\u00fcnyan\u0131n \u0259n apar\u0131c\u0131 media qurumlar\u0131na m\u00fcsahib\u0259l\u0259r verir, Az\u0259rbaycan\u0131n haql\u0131 m\u00f6vqeyini d\u00fcnyaya \u00e7atd\u0131r\u0131r v\u0259 d\u00fcnya Az\u0259rbaycan h\u0259qiq\u0259tl\u0259rini birba\u015fa \u00f6lk\u0259nin Birinci \u015f\u0259xsinin dilind\u0259n e\u015fidir. Lakin Az\u0259rbaycan Ordusu c\u0259bh\u0259d\u0259 yeni u\u011furlar \u0259ld\u0259 etdikc\u0259, Q\u0259rbin x\u00fcsusi m\u0259tb\u0259xl\u0259rind\u0259 haz\u0131rlanm\u0131\u015f t\u0259xribat\u00e7\u0131 jurnalistl\u0259r daha q\u0259r\u0259zli suallar verir, prokuror \u0259das\u0131 il\u0259 dan\u0131\u015f\u0131rlar. Buna baxmayaraq, C\u0259nab Prezident qar\u015f\u0131s\u0131ndak\u0131n\u0131n kim oldu\u011funu, onun q\u0259r\u0259zli niyy\u0259tini g\u00f6rs\u0259 d\u0259, onlar\u0131n jurnalist etikas\u0131ndan uzaq davran\u0131\u015flar\u0131 qar\u015f\u0131s\u0131nda pe\u015f\u0259kar siyas\u0259t\u00e7iy\u0259, d\u00fcnya s\u0259viyy\u0259li lider\u0259 m\u0259xsus b\u00f6y\u00fck s\u0259br, q\u0259tiyy\u0259t, soyuqqanl\u0131l\u0131q n\u00fcmayi\u015f etdirir, onlara tarix, beyn\u0259lxalq h\u00fcquq d\u0259rsi ke\u00e7ir.<\/p>\n<p>Mill\u0259t v\u0259kili a\u00e7\u0131qlamas\u0131nda x\u00fcsusil\u0259 qeyd edib ki, C\u0259nab Prezidentin xarici mediaya verdiyi m\u00fcsahib\u0259l\u0259rind\u0259 d\u0259f\u0259l\u0259rl\u0259 t\u0259krarlanan bir \u00e7ox feyk x\u0259b\u0259rl\u0259ri t\u0259kzib etm\u0259li oldu\u011funu g\u00f6r\u00fcr\u00fck. M\u0259s\u0259l\u0259n, Yaponiyan\u0131n &#8220;Nikkei&#8221; q\u0259zetin\u0259, Fransan\u0131n &#8220;Le Figaro&#8221;, Amerikan\u0131n &#8220;Fox News&#8221; informasiya agentliyin\u0259 m\u00fcsahib\u0259l\u0259rind\u0259 C\u0259nab Prezident at\u0259\u015fk\u0259si Az\u0259rbaycan\u0131n yox Erm\u0259nistan\u0131n pozdu\u011funu vur\u011fulamas\u0131na baxmayaraq, Almaniyan\u0131n &#8220;ARD&#8221; televiziyas\u0131n\u0131n m\u00fcxbirinin bu bar\u0259d\u0259 sual\u0131 t\u0259krarlamas\u0131 onun qeyri-pe\u015f\u0259karl\u0131\u011f\u0131n\u0131n v\u0259 q\u0259r\u0259zli yana\u015fmas\u0131n\u0131n bariz n\u00fcmun\u0259sidir. H\u0259m\u00e7inin, m\u00fcsahib\u0259 \u0259rzind\u0259 &#8220;ARD&#8221; televiziyas\u0131n\u0131n m\u00fcxbirinin bu q\u0259bild\u0259n olan bir ne\u00e7\u0259 feyk informasiyalar\u0131 x\u00fcsusi q\u0259r\u0259zlilikl\u0259 vur\u011fulad\u0131\u011f\u0131n\u0131n \u015fahidi olduq. \u00c7\u00fcnki, bu t\u0259xribat xarakterli m\u00fcnasib\u0259t Az\u0259rbaycan Ordusunun c\u0259bh\u0259d\u0259 qazand\u0131\u011f\u0131 u\u011furlarla birba\u015fa \u0259laq\u0259lidir. Bel\u0259 ki, Az\u0259rbaycan\u0131n m\u00fcz\u0259ff\u0259r ordusu h\u0259r g\u00fcn yeni k\u0259ndl\u0259ri, q\u0259s\u0259b\u0259l\u0259ri, \u015f\u0259h\u0259rl\u0259ri d\u00fc\u015fm\u0259n i\u015f\u011fal\u0131ndan azad etdikc\u0259, Q\u0259rb jurnalistl\u0259ri C\u0259nab Prezident\u0259 daha da m\u0259krli, q\u0259r\u0259zli, jurnalist etikas\u0131ndan k\u0259nar m\u00fcnasib\u0259t n\u00fcmayi\u015f etdirirl\u0259r. G\u00f6r\u00fcn\u0259n odur ki, \u00f6n c\u0259bh\u0259d\u0259 M\u00fcz\u0259ff\u0259r Ordumuz d\u00fc\u015fm\u0259nin at\u0259\u015f n\u00f6qt\u0259l\u0259rini s\u0259rrast at\u0259\u015fl\u0259 susdurdu\u011fu kimi, C\u0259nab Prezident informasiya c\u0259bh\u0259sind\u0259 d\u0259 \u00f6z q\u0259tiyy\u0259tli cavablar\u0131 il\u0259 feyk informasiyalar\u0131 darmada\u011f\u0131n edir v\u0259 &#8220;d\u00fc\u015fm\u0259n&#8221; Az\u0259rbaycan Respublikas\u0131n\u0131n Prezidentinin q\u0259tiyy\u0259ti, savad\u0131 qar\u015f\u0131s\u0131nda geri \u00e7\u0259kilir.<\/p>\n<p>Tamam C\u0259f\u0259rova bildirdi ki, Az\u0259rbaycan arsenal\u0131nda olan \u0130srail v\u0259 T\u00fcrkiy\u0259 dronlar\u0131 bar\u0259d\u0259 jurnalistin t\u0259xribat xarakterli sual\u0131na C\u0259nab Prezident bir daha ayd\u0131nl\u0131q g\u0259tirmi\u015fdir. Az\u0259rbaycan arsenal\u0131nda olan \u0130srail dronlar\u0131na arxay\u0131n olaraq m\u00fcharib\u0259y\u0259 ba\u015flamay\u0131b. Bu dronlar \u0259vv\u0259ld\u0259n d\u0259 var idi. Sad\u0259c\u0259, bu d\u0259f\u0259 t\u0259xribat\u0131n miqyas\u0131 b\u00f6y\u00fck idi v\u0259 Erm\u0259nistan h\u0259l\u0259 d\u0259 h\u00fccumu dayand\u0131rmad\u0131\u011f\u0131ndan at\u0259\u015fk\u0259s \u0259ld\u0259 olunmur. H\u0259m\u00e7inin, &#8220;Amnesty \u0130nternational&#8221; v\u0259 &#8220;Human Rights Watch&#8221; t\u0259\u015fkilatlar\u0131n\u0131n Az\u0259rbaycan\u0131n kaset bombalardan istifad\u0259 etm\u0259si haqda iddias\u0131 yaland\u0131r. Ordumuzun yet\u0259rinc\u0259 m\u00fcasir silahlar\u0131 var v\u0259 bel\u0259 bir \u0259lav\u0259 silaha ehtiyac\u0131 yoxdur. Jurnalistin &#8220;n\u0259y\u0259 g\u00f6r\u0259 Qaraba\u011f Az\u0259rbaycan \u00fc\u00e7\u00fcn bel\u0259 \u00f6n\u0259mlidir? Orada resurslar var, yoxsa bu, bir r\u0259mzi m\u0259na da\u015f\u0131y\u0131r?&#8221; sual\u0131na C\u0259nab Prezidentin art\u0131q dill\u0259r \u0259zb\u0259ri olan cavab\u0131 qar\u015f\u0131s\u0131nda t\u0259xribat\u00e7\u0131 jurnalist ba\u015f d\u00fc\u015fd\u00fc ki, sahibl\u0259rinin onun qar\u015f\u0131s\u0131na qoydu\u011fu v\u0259zif\u0259ni yerin\u0259 yetir\u0259 bilm\u0259di: &#8220;Elzas v\u0259 Lataringe sizin \u00fc\u00e7\u00fcn \u00f6n\u0259mlidir? Bavariya sizin \u00fc\u00e7\u00fcn \u00f6n\u0259mlidir? Yaxud Reyn-Vestfaliya? Bu, bizim torpaqd\u0131r, beyn\u0259lxalq s\u0259viyy\u0259d\u0259 tan\u0131nan bizim \u0259razimizdir. Bu, resurslar m\u0259s\u0259l\u0259si deyil. \u018fsas resurslar burada, Bak\u0131dad\u0131r. Bu, \u0259dal\u0259t m\u0259s\u0259l\u0259sidir, bu, milli q\u00fcrur m\u0259s\u0259l\u0259sidir v\u0259 bu, beyn\u0259lxalq h\u00fcquq m\u0259s\u0259l\u0259sidir&#8221;.<\/p>\n<p>B\u00fct\u00fcn bunlarla yana\u015f\u0131 C\u0259nab Prezident &#8220;d\u00fcnya \u00fczr\u0259 \u0259ks\u0259r tarix\u00e7il\u0259r&#8221; ifad\u0259sinin yaln\u0131\u015f oldu\u011funu vur\u011fulayaraq, h\u0259r d\u0259f\u0259 m\u00fcsahibl\u0259rind\u0259 Q\u0259rb jurnalistl\u0259rin\u0259 b\u0259sit tarixi h\u0259qiq\u0259tl\u0259ri izah edir, onlara m\u0259nb\u0259l\u0259rl\u0259 i\u015fl\u0259m\u0259k d\u0259rsi ke\u00e7ir. Biz bunu bir daha &#8220;ARD&#8221; televiziyas\u0131na m\u00fcsahib\u0259sind\u0259 g\u00f6rd\u00fck.<br \/>\nH\u0259m\u00e7inin T.C\u0259f\u0259rova qeyd edib ki, C\u0259nab Prezident h\u0259r d\u0259f\u0259 oldu\u011fu kimi, bu d\u0259f\u0259 d\u0259 erm\u0259nil\u0259rin deyil, az\u0259rbaycanl\u0131lar\u0131n etnik t\u0259mizl\u0259m\u0259y\u0259 m\u0259ruz qalmas\u0131, ordumuz i\u015f\u011fal olunmu\u015f \u0259razil\u0259rimizi azad etdikd\u0259n sonra bir milyon k\u00f6\u00e7k\u00fcn\u00fcn \u00f6z yurd-yuvas\u0131na qay\u0131daca\u011f\u0131 il\u0259 ba\u011fl\u0131 mesajlar\u0131 d\u00fcnyaya \u00e7atd\u0131rd\u0131. Ali Ba\u015f Komandan \u0130lham \u018fliyev a\u00e7\u0131qlamas\u0131nda bir daha vur\u011fulad\u0131 ki, &#8220;Az\u0259rbaycanl\u0131lar etnik t\u0259mizl\u0259m\u0259y\u0259 m\u0259ruz qalm\u0131\u015flar. Erm\u0259nistan Da\u011fl\u0131q Qaraba\u011f\u0131 v\u0259 7 \u0259traf rayonu i\u015f\u011fal ed\u0259nd\u0259 750 min az\u0259rbaycanl\u0131 etnik t\u0259mizl\u0259m\u0259y\u0259 m\u0259ruz qald\u0131&#8221;.<\/p>\n<p>Eyni zamanda qeyd etm\u0259liyik ki, \u015eu\u015fada kils\u0259nin m\u0259qs\u0259dy\u00f6nl\u00fc vurulmas\u0131 x\u0259b\u0259ri yalan olmas\u0131na baxmayaraq, h\u0259r d\u0259f\u0259 Q\u0259rb jurnalistl\u0259ri bu m\u0259s\u0259l\u0259ni vur\u011fulay\u0131rlar. Halbuki, bunu erm\u0259nil\u0259rin \u00f6zl\u0259rinin etmi\u015f olmas\u0131 he\u00e7 d\u0259 istisna deyil. H\u0259r birimiz\u0259 m\u0259lumdur ki, Bak\u0131da erm\u0259ni kils\u0259si v\u0259 kitabxanas\u0131 hifz olunur, i\u015f\u011fal olunmu\u015f rayonlar\u0131m\u0131zda is\u0259 m\u0259scidl\u0259rimizin v\u0259ziyy\u0259ti g\u00f6z qaba\u011f\u0131ndad\u0131r. M\u00fcs\u0259lmanlar\u0131n ibad\u0259t yerl\u0259ri 27 il \u0259rzind\u0259 t\u0259hqir olunmu\u015fdur. Az\u0259rbaycan\u0131n M\u00fcz\u0259ff\u0259r Ordusu beyn\u0259lxalq h\u00fcququ b\u0259rpa etm\u0259kl\u0259 yana\u015f\u0131 bu t\u0259hqir\u0259 d\u0259 son qoyur.<\/p>\n<p>T.C\u0259f\u0259rova bildirib ki, &#8220;ARD&#8221; televiziyas\u0131n\u0131n jurnalisti m\u00fcsahib\u0259d\u0259 tez-tez feyk x\u0259b\u0259r\u0259 istinad etmi\u015fdir. Bel\u0259 ki, m\u00fcxbirin s\u00fclh t\u0259bli\u011fin\u0259 g\u00f6r\u0259 Az\u0259rbaycanda h\u0259bsl\u0259r haqda q\u0259r\u0259zli v\u0259 m\u0259krli sual\u0131, h\u0259m\u00e7inin, \u0130kinci Qaraba\u011f m\u00fcharib\u0259sinin iqtidar\u0131n xalq\u0131 \u00f6z \u0259traf\u0131nda birl\u0259\u015fdirm\u0259si, demokratiya v\u0259 insan haqlar\u0131 il\u0259 ba\u011fl\u0131 \u00f6lk\u0259d\u0259ki probleml\u0259rd\u0259n diqq\u0259ti yay\u0131nd\u0131rmaq \u00fc\u00e7\u00fcn ba\u015flad\u0131ld\u0131\u011f\u0131 haqda deyil\u0259nl\u0259r d\u0259 Prezidentin g\u0259tirdiyi iqtisadi statistika il\u0259 q\u0259tiyy\u0259tl\u0259 t\u0259kzib olunur. Bel\u0259 bir iddialar\u0131n s\u0259sl\u0259ndirilm\u0259si Q\u0259rb medias\u0131n\u0131n bir \u00e7ox hallarda erm\u0259ni feykl\u0259ri il\u0259 i\u015fl\u0259m\u0259sini g\u00f6st\u0259rir.<\/p>\n<p>Sonda T.C\u0259f\u0259rova x\u00fcsusi vur\u011fulad\u0131 ki, Q\u0259rb jurnalistl\u0259ri il\u0259 m\u00fcsahib\u0259l\u0259rd\u0259 C\u0259nab Prezident \u0130lham \u018fliyev tam bir master-klass ke\u00e7ir. Bununla yanas\u0131, m\u00fcsahib\u0259l\u0259r h\u0259min K\u0130V-l\u0259rin q\u0259r\u0259zini v\u0259 pe\u015f\u0259kar jurnalistikadan uzaq olduqlar\u0131n\u0131 g\u00f6st\u0259rir. N\u0259d\u0259ns\u0259 ARD m\u00fcxbiri &#8220;Amnesty International&#8221; v\u0259 &#8220;Human Rights Watch&#8221; t\u0259\u015fkilatlar\u0131n\u0131n Erm\u0259nistan silahl\u0131 q\u00fcvv\u0259l\u0259rinin B\u0259rd\u0259y\u0259 qada\u011fan olunmu\u015f kasetli raketl\u0259rl\u0259 z\u0259rb\u0259l\u0259r endirdiyini t\u0259sdiql\u0259m\u0259si fakt\u0131n\u0131n \u00fcst\u00fcnd\u0259n ke\u00e7ir. Q\u0259rbin apar\u0131c\u0131 K\u0130V-l\u0259rind\u0259n g\u0259lmi\u015f jurnalistl\u0259r suallar\u0131 prokuror \u0259das\u0131 il\u0259 verir, faktlar\u0131 d\u0259qiql\u0259\u015fdirmir, xristian t\u0259\u0259ss\u00fcbke\u015fliyi edir, m\u00fcsahibi il\u0259 polemikaya girm\u0259y\u0259 c\u0259hd edirl\u0259r. Bunlar media prinsipl\u0259rin\u0259 ziddir. Az\u0259rbaycan medias\u0131 v\u0259 QHT-l\u0259rl\u0259 ba\u011fl\u0131 Q\u0259rb qrantlar\u0131n\u0131n t\u0259yinat\u0131n\u0131n he\u00e7 d\u0259 median\u0131n, s\u00f6z azadl\u0131\u011f\u0131n\u0131n inki\u015faf\u0131na xidm\u0259t etm\u0259diyini s\u00fcbut etm\u0259k \u00fc\u00e7\u00fcn bu g\u00fcnl\u0259r Q\u0259rb medias\u0131n\u0131n s\u0259rgil\u0259diyi m\u00f6vqeyi xat\u0131rlatmaq laz\u0131md\u0131r. Bel\u0259likl\u0259, bir daha Q\u0259rb media standartlar\u0131 deyil\u0259n t\u0259bli\u011fat\u0131n m\u0259nas\u0131zl\u0131\u011f\u0131 s\u00fcbut olunur.<\/p>\n","protected":false},"excerpt":{"rendered":"<p>Art\u0131q bir aydan \u00e7oxdur ki, Ali Ba\u015f Komandan \u0130lham \u018fliyevin r\u0259hb\u0259rliyi il\u0259 Az\u0259rbaycan\u0131n \u015eanl\u0131 Ordusu torpaqlar\u0131m\u0131z\u0131n azad olunmas\u0131 u\u011frunda ged\u0259n \u0259ks-h\u00fccum \u0259m\u0259liyyat\u0131n\u0131 b\u00f6y\u00fck q\u0259tiyy\u0259t v\u0259 \u015f\u00fcca\u0259tl\u0259 davam etdirir. \u00d6n c\u0259bh\u0259d\u0259 oldu\u011fu kimi, Prezident C\u0259nab \u0130lham \u018fliyev \u00f6lk\u0259mizin informasiya c\u0259bh\u0259sind\u0259 apard\u0131\u011f\u0131 m\u00fcbariz\u0259y\u0259 d\u0259 komandanl\u0131q edir. ARANTV.AZ\u00a0Trend-\u0259 istinad\u0259n bildirir ki,\u00a0bu s\u00f6zl\u0259ri C\u0259nab Prezident \u0130lham \u018fliyevin Almaniyan\u0131n &#8220;ARD&#8221; televiziya kanal\u0131na m\u00fcsahib\u0259sini \u015f\u0259rh ed\u0259rk\u0259n Milli M\u0259clisin deputat\u0131 Tamam C\u0259f\u0259rova deyib. Deputat qeyd edib ki, sentyabr ay\u0131n\u0131n 27-d\u0259n ba\u015flayaraq C\u0259nab Prezident d\u00fcnyan\u0131n \u0259n apar\u0131c\u0131 media qurumlar\u0131na m\u00fcsahib\u0259l\u0259r verir, Az\u0259rbaycan\u0131n haql\u0131 m\u00f6vqeyini d\u00fcnyaya \u00e7atd\u0131r\u0131r v\u0259 d\u00fcnya&hellip;<\/p>\n","protected":false},"author":2,"featured_media":232244,"comment_status":"closed","ping_status":"closed","sticky":false,"template":"","format":"standard","meta":{"om_disable_all_campaigns":false,"_monsterinsights_skip_tracking":false,"_monsterinsights_sitenote_active":false,"_monsterinsights_sitenote_note":"","_monsterinsights_sitenote_category":0},"categories":[19],"tags":[],"aioseo_notices":[],"gutentor_comment":0,"rttpg_featured_image_url":{"full":["https:\/\/arantv.az\/wp-content\/uploads\/2020\/11\/894484.jpg",660,440,false],"landscape":["https:\/\/arantv.az\/wp-content\/uploads\/2020\/11\/894484.jpg",660,440,false],"portraits":["https:\/\/arantv.az\/wp-content\/uploads\/2020\/11\/894484.jpg",660,440,false],"thumbnail":["https:\/\/arantv.az\/wp-content\/uploads\/2020\/11\/894484-150x150.jpg",150,150,true],"medium":["https:\/\/arantv.az\/wp-content\/uploads\/2020\/11\/894484-300x200.jpg",300,200,true],"large":["https:\/\/arantv.az\/wp-content\/uploads\/2020\/11\/894484.jpg",640,427,false],"1536x1536":["https:\/\/arantv.az\/wp-content\/uploads\/2020\/11\/894484.jpg",660,440,false],"2048x2048":["https:\/\/arantv.az\/wp-content\/uploads\/2020\/11\/894484.jpg",660,440,false],"post-thumbnail":["https:\/\/arantv.az\/wp-content\/uploads\/2020\/11\/894484-240x172.jpg",240,172,true],"advps-thumb-one":["https:\/\/arantv.az\/wp-content\/uploads\/2020\/11\/894484.jpg",660,440,false]},"rttpg_author":{"display_name":"V\u00fcsal Rafiqo\u011flu","author_link":"https:\/\/arantv.az\/?author=2"},"rttpg_comment":0,"rttpg_category":"<a href=\"https:\/\/arantv.az\/?cat=19\" rel=\"category\">G\u00fcnd\u0259m<\/a>","rttpg_excerpt":"Art\u0131q bir aydan \u00e7oxdur ki, Ali Ba\u015f Komandan \u0130lham \u018fliyevin r\u0259hb\u0259rliyi il\u0259 Az\u0259rbaycan\u0131n \u015eanl\u0131 Ordusu torpaqlar\u0131m\u0131z\u0131n azad olunmas\u0131 u\u011frunda ged\u0259n \u0259ks-h\u00fccum \u0259m\u0259liyyat\u0131n\u0131 b\u00f6y\u00fck q\u0259tiyy\u0259t v\u0259 \u015f\u00fcca\u0259tl\u0259 davam etdirir. \u00d6n c\u0259bh\u0259d\u0259 oldu\u011fu kimi, Prezident C\u0259nab \u0130lham \u018fliyev \u00f6lk\u0259mizin informasiya c\u0259bh\u0259sind\u0259 apard\u0131\u011f\u0131 m\u00fcbariz\u0259y\u0259 d\u0259 komandanl\u0131q edir. ARANTV.AZ\u00a0Trend-\u0259 istinad\u0259n bildirir ki,\u00a0bu s\u00f6zl\u0259ri C\u0259nab Prezident \u0130lham \u018fliyevin Almaniyan\u0131n &#8220;ARD&#8221;&hellip;","_links":{"self":[{"href":"https:\/\/arantv.az\/index.php?rest_route=\/wp\/v2\/posts\/232243"}],"collection":[{"href":"https:\/\/arantv.az\/index.php?rest_route=\/wp\/v2\/posts"}],"about":[{"href":"https:\/\/arantv.az\/index.php?rest_route=\/wp\/v2\/types\/post"}],"author":[{"embeddable":true,"href":"https:\/\/arantv.az\/index.php?rest_route=\/wp\/v2\/users\/2"}],"replies":[{"embeddable":true,"href":"https:\/\/arantv.az\/index.php?rest_route=%2Fwp%2Fv2%2Fcomments&post=232243"}],"version-history":[{"count":0,"href":"https:\/\/arantv.az\/index.php?rest_route=\/wp\/v2\/posts\/232243\/revisions"}],"wp:featuredmedia":[{"embeddable":true,"href":"https:\/\/arantv.az\/index.php?rest_route=\/wp\/v2\/media\/232244"}],"wp:attachment":[{"href":"https:\/\/arantv.az\/index.php?rest_route=%2Fwp%2Fv2%2Fmedia&parent=232243"}],"wp:term":[{"taxonomy":"category","embeddable":true,"href":"https:\/\/arantv.az\/index.php?rest_route=%2Fwp%2Fv2%2Fcategories&post=232243"},{"taxonomy":"post_tag","embeddable":true,"href":"https:\/\/arantv.az\/index.php?rest_route=%2Fwp%2Fv2%2Ftags&post=232243"}],"curies":[{"name":"wp","href":"https:\/\/api.w.org\/{rel}","templated":true}]}}