{"id":232382,"date":"2020-11-04T11:16:05","date_gmt":"2020-11-04T08:16:05","guid":{"rendered":"http:\/\/arantv.az\/?p=232382"},"modified":"2020-11-04T11:16:05","modified_gmt":"2020-11-04T08:16:05","slug":"ali-bas-komandan-umumilikd%c9%99-qafqazin-yeni-t%c9%99hluk%c9%99sizlik-sistemini-formalasdirir-ramil-usubov","status":"publish","type":"post","link":"https:\/\/arantv.az\/?p=232382","title":{"rendered":"&#8220;Ali Ba\u015f Komandan \u00fcmumilikd\u0259 Qafqaz\u0131n yeni t\u0259hl\u00fck\u0259sizlik sistemini formala\u015fd\u0131r\u0131r&#8221; &#8211; Ramil Usubov"},"content":{"rendered":"<blockquote><p><em><strong>Ali Ba\u015f Komandan\u0131m\u0131z indi t\u0259k Az\u0259rbaycan\u0131n deyil, \u00fcmumilikd\u0259 Qafqaz\u0131n yeni t\u0259hl\u00fck\u0259sizlik sistemini formala\u015fd\u0131r\u0131r.<\/strong><\/em><\/p><\/blockquote>\n<p>ARANTV.AZ\u00a0<a href=\"http:\/\/az.trend.az\/\" target=\"_blank\" rel=\"noopener\">Trend<\/a>-\u0259 istinad\u0259n bildirir ki,\u00a0bunu Az\u0259rbaycan Respublikas\u0131n\u0131n T\u0259hl\u00fck\u0259sizlik \u015euras\u0131n\u0131n katibi, general-polkovnik Ramil Usubov deyib. General-polkovnik bu proses\u0259 lokal m\u00fcst\u0259vid\u0259 &#8211; Az\u0259rbaycan miqyas\u0131nda bax\u0131lmas\u0131 il\u0259 raz\u0131la\u015fmad\u0131\u011f\u0131n\u0131 deyib: &#8220;Liderimizin f\u0259aliyy\u0259tinin m\u00fch\u00fcm qlobal t\u0259sir g\u00fcc\u00fc var ki, bu, Qafqaz b\u00f6lg\u0259sin\u0259 d\u0259 t\u0259sirsiz \u00f6t\u00fc\u015fm\u0259y\u0259c\u0259k v\u0259 n\u0259tic\u0259 etibaril\u0259 h\u0259tta Avroatlantik m\u0259kanda yeni korrektl\u0259r\u0259, m\u00fch\u00fcm d\u00fcz\u0259li\u015fl\u0259r\u0259 r\u0259vac ver\u0259c\u0259k.<\/p>\n<p>\u018fsrl\u0259r boyu \u00e7oxsayl\u0131 m\u00fcnaqi\u015f\u0259l\u0259rin, etnik \u00e7axna\u015fmalar\u0131n, dini t\u0259friq\u0259l\u0259rin, separat\u00e7\u0131l\u0131q sava\u015flar\u0131n\u0131n h\u0259d\u0259fi olan Qafqaz b\u00f6lg\u0259si m\u00f6ht\u0259r\u0259m Prezidentimizin say\u0259sind\u0259 s\u00fclh\u0259, etibarl\u0131 t\u0259hl\u00fck\u0259sizlik m\u00fchitin\u0259 qovu\u015facaq&#8221;.<\/p>\n<p>R.Usubov bildirib ki, c\u0259nab \u0130lham \u018fliyevin Az\u0259rbaycan\u0131n timsal\u0131nda b\u00fct\u00fcn Qafqazda yaradaca\u011f\u0131 yeni t\u0259hl\u00fck\u0259sizlik konfiqurasiyas\u0131 b\u00f6lg\u0259nin q\u0259dimd\u0259n indiy\u0259d\u0259k davam ed\u0259n sava\u015flar v\u0259 itkil\u0259r tarixini, m\u0259nz\u0259r\u0259sini tamamil\u0259 d\u0259yi\u015fdirm\u0259k g\u00fcc\u00fcnd\u0259dir: &#8220;O, Qaraba\u011fa tarixi \u0259dal\u0259t, Qafqaza is\u0259 davaml\u0131 s\u00fclh v\u0259 m\u00f6hk\u0259m t\u0259hl\u00fck\u0259sizlik g\u0259tirir. M\u00f6ht\u0259r\u0259m c\u0259nab Prezidentin Qaraba\u011f b\u00f6lg\u0259sind\u0259 yaratd\u0131\u011f\u0131 yeni durum \u0259slind\u0259 b\u00fct\u00fcn b\u00f6lg\u0259d\u0259 m\u00fcnaqi\u015f\u0259 ocaqlar\u0131n\u0131n s\u00f6nm\u0259sin\u0259, etnik separatizmin cilovlanmas\u0131na t\u0259kan ver\u0259c\u0259k. H\u0259m d\u0259 y\u00fczillikl\u0259r boyu f\u00f6vq\u0259ld\u00f6vl\u0259tl\u0259rin toqqu\u015fan maraqlar\u0131 z\u0259minind\u0259 qaynar n\u00f6qt\u0259y\u0259 \u00e7evril\u0259n Qafqazda art\u0131q m\u0259lum g\u00fccl\u0259rin t\u0259sir v\u0259 t\u0259zyiql\u0259ri d\u0259 minimuma en\u0259c\u0259k.<\/p>\n<p>Az\u0259rbaycan Prezidenti d\u0259f\u0259l\u0259rl\u0259 b\u0259yan edib ki, bu m\u00fcnaqi\u015f\u0259nin \u0259n b\u00f6y\u00fck ziyan\u0131n\u0131 erm\u0259ni xalq\u0131 \u00e7\u0259kir. M\u0259hdud iqtisadi potensiala malik bu \u00f6lk\u0259nin v\u0259t\u0259nda\u015flar\u0131 c\u00fczi b\u00fcdc\u0259l\u0259rinin \u0259sas\u0259n \u0259dal\u0259tsiz sava\u015fa y\u00f6n\u0259lm\u0259si v\u0259 d\u00f6vl\u0259tl\u0259rinin b\u00fct\u00fcn enerji v\u0259 logistik layih\u0259l\u0259rd\u0259n k\u0259narda saxlan\u0131laraq tam t\u0259crid edilm\u0259si n\u0259tic\u0259sind\u0259 s\u0259fal\u0259t\u0259 m\u0259hkum olunub. Zamanla Erm\u0259nistan\u0131n z\u0259r\u0259ri daha da artacaq, \u00f6lk\u0259 tam iflasa s\u00fcr\u00fckl\u0259n\u0259c\u0259k. Bu bax\u0131mdan bu g\u00fcn yaranmaqda olan status-kvo erm\u0259ni xalq\u0131 \u00fc\u00e7\u00fcn b\u00f6y\u00fck bir \u015fansa \u00e7evril\u0259 bil\u0259r. H\u0259m d\u00f6vl\u0259tl\u0259ri k\u00fclli miqdarda sava\u015f x\u0259rcl\u0259rind\u0259n azad olunar, h\u0259m d\u0259 Az\u0259rbaycanla imzalanacaq yeni m\u00fcqavil\u0259l\u0259r onlar\u0131n, n\u0259hay\u0259t ki, m\u00fcst\u0259qil d\u00f6vl\u0259t quruculu\u011funa ba\u015flamalar\u0131na imkan yaradar. Bu bax\u0131mdan tam \u0259sasla dey\u0259 bil\u0259r\u0259m ki, Prezident \u0130lham \u018fliyevin Qaraba\u011fa g\u0259tirdiyi tarixi \u0259dal\u0259t Erm\u0259nistana da \u0259sl m\u00fcst\u0259qillik g\u0259tir\u0259c\u0259kdir. Buna g\u00f6r\u0259 d\u0259 erm\u0259ni xalq\u0131 m\u00fcdriklik g\u00f6st\u0259rm\u0259li, \u00f6z hakimiyy\u0259tini yeni Qafqaz iqtisadi-siyasi-t\u0259hl\u00fck\u0259sizlik konfiqurasiyas\u0131nda yaranm\u0131\u015f yeni reall\u0131qlarla hesabla\u015fma\u011fa m\u0259cbur etm\u0259lidir&#8221;.<\/p>\n<p>T\u0259hl\u00fck\u0259sizlik \u015euras\u0131n\u0131n katibi deyib ki, Qafqaz\u0131n s\u00fclh\u0259 qovu\u015fmas\u0131 v\u0259 m\u00f6hk\u0259m t\u0259hl\u00fck\u0259sizlik halqas\u0131na \u00e7evrilm\u0259si b\u00f6lg\u0259nin logistik v\u0259 iqtisadi-ticari, enerji t\u0259r\u0259fda\u015fl\u0131\u011f\u0131 \u0259h\u0259miyy\u0259tini d\u0259 d\u0259f\u0259l\u0259rl\u0259 art\u0131racaq, yeni resurslar\u0131 \u00fcz\u0259 \u00e7\u0131xaracaq: &#8220;Prezident \u0130lham \u018fliyevin m\u00fc\u0259llifi oldu\u011fu yeni t\u0259hl\u00fck\u0259sizlik konfiqurasiyas\u0131 b\u00f6lg\u0259nin b\u00fct\u00fcn d\u00f6vl\u0259tl\u0259ri \u00fc\u00e7\u00fcn faydal\u0131, s\u0259m\u0259r\u0259li f\u00fcrs\u0259tdir, inki\u015faflar\u0131 \u00fc\u00e7\u00fcn real z\u0259mindir.<\/p>\n<p>Silahl\u0131 Q\u00fcvv\u0259l\u0259rimizin m\u00fcz\u0259ff\u0259r q\u0259l\u0259b\u0259l\u0259ri n\u0259tic\u0259sind\u0259 m\u00fc\u0259yy\u0259nl\u0259\u015f\u0259c\u0259k yeni status-kvo Az\u0259rbaycan\u0131 art\u0131q Qafqaz\u0131n yaln\u0131z iqtisadi g\u00fcc\u00fc kimi deyil, h\u0259m d\u0259 b\u00fct\u00fcn istiqam\u0259tl\u0259r \u00fczr\u0259 \u015f\u0259riksiz lideri statusunu bird\u0259f\u0259lik m\u00f6hk\u0259ml\u0259ndir\u0259c\u0259k. \u0130ndi Az\u0259rbaycan Avroatlantik m\u0259kanda m\u00fch\u00fcm iqtisadi-siyasi amil\u0259 \u00e7evril\u0259r\u0259k, beyn\u0259lxalq miqyasda m\u00fch\u00fcm faktor kimi q\u0259bul edil\u0259c\u0259k. Bu status-kvo eyni zamanda c\u0259nab \u0130lham \u018fliyevin regional r\u0259hb\u0259rlik statusunun miqyas\u0131n\u0131 daha da geni\u015fl\u0259ndir\u0259r\u0259k onu qlobal platformada n\u00fcfuzlu d\u00fcnya liderl\u0259ri il\u0259 bir s\u0131raya \u00e7\u0131xar\u0131r.<\/p>\n<p>H\u0259m\u00e7inin bundan sonra etnik separatizml\u0259 \u00fczl\u0259\u015f\u0259n \u00f6lk\u0259l\u0259r probleml\u0259rini h\u0259ll etm\u0259k \u00fc\u00e7\u00fcn \u00e7ox effektiv model\u0259 &#8211; c\u0259nab \u0130lham \u018fliyevin m\u00fc\u0259llifi oldu\u011fu &#8220;Qaraba\u011fa \u0259dal\u0259t g\u0259tir\u0259n siyas\u0259t&#8221; n\u00fcmun\u0259sin\u0259 istinad ed\u0259c\u0259kl\u0259r. Y\u0259ni d\u00f6vl\u0259t ba\u015f\u00e7\u0131m\u0131z d\u00fcnyan\u0131 b\u00fcr\u00fcy\u0259n v\u0259 getdikc\u0259 artan etnik separatizm t\u0259hl\u00fck\u0259sin\u0259 g\u00fccl\u00fc z\u0259rb\u0259 vuraraq \u0259razi b\u00fct\u00f6vl\u00fcy\u00fc prinsipinin pozulmazl\u0131\u011f\u0131n\u0131 beyn\u0259lxalq miyqasda birm\u0259nal\u0131 t\u0259sbit etdi.<\/p>\n<p>C\u0259nab Prezidentin Da\u011fl\u0131q Qaraba\u011f \u0259razisind\u0259 onillikl\u0259r boyu formala\u015fan terror\u00e7uluq, qanunsuz narkotik, silah qa\u00e7aqmal\u00e7\u0131l\u0131\u011f\u0131 \u015f\u0259b\u0259k\u0259sini z\u0259r\u0259rsizl\u0259\u015fdirm\u0259si h\u0259m d\u0259 Az\u0259rbaycan\u0131n beyn\u0259lxalq terrorizml\u0259 m\u00fcbariz\u0259y\u0259 n\u00f6vb\u0259ti m\u00fch\u00fcm t\u00f6hf\u0259sidir&#8221;.<\/p>\n","protected":false},"excerpt":{"rendered":"<p>Ali Ba\u015f Komandan\u0131m\u0131z indi t\u0259k Az\u0259rbaycan\u0131n deyil, \u00fcmumilikd\u0259 Qafqaz\u0131n yeni t\u0259hl\u00fck\u0259sizlik sistemini formala\u015fd\u0131r\u0131r. ARANTV.AZ\u00a0Trend-\u0259 istinad\u0259n bildirir ki,\u00a0bunu Az\u0259rbaycan Respublikas\u0131n\u0131n T\u0259hl\u00fck\u0259sizlik \u015euras\u0131n\u0131n katibi, general-polkovnik Ramil Usubov deyib. General-polkovnik bu proses\u0259 lokal m\u00fcst\u0259vid\u0259 &#8211; Az\u0259rbaycan miqyas\u0131nda bax\u0131lmas\u0131 il\u0259 raz\u0131la\u015fmad\u0131\u011f\u0131n\u0131 deyib: &#8220;Liderimizin f\u0259aliyy\u0259tinin m\u00fch\u00fcm qlobal t\u0259sir g\u00fcc\u00fc var ki, bu, Qafqaz b\u00f6lg\u0259sin\u0259 d\u0259 t\u0259sirsiz \u00f6t\u00fc\u015fm\u0259y\u0259c\u0259k v\u0259 n\u0259tic\u0259 etibaril\u0259 h\u0259tta Avroatlantik m\u0259kanda yeni korrektl\u0259r\u0259, m\u00fch\u00fcm d\u00fcz\u0259li\u015fl\u0259r\u0259 r\u0259vac ver\u0259c\u0259k. \u018fsrl\u0259r boyu \u00e7oxsayl\u0131 m\u00fcnaqi\u015f\u0259l\u0259rin, etnik \u00e7axna\u015fmalar\u0131n, dini t\u0259friq\u0259l\u0259rin, separat\u00e7\u0131l\u0131q sava\u015flar\u0131n\u0131n h\u0259d\u0259fi olan Qafqaz b\u00f6lg\u0259si m\u00f6ht\u0259r\u0259m Prezidentimizin say\u0259sind\u0259 s\u00fclh\u0259, etibarl\u0131 t\u0259hl\u00fck\u0259sizlik m\u00fchitin\u0259 qovu\u015facaq&#8221;. R.Usubov bildirib ki, c\u0259nab&hellip;<\/p>\n","protected":false},"author":2,"featured_media":232383,"comment_status":"closed","ping_status":"closed","sticky":false,"template":"","format":"standard","meta":{"om_disable_all_campaigns":false,"_monsterinsights_skip_tracking":false,"_monsterinsights_sitenote_active":false,"_monsterinsights_sitenote_note":"","_monsterinsights_sitenote_category":0},"categories":[1],"tags":[],"aioseo_notices":[],"gutentor_comment":0,"rttpg_featured_image_url":{"full":["https:\/\/arantv.az\/wp-content\/uploads\/2020\/11\/894652.jpg",800,600,false],"landscape":["https:\/\/arantv.az\/wp-content\/uploads\/2020\/11\/894652.jpg",800,600,false],"portraits":["https:\/\/arantv.az\/wp-content\/uploads\/2020\/11\/894652.jpg",800,600,false],"thumbnail":["https:\/\/arantv.az\/wp-content\/uploads\/2020\/11\/894652-150x150.jpg",150,150,true],"medium":["https:\/\/arantv.az\/wp-content\/uploads\/2020\/11\/894652-300x225.jpg",300,225,true],"large":["https:\/\/arantv.az\/wp-content\/uploads\/2020\/11\/894652.jpg",640,480,false],"1536x1536":["https:\/\/arantv.az\/wp-content\/uploads\/2020\/11\/894652.jpg",800,600,false],"2048x2048":["https:\/\/arantv.az\/wp-content\/uploads\/2020\/11\/894652.jpg",800,600,false],"post-thumbnail":["https:\/\/arantv.az\/wp-content\/uploads\/2020\/11\/894652-240x172.jpg",240,172,true],"advps-thumb-one":["https:\/\/arantv.az\/wp-content\/uploads\/2020\/11\/894652.jpg",800,600,false]},"rttpg_author":{"display_name":"V\u00fcsal Rafiqo\u011flu","author_link":"https:\/\/arantv.az\/?author=2"},"rttpg_comment":0,"rttpg_category":"<a href=\"https:\/\/arantv.az\/?cat=1\" rel=\"category\">C\u0259miyy\u0259t<\/a>","rttpg_excerpt":"Ali Ba\u015f Komandan\u0131m\u0131z indi t\u0259k Az\u0259rbaycan\u0131n deyil, \u00fcmumilikd\u0259 Qafqaz\u0131n yeni t\u0259hl\u00fck\u0259sizlik sistemini formala\u015fd\u0131r\u0131r. ARANTV.AZ\u00a0Trend-\u0259 istinad\u0259n bildirir ki,\u00a0bunu Az\u0259rbaycan Respublikas\u0131n\u0131n T\u0259hl\u00fck\u0259sizlik \u015euras\u0131n\u0131n katibi, general-polkovnik Ramil Usubov deyib. General-polkovnik bu proses\u0259 lokal m\u00fcst\u0259vid\u0259 &#8211; Az\u0259rbaycan miqyas\u0131nda bax\u0131lmas\u0131 il\u0259 raz\u0131la\u015fmad\u0131\u011f\u0131n\u0131 deyib: &#8220;Liderimizin f\u0259aliyy\u0259tinin m\u00fch\u00fcm qlobal t\u0259sir g\u00fcc\u00fc var ki, bu, Qafqaz b\u00f6lg\u0259sin\u0259 d\u0259 t\u0259sirsiz \u00f6t\u00fc\u015fm\u0259y\u0259c\u0259k v\u0259 n\u0259tic\u0259 etibaril\u0259&hellip;","_links":{"self":[{"href":"https:\/\/arantv.az\/index.php?rest_route=\/wp\/v2\/posts\/232382"}],"collection":[{"href":"https:\/\/arantv.az\/index.php?rest_route=\/wp\/v2\/posts"}],"about":[{"href":"https:\/\/arantv.az\/index.php?rest_route=\/wp\/v2\/types\/post"}],"author":[{"embeddable":true,"href":"https:\/\/arantv.az\/index.php?rest_route=\/wp\/v2\/users\/2"}],"replies":[{"embeddable":true,"href":"https:\/\/arantv.az\/index.php?rest_route=%2Fwp%2Fv2%2Fcomments&post=232382"}],"version-history":[{"count":0,"href":"https:\/\/arantv.az\/index.php?rest_route=\/wp\/v2\/posts\/232382\/revisions"}],"wp:featuredmedia":[{"embeddable":true,"href":"https:\/\/arantv.az\/index.php?rest_route=\/wp\/v2\/media\/232383"}],"wp:attachment":[{"href":"https:\/\/arantv.az\/index.php?rest_route=%2Fwp%2Fv2%2Fmedia&parent=232382"}],"wp:term":[{"taxonomy":"category","embeddable":true,"href":"https:\/\/arantv.az\/index.php?rest_route=%2Fwp%2Fv2%2Fcategories&post=232382"},{"taxonomy":"post_tag","embeddable":true,"href":"https:\/\/arantv.az\/index.php?rest_route=%2Fwp%2Fv2%2Ftags&post=232382"}],"curies":[{"name":"wp","href":"https:\/\/api.w.org\/{rel}","templated":true}]}}