{"id":232386,"date":"2020-11-04T11:17:18","date_gmt":"2020-11-04T08:17:18","guid":{"rendered":"http:\/\/arantv.az\/?p=232386"},"modified":"2020-11-04T11:17:18","modified_gmt":"2020-11-04T08:17:18","slug":"t%c9%99briz%c9%99-giris-cixis-qadagan-edilib","status":"publish","type":"post","link":"https:\/\/arantv.az\/?p=232386","title":{"rendered":"T\u0259briz\u0259 giri\u015f-\u00e7\u0131x\u0131\u015f qada\u011fan edilib"},"content":{"rendered":"<p><strong>Pandemiya il\u0259 \u0259laq\u0259dar T\u0259briz \u015f\u0259h\u0259rin\u0259 n\u0259qliyyat\u0131n giri\u015f-\u00e7\u0131x\u0131\u015f\u0131 qada\u011fan edilib.<\/strong><\/p>\n<p>ARANTV.AZ APA-ya\u00a0istinad\u0259n bildirir ki,\u00a0\u015e\u0259rqi Az\u0259rbaycan vilay\u0259tinin qubernatorunun siyasi v\u0259 t\u0259hl\u00fck\u0259sizlik m\u0259s\u0259l\u0259l\u0259ri \u00fczr\u0259 m\u00fcavini \u018flyar Rastqu d\u00fcn\u0259nd\u0259n etibar\u0259n 4 g\u00fcn \u0259rzind\u0259 T\u0259briz \u015f\u0259h\u0259rin\u0259 giri\u015f-\u00e7\u0131x\u0131\u015f m\u0259hdudiyy\u0259tinin t\u0259tbiq olundu\u011funu a\u00e7\u0131qlay\u0131b.<\/p>\n<p>\u018f. Rastqu vilay\u0259tin 10 \u015f\u0259h\u0259rind\u0259 k\u0259skin pandemiya \u015f\u0259raitinin h\u00f6km s\u00fcrd\u00fcy\u00fcn\u00fc vur\u011fulay\u0131b. O qeyd edib ki, Az\u0259r\u015f\u0259hr, Culfa, \u00c7aroymaq, \u018fc\u0259b\u015fir, Mara\u011fa, M\u0259r\u0259nd, \u018fh\u0259r, \u015e\u0259bist\u0259r, Bunab v\u0259 Miyana rayonlar\u0131nda iki, \u00fc\u00e7 v\u0259 d\u00f6rd\u00fcnc\u00fc pe\u015f\u0259 qruplar\u0131n\u0131n f\u0259aliyy\u0259tin\u0259 10 g\u00fcn m\u00fcdd\u0259tin\u0259 qada\u011fa qoyulub: &#8220;H\u0259min d\u00f6vrd\u0259 T\u0259briz \u015f\u0259h\u0259rind\u0259 \u00fc\u00e7 v\u0259 d\u00f6rd\u00fcnc\u00fc kateqoriya pe\u015f\u0259 qruplar\u0131na m\u0259hdudiyy\u0259tl\u0259r t\u0259tbiq olunacaq v\u0259 bu m\u0259hdudiyy\u0259tl\u0259r T\u0259brizd\u0259 v\u0259 dig\u0259r \u015f\u0259h\u0259rl\u0259rd\u0259 uzad\u0131la bil\u0259r&#8221;.<\/p>\n<p>Onun s\u00f6zl\u0259rin\u0259 g\u00f6r\u0259, qanunu pozanlar\u0131n bar\u0259sind\u0259 qanunvericiliy\u0259 uy\u011fun t\u0259dbir g\u00f6t\u00fcr\u00fcl\u0259c\u0259k<\/p>\n","protected":false},"excerpt":{"rendered":"<p>Pandemiya il\u0259 \u0259laq\u0259dar T\u0259briz \u015f\u0259h\u0259rin\u0259 n\u0259qliyyat\u0131n giri\u015f-\u00e7\u0131x\u0131\u015f\u0131 qada\u011fan edilib. ARANTV.AZ APA-ya\u00a0istinad\u0259n bildirir ki,\u00a0\u015e\u0259rqi Az\u0259rbaycan vilay\u0259tinin qubernatorunun siyasi v\u0259 t\u0259hl\u00fck\u0259sizlik m\u0259s\u0259l\u0259l\u0259ri \u00fczr\u0259 m\u00fcavini \u018flyar Rastqu d\u00fcn\u0259nd\u0259n etibar\u0259n 4 g\u00fcn \u0259rzind\u0259 T\u0259briz \u015f\u0259h\u0259rin\u0259 giri\u015f-\u00e7\u0131x\u0131\u015f m\u0259hdudiyy\u0259tinin t\u0259tbiq olundu\u011funu a\u00e7\u0131qlay\u0131b. \u018f. Rastqu vilay\u0259tin 10 \u015f\u0259h\u0259rind\u0259 k\u0259skin pandemiya \u015f\u0259raitinin h\u00f6km s\u00fcrd\u00fcy\u00fcn\u00fc vur\u011fulay\u0131b. O qeyd edib ki, Az\u0259r\u015f\u0259hr, Culfa, \u00c7aroymaq, \u018fc\u0259b\u015fir, Mara\u011fa, M\u0259r\u0259nd, \u018fh\u0259r, \u015e\u0259bist\u0259r, Bunab v\u0259 Miyana rayonlar\u0131nda iki, \u00fc\u00e7 v\u0259 d\u00f6rd\u00fcnc\u00fc pe\u015f\u0259 qruplar\u0131n\u0131n f\u0259aliyy\u0259tin\u0259 10 g\u00fcn m\u00fcdd\u0259tin\u0259 qada\u011fa qoyulub: &#8220;H\u0259min d\u00f6vrd\u0259 T\u0259briz \u015f\u0259h\u0259rind\u0259 \u00fc\u00e7 v\u0259 d\u00f6rd\u00fcnc\u00fc kateqoriya pe\u015f\u0259 qruplar\u0131na m\u0259hdudiyy\u0259tl\u0259r t\u0259tbiq olunacaq v\u0259 bu&hellip;<\/p>\n","protected":false},"author":2,"featured_media":232387,"comment_status":"closed","ping_status":"closed","sticky":false,"template":"","format":"standard","meta":{"om_disable_all_campaigns":false,"_monsterinsights_skip_tracking":false,"_monsterinsights_sitenote_active":false,"_monsterinsights_sitenote_note":"","_monsterinsights_sitenote_category":0},"categories":[7],"tags":[],"aioseo_notices":[],"gutentor_comment":0,"rttpg_featured_image_url":{"full":["https:\/\/arantv.az\/wp-content\/uploads\/2020\/11\/894658.jpg",800,600,false],"landscape":["https:\/\/arantv.az\/wp-content\/uploads\/2020\/11\/894658.jpg",800,600,false],"portraits":["https:\/\/arantv.az\/wp-content\/uploads\/2020\/11\/894658.jpg",800,600,false],"thumbnail":["https:\/\/arantv.az\/wp-content\/uploads\/2020\/11\/894658-150x150.jpg",150,150,true],"medium":["https:\/\/arantv.az\/wp-content\/uploads\/2020\/11\/894658-300x225.jpg",300,225,true],"large":["https:\/\/arantv.az\/wp-content\/uploads\/2020\/11\/894658.jpg",640,480,false],"1536x1536":["https:\/\/arantv.az\/wp-content\/uploads\/2020\/11\/894658.jpg",800,600,false],"2048x2048":["https:\/\/arantv.az\/wp-content\/uploads\/2020\/11\/894658.jpg",800,600,false],"post-thumbnail":["https:\/\/arantv.az\/wp-content\/uploads\/2020\/11\/894658-240x172.jpg",240,172,true],"advps-thumb-one":["https:\/\/arantv.az\/wp-content\/uploads\/2020\/11\/894658.jpg",800,600,false]},"rttpg_author":{"display_name":"V\u00fcsal Rafiqo\u011flu","author_link":"https:\/\/arantv.az\/?author=2"},"rttpg_comment":0,"rttpg_category":"<a href=\"https:\/\/arantv.az\/?cat=7\" rel=\"category\">D\u00fcnya<\/a>","rttpg_excerpt":"Pandemiya il\u0259 \u0259laq\u0259dar T\u0259briz \u015f\u0259h\u0259rin\u0259 n\u0259qliyyat\u0131n giri\u015f-\u00e7\u0131x\u0131\u015f\u0131 qada\u011fan edilib. ARANTV.AZ APA-ya\u00a0istinad\u0259n bildirir ki,\u00a0\u015e\u0259rqi Az\u0259rbaycan vilay\u0259tinin qubernatorunun siyasi v\u0259 t\u0259hl\u00fck\u0259sizlik m\u0259s\u0259l\u0259l\u0259ri \u00fczr\u0259 m\u00fcavini \u018flyar Rastqu d\u00fcn\u0259nd\u0259n etibar\u0259n 4 g\u00fcn \u0259rzind\u0259 T\u0259briz \u015f\u0259h\u0259rin\u0259 giri\u015f-\u00e7\u0131x\u0131\u015f m\u0259hdudiyy\u0259tinin t\u0259tbiq olundu\u011funu a\u00e7\u0131qlay\u0131b. \u018f. Rastqu vilay\u0259tin 10 \u015f\u0259h\u0259rind\u0259 k\u0259skin pandemiya \u015f\u0259raitinin h\u00f6km s\u00fcrd\u00fcy\u00fcn\u00fc vur\u011fulay\u0131b. O qeyd edib ki, Az\u0259r\u015f\u0259hr, Culfa, \u00c7aroymaq, \u018fc\u0259b\u015fir,&hellip;","_links":{"self":[{"href":"https:\/\/arantv.az\/index.php?rest_route=\/wp\/v2\/posts\/232386"}],"collection":[{"href":"https:\/\/arantv.az\/index.php?rest_route=\/wp\/v2\/posts"}],"about":[{"href":"https:\/\/arantv.az\/index.php?rest_route=\/wp\/v2\/types\/post"}],"author":[{"embeddable":true,"href":"https:\/\/arantv.az\/index.php?rest_route=\/wp\/v2\/users\/2"}],"replies":[{"embeddable":true,"href":"https:\/\/arantv.az\/index.php?rest_route=%2Fwp%2Fv2%2Fcomments&post=232386"}],"version-history":[{"count":0,"href":"https:\/\/arantv.az\/index.php?rest_route=\/wp\/v2\/posts\/232386\/revisions"}],"wp:featuredmedia":[{"embeddable":true,"href":"https:\/\/arantv.az\/index.php?rest_route=\/wp\/v2\/media\/232387"}],"wp:attachment":[{"href":"https:\/\/arantv.az\/index.php?rest_route=%2Fwp%2Fv2%2Fmedia&parent=232386"}],"wp:term":[{"taxonomy":"category","embeddable":true,"href":"https:\/\/arantv.az\/index.php?rest_route=%2Fwp%2Fv2%2Fcategories&post=232386"},{"taxonomy":"post_tag","embeddable":true,"href":"https:\/\/arantv.az\/index.php?rest_route=%2Fwp%2Fv2%2Ftags&post=232386"}],"curies":[{"name":"wp","href":"https:\/\/api.w.org\/{rel}","templated":true}]}}