{"id":232402,"date":"2020-11-04T11:59:39","date_gmt":"2020-11-04T08:59:39","guid":{"rendered":"http:\/\/arantv.az\/?p=232402"},"modified":"2020-11-04T11:59:39","modified_gmt":"2020-11-04T08:59:39","slug":"xalq-h%c9%99r-zaman-ali-bas-komandanin-yanindadir","status":"publish","type":"post","link":"https:\/\/arantv.az\/?p=232402","title":{"rendered":"Xalq h\u0259r zaman Ali Ba\u015f Komandan\u0131n yan\u0131ndad\u0131r"},"content":{"rendered":"<p>Az\u0259rbaycanda v\u0259 xaricd\u0259 ya\u015fayan h\u0259mv\u0259t\u0259nl\u0259rimiz, eyni zamanda, xarici \u00f6lk\u0259l\u0259rin v\u0259t\u0259nda\u015flar\u0131 Prezident, Silahl\u0131 Q\u00fcvv\u0259l\u0259rin Ali Ba\u015f Komandan\u0131 \u0130lham \u018fliyev\u0259 m\u00fcraci\u0259t\u00a0<a href=\"https:\/\/president.az\/letters\/received\" target=\"_blank\" rel=\"noopener\">edirl\u0259r<\/a>.<\/p>\n<p>M\u00fcraci\u0259tl\u0259rd\u0259 \u015fanl\u0131 ordumuzun sentyabr\u0131n 27-d\u0259n i\u015f\u011fal\u00e7\u0131 qo\u015funlar\u0131na qar\u015f\u0131 Ali Ba\u015f Komandan \u0130lham \u018fliyevin r\u0259hb\u0259rliyi alt\u0131nda ba\u015flatd\u0131\u011f\u0131 \u0259m\u0259liyyatlar birm\u0259nal\u0131 olaraq alq\u0131\u015flan\u0131r v\u0259 b\u00f6y\u00fck d\u0259st\u0259k ifad\u0259 olunur.<\/p>\n<div id=\"AdviadNativeVideo0\" class=\"AdviadNativeVideo\"><\/div>\n<p>M\u00fcraci\u0259t ed\u0259nl\u0259r bu sava\u015fda Ali Ba\u015f Komandan\u0131n h\u0259r zaman yan\u0131nda olduqlar\u0131n\u0131 bildiribl\u0259r,\u00a0m\u00fcz\u0259ff\u0259r Ordumuzun q\u0259l\u0259b\u0259l\u0259rin\u0259 sevindikl\u0259rini\u00a0v\u0259 alq\u0131\u015flad\u0131qlar\u0131n\u0131 ifad\u0259 edibl\u0259r.<\/p>\n<p>Az\u0259rbaycan\u0131n v\u0259 d\u00fcnyan\u0131n bir \u00e7ox yerl\u0259rind\u0259n \u00fcnvanlanan m\u0259ktublarda q\u0259l\u0259b\u0259 sevinci il\u0259 ya\u015fad\u0131\u011f\u0131m\u0131z bu g\u00fcnl\u0259rin b\u00fct\u00f6vl\u00fckd\u0259 Az\u0259rbaycan\u0131m\u0131z\u0131n d\u00f6vl\u0259t\u00e7ilik tarixin\u0259 q\u0131z\u0131l h\u0259rfl\u0259rl\u0259 yaz\u0131lan g\u00fcnl\u0259r oldu\u011fu vur\u011fulan\u0131r.<\/p>\n<p>Az\u0259rbaycan\u00a0v\u0259 d\u00fcnyan\u0131n bir \u00e7ox yerl\u0259rind\u0259n \u00fcnvanlanan m\u0259ktublarda d\u00f6vl\u0259t ba\u015f\u00e7\u0131s\u0131n\u0131n q\u0259tiyy\u0259ti n\u0259tic\u0259sind\u0259 uzun ill\u0259rdir d\u00fc\u015fm\u0259n tapda\u011f\u0131nda olan torpaqlar\u0131m\u0131z\u0131n geri al\u0131nd\u0131\u011f\u0131 vur\u011fulan\u0131r v\u0259 Ali Ba\u015f Komandana bu \u00e7\u0259tin v\u0259 \u015f\u0259r\u0259fli i\u015find\u0259 u\u011furlar arzu edilir.<\/p>\n","protected":false},"excerpt":{"rendered":"<p>Az\u0259rbaycanda v\u0259 xaricd\u0259 ya\u015fayan h\u0259mv\u0259t\u0259nl\u0259rimiz, eyni zamanda, xarici \u00f6lk\u0259l\u0259rin v\u0259t\u0259nda\u015flar\u0131 Prezident, Silahl\u0131 Q\u00fcvv\u0259l\u0259rin Ali Ba\u015f Komandan\u0131 \u0130lham \u018fliyev\u0259 m\u00fcraci\u0259t\u00a0edirl\u0259r. M\u00fcraci\u0259tl\u0259rd\u0259 \u015fanl\u0131 ordumuzun sentyabr\u0131n 27-d\u0259n i\u015f\u011fal\u00e7\u0131 qo\u015funlar\u0131na qar\u015f\u0131 Ali Ba\u015f Komandan \u0130lham \u018fliyevin r\u0259hb\u0259rliyi alt\u0131nda ba\u015flatd\u0131\u011f\u0131 \u0259m\u0259liyyatlar birm\u0259nal\u0131 olaraq alq\u0131\u015flan\u0131r v\u0259 b\u00f6y\u00fck d\u0259st\u0259k ifad\u0259 olunur. M\u00fcraci\u0259t ed\u0259nl\u0259r bu sava\u015fda Ali Ba\u015f Komandan\u0131n h\u0259r zaman yan\u0131nda olduqlar\u0131n\u0131 bildiribl\u0259r,\u00a0m\u00fcz\u0259ff\u0259r Ordumuzun q\u0259l\u0259b\u0259l\u0259rin\u0259 sevindikl\u0259rini\u00a0v\u0259 alq\u0131\u015flad\u0131qlar\u0131n\u0131 ifad\u0259 edibl\u0259r. Az\u0259rbaycan\u0131n v\u0259 d\u00fcnyan\u0131n bir \u00e7ox yerl\u0259rind\u0259n \u00fcnvanlanan m\u0259ktublarda q\u0259l\u0259b\u0259 sevinci il\u0259 ya\u015fad\u0131\u011f\u0131m\u0131z bu g\u00fcnl\u0259rin b\u00fct\u00f6vl\u00fckd\u0259 Az\u0259rbaycan\u0131m\u0131z\u0131n d\u00f6vl\u0259t\u00e7ilik tarixin\u0259 q\u0131z\u0131l h\u0259rfl\u0259rl\u0259 yaz\u0131lan g\u00fcnl\u0259r oldu\u011fu vur\u011fulan\u0131r. Az\u0259rbaycan\u00a0v\u0259 d\u00fcnyan\u0131n bir \u00e7ox&hellip;<\/p>\n","protected":false},"author":2,"featured_media":232403,"comment_status":"closed","ping_status":"closed","sticky":false,"template":"","format":"standard","meta":{"om_disable_all_campaigns":false,"_monsterinsights_skip_tracking":false,"_monsterinsights_sitenote_active":false,"_monsterinsights_sitenote_note":"","_monsterinsights_sitenote_category":0},"categories":[1],"tags":[],"aioseo_notices":[],"gutentor_comment":0,"rttpg_featured_image_url":{"full":["https:\/\/arantv.az\/wp-content\/uploads\/2020\/11\/ilham-1.jpg",620,392,false],"landscape":["https:\/\/arantv.az\/wp-content\/uploads\/2020\/11\/ilham-1.jpg",620,392,false],"portraits":["https:\/\/arantv.az\/wp-content\/uploads\/2020\/11\/ilham-1.jpg",620,392,false],"thumbnail":["https:\/\/arantv.az\/wp-content\/uploads\/2020\/11\/ilham-1-150x150.jpg",150,150,true],"medium":["https:\/\/arantv.az\/wp-content\/uploads\/2020\/11\/ilham-1-300x190.jpg",300,190,true],"large":["https:\/\/arantv.az\/wp-content\/uploads\/2020\/11\/ilham-1.jpg",620,392,false],"1536x1536":["https:\/\/arantv.az\/wp-content\/uploads\/2020\/11\/ilham-1.jpg",620,392,false],"2048x2048":["https:\/\/arantv.az\/wp-content\/uploads\/2020\/11\/ilham-1.jpg",620,392,false],"post-thumbnail":["https:\/\/arantv.az\/wp-content\/uploads\/2020\/11\/ilham-1-240x172.jpg",240,172,true],"advps-thumb-one":["https:\/\/arantv.az\/wp-content\/uploads\/2020\/11\/ilham-1.jpg",620,392,false]},"rttpg_author":{"display_name":"V\u00fcsal Rafiqo\u011flu","author_link":"https:\/\/arantv.az\/?author=2"},"rttpg_comment":0,"rttpg_category":"<a href=\"https:\/\/arantv.az\/?cat=1\" rel=\"category\">C\u0259miyy\u0259t<\/a>","rttpg_excerpt":"Az\u0259rbaycanda v\u0259 xaricd\u0259 ya\u015fayan h\u0259mv\u0259t\u0259nl\u0259rimiz, eyni zamanda, xarici \u00f6lk\u0259l\u0259rin v\u0259t\u0259nda\u015flar\u0131 Prezident, Silahl\u0131 Q\u00fcvv\u0259l\u0259rin Ali Ba\u015f Komandan\u0131 \u0130lham \u018fliyev\u0259 m\u00fcraci\u0259t\u00a0edirl\u0259r. M\u00fcraci\u0259tl\u0259rd\u0259 \u015fanl\u0131 ordumuzun sentyabr\u0131n 27-d\u0259n i\u015f\u011fal\u00e7\u0131 qo\u015funlar\u0131na qar\u015f\u0131 Ali Ba\u015f Komandan \u0130lham \u018fliyevin r\u0259hb\u0259rliyi alt\u0131nda ba\u015flatd\u0131\u011f\u0131 \u0259m\u0259liyyatlar birm\u0259nal\u0131 olaraq alq\u0131\u015flan\u0131r v\u0259 b\u00f6y\u00fck d\u0259st\u0259k ifad\u0259 olunur. M\u00fcraci\u0259t ed\u0259nl\u0259r bu sava\u015fda Ali Ba\u015f Komandan\u0131n h\u0259r zaman yan\u0131nda olduqlar\u0131n\u0131&hellip;","_links":{"self":[{"href":"https:\/\/arantv.az\/index.php?rest_route=\/wp\/v2\/posts\/232402"}],"collection":[{"href":"https:\/\/arantv.az\/index.php?rest_route=\/wp\/v2\/posts"}],"about":[{"href":"https:\/\/arantv.az\/index.php?rest_route=\/wp\/v2\/types\/post"}],"author":[{"embeddable":true,"href":"https:\/\/arantv.az\/index.php?rest_route=\/wp\/v2\/users\/2"}],"replies":[{"embeddable":true,"href":"https:\/\/arantv.az\/index.php?rest_route=%2Fwp%2Fv2%2Fcomments&post=232402"}],"version-history":[{"count":0,"href":"https:\/\/arantv.az\/index.php?rest_route=\/wp\/v2\/posts\/232402\/revisions"}],"wp:featuredmedia":[{"embeddable":true,"href":"https:\/\/arantv.az\/index.php?rest_route=\/wp\/v2\/media\/232403"}],"wp:attachment":[{"href":"https:\/\/arantv.az\/index.php?rest_route=%2Fwp%2Fv2%2Fmedia&parent=232402"}],"wp:term":[{"taxonomy":"category","embeddable":true,"href":"https:\/\/arantv.az\/index.php?rest_route=%2Fwp%2Fv2%2Fcategories&post=232402"},{"taxonomy":"post_tag","embeddable":true,"href":"https:\/\/arantv.az\/index.php?rest_route=%2Fwp%2Fv2%2Ftags&post=232402"}],"curies":[{"name":"wp","href":"https:\/\/api.w.org\/{rel}","templated":true}]}}