{"id":232410,"date":"2020-11-04T12:01:59","date_gmt":"2020-11-04T09:01:59","guid":{"rendered":"http:\/\/arantv.az\/?p=232410"},"modified":"2020-11-04T12:01:59","modified_gmt":"2020-11-04T09:01:59","slug":"erm%c9%99nistan-prezidenti-rusiya-televiziyasina-musahib%c9%99d%c9%99-faktlari-saxtalasdirib-leyla-abdullayeva","status":"publish","type":"post","link":"https:\/\/arantv.az\/?p=232410","title":{"rendered":"&#8220;Erm\u0259nistan prezidenti Rusiya televiziyas\u0131na m\u00fcsahib\u0259d\u0259 faktlar\u0131 saxtala\u015fd\u0131r\u0131b&#8221; &#8211; Leyla Abdullayeva"},"content":{"rendered":"<blockquote><p><em><strong>Erm\u0259nistan prezidenti Rusiyan\u0131n &#8220;RBK&#8221; telekanal\u0131na m\u00fcsahib\u0259sind\u0259 faktlar\u0131 saxtala\u015fd\u0131r\u0131b.<\/strong><\/em><\/p><\/blockquote>\n<p><a href=\"http:\/\/az.trend.az\/\" target=\"_blank\" rel=\"noopener\">ARANTV.AZ Trend<\/a>-\u0259 istinad\u0259n bildirir ki,\u00a0bunu Xarici \u0130\u015fl\u0259r Nazirliyinin r\u0259smi n\u00fcmay\u0259nd\u0259si Leyla Abdullayeva \u00f6z &#8220;Twitter&#8221; s\u0259hif\u0259sind\u0259 yaz\u0131b.<\/p>\n<p>O bildirib ki, erm\u0259ni prezidenti Da\u011fl\u0131q Qaraba\u011f Muxtar Vilay\u0259tinin tarixi, demoqrafiyas\u0131, iqtisadi v\u0259ziyy\u0259ti bar\u0259d\u0259 yalan dan\u0131\u015f\u0131b:<\/p>\n<p>&#8220;Onun s\u00f6zl\u0259rin\u0259 g\u00f6r\u0259, 1980-ci ill\u0259rin sonlar\u0131nda Az\u0259rbaycan\u0131 1 milyondan \u00e7ox erm\u0259ni t\u0259rk edib. Fakt is\u0259 ondan ibar\u0259tdir ki, 1989-cu ild\u0259 ke\u00e7irilmi\u015f siyah\u0131yaalmaya \u0259sas\u0259n, Az\u0259rbaycanda 390 505 erm\u0259ni ya\u015fay\u0131b&#8221;.<\/p>\n","protected":false},"excerpt":{"rendered":"<p>Erm\u0259nistan prezidenti Rusiyan\u0131n &#8220;RBK&#8221; telekanal\u0131na m\u00fcsahib\u0259sind\u0259 faktlar\u0131 saxtala\u015fd\u0131r\u0131b. ARANTV.AZ Trend-\u0259 istinad\u0259n bildirir ki,\u00a0bunu Xarici \u0130\u015fl\u0259r Nazirliyinin r\u0259smi n\u00fcmay\u0259nd\u0259si Leyla Abdullayeva \u00f6z &#8220;Twitter&#8221; s\u0259hif\u0259sind\u0259 yaz\u0131b. O bildirib ki, erm\u0259ni prezidenti Da\u011fl\u0131q Qaraba\u011f Muxtar Vilay\u0259tinin tarixi, demoqrafiyas\u0131, iqtisadi v\u0259ziyy\u0259ti bar\u0259d\u0259 yalan dan\u0131\u015f\u0131b: &#8220;Onun s\u00f6zl\u0259rin\u0259 g\u00f6r\u0259, 1980-ci ill\u0259rin sonlar\u0131nda Az\u0259rbaycan\u0131 1 milyondan \u00e7ox erm\u0259ni t\u0259rk edib. Fakt is\u0259 ondan ibar\u0259tdir ki, 1989-cu ild\u0259 ke\u00e7irilmi\u015f siyah\u0131yaalmaya \u0259sas\u0259n, Az\u0259rbaycanda 390 505 erm\u0259ni ya\u015fay\u0131b&#8221;.<\/p>\n","protected":false},"author":2,"featured_media":232411,"comment_status":"closed","ping_status":"closed","sticky":false,"template":"","format":"standard","meta":{"om_disable_all_campaigns":false,"_monsterinsights_skip_tracking":false,"_monsterinsights_sitenote_active":false,"_monsterinsights_sitenote_note":"","_monsterinsights_sitenote_category":0},"categories":[19],"tags":[],"aioseo_notices":[],"gutentor_comment":0,"rttpg_featured_image_url":{"full":["https:\/\/arantv.az\/wp-content\/uploads\/2020\/11\/894663.jpg",800,600,false],"landscape":["https:\/\/arantv.az\/wp-content\/uploads\/2020\/11\/894663.jpg",800,600,false],"portraits":["https:\/\/arantv.az\/wp-content\/uploads\/2020\/11\/894663.jpg",800,600,false],"thumbnail":["https:\/\/arantv.az\/wp-content\/uploads\/2020\/11\/894663-150x150.jpg",150,150,true],"medium":["https:\/\/arantv.az\/wp-content\/uploads\/2020\/11\/894663-300x225.jpg",300,225,true],"large":["https:\/\/arantv.az\/wp-content\/uploads\/2020\/11\/894663.jpg",640,480,false],"1536x1536":["https:\/\/arantv.az\/wp-content\/uploads\/2020\/11\/894663.jpg",800,600,false],"2048x2048":["https:\/\/arantv.az\/wp-content\/uploads\/2020\/11\/894663.jpg",800,600,false],"post-thumbnail":["https:\/\/arantv.az\/wp-content\/uploads\/2020\/11\/894663-240x172.jpg",240,172,true],"advps-thumb-one":["https:\/\/arantv.az\/wp-content\/uploads\/2020\/11\/894663.jpg",800,600,false]},"rttpg_author":{"display_name":"V\u00fcsal Rafiqo\u011flu","author_link":"https:\/\/arantv.az\/?author=2"},"rttpg_comment":0,"rttpg_category":"<a href=\"https:\/\/arantv.az\/?cat=19\" rel=\"category\">G\u00fcnd\u0259m<\/a>","rttpg_excerpt":"Erm\u0259nistan prezidenti Rusiyan\u0131n &#8220;RBK&#8221; telekanal\u0131na m\u00fcsahib\u0259sind\u0259 faktlar\u0131 saxtala\u015fd\u0131r\u0131b. ARANTV.AZ Trend-\u0259 istinad\u0259n bildirir ki,\u00a0bunu Xarici \u0130\u015fl\u0259r Nazirliyinin r\u0259smi n\u00fcmay\u0259nd\u0259si Leyla Abdullayeva \u00f6z &#8220;Twitter&#8221; s\u0259hif\u0259sind\u0259 yaz\u0131b. O bildirib ki, erm\u0259ni prezidenti Da\u011fl\u0131q Qaraba\u011f Muxtar Vilay\u0259tinin tarixi, demoqrafiyas\u0131, iqtisadi v\u0259ziyy\u0259ti bar\u0259d\u0259 yalan dan\u0131\u015f\u0131b: &#8220;Onun s\u00f6zl\u0259rin\u0259 g\u00f6r\u0259, 1980-ci ill\u0259rin sonlar\u0131nda Az\u0259rbaycan\u0131 1 milyondan \u00e7ox erm\u0259ni t\u0259rk edib. Fakt is\u0259&hellip;","_links":{"self":[{"href":"https:\/\/arantv.az\/index.php?rest_route=\/wp\/v2\/posts\/232410"}],"collection":[{"href":"https:\/\/arantv.az\/index.php?rest_route=\/wp\/v2\/posts"}],"about":[{"href":"https:\/\/arantv.az\/index.php?rest_route=\/wp\/v2\/types\/post"}],"author":[{"embeddable":true,"href":"https:\/\/arantv.az\/index.php?rest_route=\/wp\/v2\/users\/2"}],"replies":[{"embeddable":true,"href":"https:\/\/arantv.az\/index.php?rest_route=%2Fwp%2Fv2%2Fcomments&post=232410"}],"version-history":[{"count":0,"href":"https:\/\/arantv.az\/index.php?rest_route=\/wp\/v2\/posts\/232410\/revisions"}],"wp:featuredmedia":[{"embeddable":true,"href":"https:\/\/arantv.az\/index.php?rest_route=\/wp\/v2\/media\/232411"}],"wp:attachment":[{"href":"https:\/\/arantv.az\/index.php?rest_route=%2Fwp%2Fv2%2Fmedia&parent=232410"}],"wp:term":[{"taxonomy":"category","embeddable":true,"href":"https:\/\/arantv.az\/index.php?rest_route=%2Fwp%2Fv2%2Fcategories&post=232410"},{"taxonomy":"post_tag","embeddable":true,"href":"https:\/\/arantv.az\/index.php?rest_route=%2Fwp%2Fv2%2Ftags&post=232410"}],"curies":[{"name":"wp","href":"https:\/\/api.w.org\/{rel}","templated":true}]}}