{"id":232414,"date":"2020-11-04T12:02:58","date_gmt":"2020-11-04T09:02:58","guid":{"rendered":"http:\/\/arantv.az\/?p=232414"},"modified":"2020-11-04T12:02:58","modified_gmt":"2020-11-04T09:02:58","slug":"az%c9%99rbaycan-dilinin-yeni-orfoqrafiya-lug%c9%99ti-g%c9%99l%c9%99n-h%c9%99ft%c9%99-capa-gond%c9%99ril%c9%99c%c9%99k","status":"publish","type":"post","link":"https:\/\/arantv.az\/?p=232414","title":{"rendered":"Az\u0259rbaycan dilinin yeni orfoqrafiya l\u00fc\u011f\u0259ti g\u0259l\u0259n h\u0259ft\u0259 \u00e7apa g\u00f6nd\u0259ril\u0259c\u0259k"},"content":{"rendered":"<p>Az\u0259rbaycan Milli Elml\u0259r Akademiyas\u0131n\u0131n (AMEA) N\u0259simi ad\u0131na Dil\u00e7ilik \u0130nstitutunda haz\u0131rlanm\u0131\u015f \u201cAz\u0259rbaycan dilinin orfoqrafiya l\u00fc\u011f\u0259ti\u201d g\u0259l\u0259n h\u0259ft\u0259 \u0259rzind\u0259 \u00e7ap \u00fc\u00e7\u00fcn n\u0259\u015friyyata t\u0259qdim edil\u0259c\u0259k.<\/p>\n<p>Bunu Trend-\u0259 Dil\u00e7ilik \u0130nstitutunun direktoru, akademik M\u00f6hs\u00fcn Na\u011f\u0131soylu deyib.<\/p>\n<p>O, Az\u0259rbaycan Respublikas\u0131 Nazirl\u0259r Kabinetinin 2019-cu il 16 aprel tarixli 174 n\u00f6mr\u0259li Q\u0259rar\u0131 il\u0259 t\u0259sdiq edilmi\u015f \u201cAz\u0259rbaycan dilinin Orfoqrafiya Normalar\u0131\u201dnda d\u0259yi\u015fiklik edilm\u0259si bar\u0259d\u0259 Nazirl\u0259r Kabinetinin Q\u0259rar\u0131n\u0131n yeni l\u00fc\u011f\u0259tin haz\u0131rlanmas\u0131nda n\u0259z\u0259r\u0259 al\u0131naca\u011f\u0131n\u0131 s\u00f6yl\u0259yib.<\/p>\n<p>M.Na\u011f\u0131soylu yeni l\u00fc\u011f\u0259td\u0259 t\u0259xmin\u0259n 106 min s\u00f6z\u00fcn oldu\u011funu n\u0259z\u0259r\u0259 \u00e7atd\u0131r\u0131b.<\/p>\n<p>Qeyd ed\u0259k ki, \u201cAz\u0259rbaycan dilinin orfoqrafiya l\u00fc\u011f\u0259ti\u201d 1929-cu ild\u0259n bu g\u00fcn\u0259d\u0259k Dil\u00e7ilik \u0130nstitutunda haz\u0131rlanaraq n\u0259\u015fr edilib. Orfoqrafiya l\u00fc\u011f\u0259tinin yeni n\u0259\u015fri d\u0259 Dil\u00e7ilik \u0130nstitutunun L\u00fc\u011f\u0259t\u00e7ilik \u00fczr\u0259 ixtisasla\u015fm\u0131\u015f tan\u0131nm\u0131\u015f dil\u00e7i aliml\u0259ri v\u0259 m\u00fct\u0259x\u0259ssisl\u0259ri t\u0259r\u0259find\u0259n haz\u0131rlan\u0131b.<\/p>\n<p>Az\u0259rbaycan dilinin son orfoqrafiya l\u00fc\u011f\u0259ti 2013-c\u00fc ild\u0259 \u00e7ap edilib.<\/p>\n<p>2019-cu ild\u0259 Nazirl\u0259r Kabineti t\u0259r\u0259find\u0259n Az\u0259rbaycan dilinin yeni orfoqrafiya normalar\u0131 t\u0259sdiql\u0259ndikd\u0259n sonra yeni l\u00fc\u011f\u0259tin haz\u0131rlanmas\u0131 v\u0259 \u00e7ap edilm\u0259si z\u0259rur\u0259ti yaran\u0131b.<\/p>\n","protected":false},"excerpt":{"rendered":"<p>Az\u0259rbaycan Milli Elml\u0259r Akademiyas\u0131n\u0131n (AMEA) N\u0259simi ad\u0131na Dil\u00e7ilik \u0130nstitutunda haz\u0131rlanm\u0131\u015f \u201cAz\u0259rbaycan dilinin orfoqrafiya l\u00fc\u011f\u0259ti\u201d g\u0259l\u0259n h\u0259ft\u0259 \u0259rzind\u0259 \u00e7ap \u00fc\u00e7\u00fcn n\u0259\u015friyyata t\u0259qdim edil\u0259c\u0259k. Bunu Trend-\u0259 Dil\u00e7ilik \u0130nstitutunun direktoru, akademik M\u00f6hs\u00fcn Na\u011f\u0131soylu deyib. O, Az\u0259rbaycan Respublikas\u0131 Nazirl\u0259r Kabinetinin 2019-cu il 16 aprel tarixli 174 n\u00f6mr\u0259li Q\u0259rar\u0131 il\u0259 t\u0259sdiq edilmi\u015f \u201cAz\u0259rbaycan dilinin Orfoqrafiya Normalar\u0131\u201dnda d\u0259yi\u015fiklik edilm\u0259si bar\u0259d\u0259 Nazirl\u0259r Kabinetinin Q\u0259rar\u0131n\u0131n yeni l\u00fc\u011f\u0259tin haz\u0131rlanmas\u0131nda n\u0259z\u0259r\u0259 al\u0131naca\u011f\u0131n\u0131 s\u00f6yl\u0259yib. M.Na\u011f\u0131soylu yeni l\u00fc\u011f\u0259td\u0259 t\u0259xmin\u0259n 106 min s\u00f6z\u00fcn oldu\u011funu n\u0259z\u0259r\u0259 \u00e7atd\u0131r\u0131b. Qeyd ed\u0259k ki, \u201cAz\u0259rbaycan dilinin orfoqrafiya l\u00fc\u011f\u0259ti\u201d 1929-cu ild\u0259n bu g\u00fcn\u0259d\u0259k Dil\u00e7ilik \u0130nstitutunda haz\u0131rlanaraq n\u0259\u015fr edilib. Orfoqrafiya&hellip;<\/p>\n","protected":false},"author":2,"featured_media":232415,"comment_status":"closed","ping_status":"closed","sticky":false,"template":"","format":"standard","meta":{"om_disable_all_campaigns":false,"_monsterinsights_skip_tracking":false,"_monsterinsights_sitenote_active":false,"_monsterinsights_sitenote_note":"","_monsterinsights_sitenote_category":0},"categories":[24],"tags":[],"aioseo_notices":[],"gutentor_comment":0,"rttpg_featured_image_url":{"full":["https:\/\/arantv.az\/wp-content\/uploads\/2020\/11\/slovar_luget_070920.jpg",660,346,false],"landscape":["https:\/\/arantv.az\/wp-content\/uploads\/2020\/11\/slovar_luget_070920.jpg",660,346,false],"portraits":["https:\/\/arantv.az\/wp-content\/uploads\/2020\/11\/slovar_luget_070920.jpg",660,346,false],"thumbnail":["https:\/\/arantv.az\/wp-content\/uploads\/2020\/11\/slovar_luget_070920-150x150.jpg",150,150,true],"medium":["https:\/\/arantv.az\/wp-content\/uploads\/2020\/11\/slovar_luget_070920-300x157.jpg",300,157,true],"large":["https:\/\/arantv.az\/wp-content\/uploads\/2020\/11\/slovar_luget_070920.jpg",640,336,false],"1536x1536":["https:\/\/arantv.az\/wp-content\/uploads\/2020\/11\/slovar_luget_070920.jpg",660,346,false],"2048x2048":["https:\/\/arantv.az\/wp-content\/uploads\/2020\/11\/slovar_luget_070920.jpg",660,346,false],"post-thumbnail":["https:\/\/arantv.az\/wp-content\/uploads\/2020\/11\/slovar_luget_070920-240x172.jpg",240,172,true],"advps-thumb-one":["https:\/\/arantv.az\/wp-content\/uploads\/2020\/11\/slovar_luget_070920.jpg",660,346,false]},"rttpg_author":{"display_name":"V\u00fcsal Rafiqo\u011flu","author_link":"https:\/\/arantv.az\/?author=2"},"rttpg_comment":0,"rttpg_category":"<a href=\"https:\/\/arantv.az\/?cat=24\" rel=\"category\">Maraql\u0131<\/a>","rttpg_excerpt":"Az\u0259rbaycan Milli Elml\u0259r Akademiyas\u0131n\u0131n (AMEA) N\u0259simi ad\u0131na Dil\u00e7ilik \u0130nstitutunda haz\u0131rlanm\u0131\u015f \u201cAz\u0259rbaycan dilinin orfoqrafiya l\u00fc\u011f\u0259ti\u201d g\u0259l\u0259n h\u0259ft\u0259 \u0259rzind\u0259 \u00e7ap \u00fc\u00e7\u00fcn n\u0259\u015friyyata t\u0259qdim edil\u0259c\u0259k. Bunu Trend-\u0259 Dil\u00e7ilik \u0130nstitutunun direktoru, akademik M\u00f6hs\u00fcn Na\u011f\u0131soylu deyib. O, Az\u0259rbaycan Respublikas\u0131 Nazirl\u0259r Kabinetinin 2019-cu il 16 aprel tarixli 174 n\u00f6mr\u0259li Q\u0259rar\u0131 il\u0259 t\u0259sdiq edilmi\u015f \u201cAz\u0259rbaycan dilinin Orfoqrafiya Normalar\u0131\u201dnda d\u0259yi\u015fiklik edilm\u0259si bar\u0259d\u0259 Nazirl\u0259r&hellip;","_links":{"self":[{"href":"https:\/\/arantv.az\/index.php?rest_route=\/wp\/v2\/posts\/232414"}],"collection":[{"href":"https:\/\/arantv.az\/index.php?rest_route=\/wp\/v2\/posts"}],"about":[{"href":"https:\/\/arantv.az\/index.php?rest_route=\/wp\/v2\/types\/post"}],"author":[{"embeddable":true,"href":"https:\/\/arantv.az\/index.php?rest_route=\/wp\/v2\/users\/2"}],"replies":[{"embeddable":true,"href":"https:\/\/arantv.az\/index.php?rest_route=%2Fwp%2Fv2%2Fcomments&post=232414"}],"version-history":[{"count":0,"href":"https:\/\/arantv.az\/index.php?rest_route=\/wp\/v2\/posts\/232414\/revisions"}],"wp:featuredmedia":[{"embeddable":true,"href":"https:\/\/arantv.az\/index.php?rest_route=\/wp\/v2\/media\/232415"}],"wp:attachment":[{"href":"https:\/\/arantv.az\/index.php?rest_route=%2Fwp%2Fv2%2Fmedia&parent=232414"}],"wp:term":[{"taxonomy":"category","embeddable":true,"href":"https:\/\/arantv.az\/index.php?rest_route=%2Fwp%2Fv2%2Fcategories&post=232414"},{"taxonomy":"post_tag","embeddable":true,"href":"https:\/\/arantv.az\/index.php?rest_route=%2Fwp%2Fv2%2Ftags&post=232414"}],"curies":[{"name":"wp","href":"https:\/\/api.w.org\/{rel}","templated":true}]}}