{"id":232422,"date":"2020-11-04T12:28:13","date_gmt":"2020-11-04T09:28:13","guid":{"rendered":"http:\/\/arantv.az\/?p=232422"},"modified":"2020-11-04T12:28:13","modified_gmt":"2020-11-04T09:28:13","slug":"butun-az%c9%99rbaycani-qururlandiran-topcunun-atasi-oglundan-danisdi-video","status":"publish","type":"post","link":"https:\/\/arantv.az\/?p=232422","title":{"rendered":"B\u00fct\u00fcn Az\u0259rbaycan\u0131 q\u00fcrurland\u0131ran top\u00e7unun atas\u0131 o\u011flundan dan\u0131\u015fd\u0131 &#8211; V\u0130DEO"},"content":{"rendered":"<p>\u201cAx\u015fam evd\u0259 idim. Dostlardan biri z\u0259ng etdi ki, internetd\u0259 V\u00fcsal\u0131n \u015f\u0259kli yay\u0131l\u0131b. \u00dcr\u0259yim d\u00fc\u015fd\u00fc. \u201cN\u0259 \u015f\u0259kil, n\u0259 foto?\u201d, &#8211; dey\u0259 soru\u015fdum. Dedil\u0259r ki,\u00a0qorxma,\u00a0salamatl\u0131qd\u0131r. B\u00fct\u00fcn Az\u0259rbaycan s\u0259nin o\u011flundan dan\u0131\u015f\u0131r\u201d.<\/p>\n<p>Bunu son g\u00fcnl\u0259r fotosu b\u00fct\u00fcn sosial \u015f\u0259b\u0259k\u0259l\u0259ri, saytlar\u0131 b\u0259z\u0259y\u0259n top\u00e7u \u0259sg\u0259rimizin atas\u0131 \u0130slam \u015eahk\u0259rimov Lent.az-a a\u00e7\u0131qlamas\u0131nda\u00a0deyib.<\/p>\n<p>V\u00fcsal \u0130slam o\u011flu \u015eahk\u0259rimov 2001-ci il iyunun 29-da Xa\u00e7maz rayonunun Qusar\u00e7ay k\u0259ndind\u0259 anadan olub. Orta t\u0259hsilini eyni k\u0259ndd\u0259 \u015f\u0259hid Arif M\u0259mm\u0259dov ad\u0131na orta m\u0259kt\u0259bd\u0259 al\u0131b.<\/p>\n<p>\u201cM\u0259kt\u0259bd\u0259 \u00e7ox yax\u015f\u0131 oxuyurdu. Nizaml\u0131 u\u015faq idi. H\u0259m d\u0259 \u00e7ox sakit, t\u0259rbiy\u0259li. Orta m\u0259kt\u0259bi bitir\u0259nd\u0259n sonra s\u0259n\u0259dl\u0259rini ali m\u0259kt\u0259b\u0259 verdi. Amma \u00f6d\u0259ni\u015fliy\u0259 d\u00fc\u015fd\u00fc. D\u00fcz\u00fc, imkan\u0131m\u0131z olmad\u0131 onu oxutma\u011fa. El\u0259 \u00f6z\u00fc d\u0259 dedi ki, \u0259sg\u0259r gedim, qay\u0131d\u0131m, pulsuza d\u00fc\u015f\u00fcb oxuyacam\u201d, &#8211; atas\u0131 bildirib.<\/p>\n<p>Q\u00fcrurlu ata\u00a0deyib\u00a0ki, V\u00fcsal\u0131n fotosunu ona g\u00f6st\u0259r\u0259nd\u0259 g\u00f6z ya\u015flar\u0131n\u0131 saxlaya bilm\u0259yib:<\/p>\n<p>\u201cDedim, qurban olum s\u0259n\u0259, s\u0259n nec\u0259 b\u00f6y\u00fcm\u00fcs\u0259n ki, x\u0259b\u0259rim olmay\u0131b. \u201cQ\u0259hr\u0259man balam\u201d, &#8211; dedim, telefonu qucaqlay\u0131b \u00f6pd\u00fcm. M\u0259n f\u0259xr edir\u0259m ki, bel\u0259 bir o\u011ful b\u00f6y\u00fctm\u00fc\u015f\u0259m. \u015e\u00fck\u00fcrl\u0259r olsun ki, bel\u0259 o\u011fullar\u0131m\u0131z say\u0259sind\u0259 \u0259sg\u0259rl\u0259rimiz erm\u0259nil\u0259ri iti qovan kimi qovub \u00e7\u0131xar\u0131r i\u015f\u011fal olunmu\u015f k\u0259ndl\u0259rimizd\u0259n. Qoy, q\u0131sa m\u00fcdd\u0259td\u0259 q\u0259l\u0259b\u0259mizl\u0259 bitsin m\u00fcharib\u0259. B\u00fct\u00fcn o\u011fullar\u0131m\u0131z salamat qay\u0131ts\u0131n. Amin!\u201d<\/p>\n<div><iframe loading=\"lazy\" src=\"https:\/\/www.youtube.com\/embed\/QQPtvdOyu14\" width=\"560\" height=\"315\" frameborder=\"0\" allowfullscreen=\"allowfullscreen\" data-mce-fragment=\"1\"><\/iframe><\/div>\n<p>&nbsp;<\/p>\n","protected":false},"excerpt":{"rendered":"<p>\u201cAx\u015fam evd\u0259 idim. Dostlardan biri z\u0259ng etdi ki, internetd\u0259 V\u00fcsal\u0131n \u015f\u0259kli yay\u0131l\u0131b. \u00dcr\u0259yim d\u00fc\u015fd\u00fc. \u201cN\u0259 \u015f\u0259kil, n\u0259 foto?\u201d, &#8211; dey\u0259 soru\u015fdum. Dedil\u0259r ki,\u00a0qorxma,\u00a0salamatl\u0131qd\u0131r. B\u00fct\u00fcn Az\u0259rbaycan s\u0259nin o\u011flundan dan\u0131\u015f\u0131r\u201d. Bunu son g\u00fcnl\u0259r fotosu b\u00fct\u00fcn sosial \u015f\u0259b\u0259k\u0259l\u0259ri, saytlar\u0131 b\u0259z\u0259y\u0259n top\u00e7u \u0259sg\u0259rimizin atas\u0131 \u0130slam \u015eahk\u0259rimov Lent.az-a a\u00e7\u0131qlamas\u0131nda\u00a0deyib. V\u00fcsal \u0130slam o\u011flu \u015eahk\u0259rimov 2001-ci il iyunun 29-da Xa\u00e7maz rayonunun Qusar\u00e7ay k\u0259ndind\u0259 anadan olub. Orta t\u0259hsilini eyni k\u0259ndd\u0259 \u015f\u0259hid Arif M\u0259mm\u0259dov ad\u0131na orta m\u0259kt\u0259bd\u0259 al\u0131b. \u201cM\u0259kt\u0259bd\u0259 \u00e7ox yax\u015f\u0131 oxuyurdu. Nizaml\u0131 u\u015faq idi. H\u0259m d\u0259 \u00e7ox sakit, t\u0259rbiy\u0259li. Orta m\u0259kt\u0259bi bitir\u0259nd\u0259n sonra s\u0259n\u0259dl\u0259rini ali m\u0259kt\u0259b\u0259 verdi. Amma&hellip;<\/p>\n","protected":false},"author":2,"featured_media":232423,"comment_status":"closed","ping_status":"closed","sticky":false,"template":"","format":"standard","meta":{"om_disable_all_campaigns":false,"_monsterinsights_skip_tracking":false,"_monsterinsights_sitenote_active":false,"_monsterinsights_sitenote_note":"","_monsterinsights_sitenote_category":0},"categories":[19],"tags":[],"aioseo_notices":[],"gutentor_comment":0,"rttpg_featured_image_url":{"full":["https:\/\/arantv.az\/wp-content\/uploads\/2020\/11\/3.jpg",620,348,false],"landscape":["https:\/\/arantv.az\/wp-content\/uploads\/2020\/11\/3.jpg",620,348,false],"portraits":["https:\/\/arantv.az\/wp-content\/uploads\/2020\/11\/3.jpg",620,348,false],"thumbnail":["https:\/\/arantv.az\/wp-content\/uploads\/2020\/11\/3-150x150.jpg",150,150,true],"medium":["https:\/\/arantv.az\/wp-content\/uploads\/2020\/11\/3-300x168.jpg",300,168,true],"large":["https:\/\/arantv.az\/wp-content\/uploads\/2020\/11\/3.jpg",620,348,false],"1536x1536":["https:\/\/arantv.az\/wp-content\/uploads\/2020\/11\/3.jpg",620,348,false],"2048x2048":["https:\/\/arantv.az\/wp-content\/uploads\/2020\/11\/3.jpg",620,348,false],"post-thumbnail":["https:\/\/arantv.az\/wp-content\/uploads\/2020\/11\/3-240x172.jpg",240,172,true],"advps-thumb-one":["https:\/\/arantv.az\/wp-content\/uploads\/2020\/11\/3.jpg",620,348,false]},"rttpg_author":{"display_name":"V\u00fcsal Rafiqo\u011flu","author_link":"https:\/\/arantv.az\/?author=2"},"rttpg_comment":0,"rttpg_category":"<a href=\"https:\/\/arantv.az\/?cat=19\" rel=\"category\">G\u00fcnd\u0259m<\/a>","rttpg_excerpt":"\u201cAx\u015fam evd\u0259 idim. Dostlardan biri z\u0259ng etdi ki, internetd\u0259 V\u00fcsal\u0131n \u015f\u0259kli yay\u0131l\u0131b. \u00dcr\u0259yim d\u00fc\u015fd\u00fc. \u201cN\u0259 \u015f\u0259kil, n\u0259 foto?\u201d, &#8211; dey\u0259 soru\u015fdum. Dedil\u0259r ki,\u00a0qorxma,\u00a0salamatl\u0131qd\u0131r. B\u00fct\u00fcn Az\u0259rbaycan s\u0259nin o\u011flundan dan\u0131\u015f\u0131r\u201d. Bunu son g\u00fcnl\u0259r fotosu b\u00fct\u00fcn sosial \u015f\u0259b\u0259k\u0259l\u0259ri, saytlar\u0131 b\u0259z\u0259y\u0259n top\u00e7u \u0259sg\u0259rimizin atas\u0131 \u0130slam \u015eahk\u0259rimov Lent.az-a a\u00e7\u0131qlamas\u0131nda\u00a0deyib. V\u00fcsal \u0130slam o\u011flu \u015eahk\u0259rimov 2001-ci il iyunun 29-da Xa\u00e7maz rayonunun Qusar\u00e7ay&hellip;","_links":{"self":[{"href":"https:\/\/arantv.az\/index.php?rest_route=\/wp\/v2\/posts\/232422"}],"collection":[{"href":"https:\/\/arantv.az\/index.php?rest_route=\/wp\/v2\/posts"}],"about":[{"href":"https:\/\/arantv.az\/index.php?rest_route=\/wp\/v2\/types\/post"}],"author":[{"embeddable":true,"href":"https:\/\/arantv.az\/index.php?rest_route=\/wp\/v2\/users\/2"}],"replies":[{"embeddable":true,"href":"https:\/\/arantv.az\/index.php?rest_route=%2Fwp%2Fv2%2Fcomments&post=232422"}],"version-history":[{"count":0,"href":"https:\/\/arantv.az\/index.php?rest_route=\/wp\/v2\/posts\/232422\/revisions"}],"wp:featuredmedia":[{"embeddable":true,"href":"https:\/\/arantv.az\/index.php?rest_route=\/wp\/v2\/media\/232423"}],"wp:attachment":[{"href":"https:\/\/arantv.az\/index.php?rest_route=%2Fwp%2Fv2%2Fmedia&parent=232422"}],"wp:term":[{"taxonomy":"category","embeddable":true,"href":"https:\/\/arantv.az\/index.php?rest_route=%2Fwp%2Fv2%2Fcategories&post=232422"},{"taxonomy":"post_tag","embeddable":true,"href":"https:\/\/arantv.az\/index.php?rest_route=%2Fwp%2Fv2%2Ftags&post=232422"}],"curies":[{"name":"wp","href":"https:\/\/api.w.org\/{rel}","templated":true}]}}