{"id":232438,"date":"2020-11-04T13:41:37","date_gmt":"2020-11-04T10:41:37","guid":{"rendered":"http:\/\/arantv.az\/?p=232438"},"modified":"2020-11-04T13:41:37","modified_gmt":"2020-11-04T10:41:37","slug":"b%c9%99l%c9%99diyy%c9%99-s%c9%99dri-agri-daginda-az%c9%99rbaycan-v%c9%99-turkiy%c9%99-bayraqlarinin-%c9%99ks-olunacagi-tarixi-aciqladi","status":"publish","type":"post","link":"https:\/\/arantv.az\/?p=232438","title":{"rendered":"B\u0259l\u0259diyy\u0259 s\u0259dri A\u011fr\u0131 da\u011f\u0131nda Az\u0259rbaycan v\u0259 T\u00fcrkiy\u0259 bayraqlar\u0131n\u0131n \u0259ks olunaca\u011f\u0131 tarixi a\u00e7\u0131qlad\u0131"},"content":{"rendered":"<blockquote><p><em><strong>Noyabr\u0131n 10-da T\u00fcrkiy\u0259 C\u00fcmhuriyy\u0259tinin qurucusu Mustafa Kamal Atat\u00fcrk\u00fcn an\u0131m g\u00fcn\u00fcnd\u0259 evinin p\u0259nc\u0259r\u0259sind\u0259n A\u011fr\u0131 da\u011f\u0131na baxan h\u0259r bir erm\u0259ni, Az\u0259rbaycan v\u0259 T\u00fcrkiy\u0259 bayraqlar\u0131n\u0131 g\u00f6r\u0259c\u0259k.<\/strong><\/em><\/p><\/blockquote>\n<p><strong>ARANTV.AZ<\/strong> x\u0259b\u0259r verir ki, bunu\u00a0<a href=\"http:\/\/az.trend.az\/\" target=\"_blank\" rel=\"noopener\">Trend<\/a>-\u0259 \u00f6z\u0259l a\u00e7\u0131qlamas\u0131nda T\u00fcrkiy\u0259nin A\u011fr\u0131 vilay\u0259tinin b\u0259l\u0259diyy\u0259 s\u0259dri Savc\u0131 Sayan bildirib.<\/p>\n<p>B\u0259l\u0259diyy\u0259 s\u0259dri qeyd edib ki, layih\u0259nin h\u0259yata ke\u00e7irilm\u0259sind\u0259 onlara d\u0259st\u0259k olanlar da var. Nax\u00e7\u0131vanda f\u0259aliyy\u0259t g\u00f6st\u0259r\u0259n GemiKaya Holdinq v\u0259 A\u011fr\u0131 vilay\u0259tind\u0259n olan i\u015f adam\u0131 layih\u0259ni d\u0259st\u0259kl\u0259y\u0259nl\u0259rd\u0259ndir:<\/p>\n<p>&#8220;Bildiyiniz kimi bu, b\u00f6y\u00fck bir layih\u0259dir v\u0259 hal-haz\u0131rda onun tamamlanmas\u0131 \u00fc\u00e7\u00fcn i\u015fl\u0259r apar\u0131l\u0131r. Layih\u0259ni realla\u015fd\u0131rmaq \u00fc\u00e7\u00fcn xaricd\u0259n d\u0259 m\u00fct\u0259x\u0259ssisl\u0259r d\u0259v\u0259t edilib.<\/p>\n<p>\u0130deyan\u0131n meydana g\u0259lm\u0259sind\u0259n dan\u0131\u015fan S.Sayan \u0259lav\u0259 edib ki, Qaraba\u011fda V\u0259t\u0259n m\u00fcharib\u0259sinin davam etdiyi bir zaman az\u0259rbaycanl\u0131 qarda\u015flar\u0131na nec\u0259 d\u0259st\u0259k ola bil\u0259c\u0259kl\u0259rini d\u00fc\u015f\u00fcn\u00fcbl\u0259r v\u0259 q\u0259rara al\u0131n\u0131b ki, bel\u0259 bir layih\u0259 h\u0259yata ke\u00e7irilsin:<\/p>\n<p>&#8220;Erm\u0259nistan\u0131n eyni zamanda T\u00fcrkiy\u0259y\u0259 d\u0259 torpaq iddialar\u0131 olub, amma onlar\u0131n bu ist\u0259kl\u0259ri qursaqlar\u0131nda qal\u0131b. \u015e\u0259xs\u0259n m\u0259nim babalar\u0131m da erm\u0259ni quldur d\u0259st\u0259l\u0259rin\u0259 qar\u015f\u0131 vuru\u015fublar. Biz erm\u0259ni xisl\u0259tin\u0259 tan\u0131\u015f\u0131q&#8221;.<\/p>\n<p>S.Sayan onu da \u0259lav\u0259 edib ki, b\u00fct\u00fcn T\u00fcrkiy\u0259 xalq\u0131 az\u0259rbaycanl\u0131 qarda\u015flar\u0131n\u0131 sevir v\u0259 onlar\u0131 tam olaraq d\u0259st\u0259kl\u0259yir.<\/p>\n<p>&#8220;H\u0259m T\u00fcrkiy\u0259 ad\u0131ndan, h\u0259m A\u011fr\u0131 vilay\u0259ti, h\u0259m d\u0259 \u00f6z ad\u0131mdan qarda\u015f Az\u0259rbaycan xalq\u0131na salamlar\u0131m\u0131 \u00e7atd\u0131r\u0131ram. Biz h\u0259r zaman qarda\u015flar\u0131m\u0131z\u0131n yan\u0131nday\u0131q, \u00e7\u00fcnki onlar haql\u0131d\u0131r&#8221;.<\/p>\n<p>B\u0259l\u0259diyy\u0259 s\u0259dri \u0259lav\u0259 edib ki, ill\u0259rdir Qaraba\u011f v\u0259 \u0259traf rayonlar\u0131n i\u015f\u011fal alt\u0131nda oldu\u011fu bir zamanda t\u00fcrkiy\u0259li qarda\u015flar\u0131m\u0131z\u0131n s\u0259ssiz v\u0259 rahat oturmas\u0131 m\u00fcmk\u00fcn deyildi:<\/p>\n<p>&#8220;Qaraba\u011f \u0259ld\u0259n ged\u0259rs\u0259 biz \u00f6l\u0259rik, Qaraba\u011f, Az\u0259rbaycan bizim can\u0131m\u0131zd\u0131r. \u00c7\u00fcnki biz bir mill\u0259t, iki d\u00f6vl\u0259tik. Bu, h\u0259r zaman bel\u0259 olub, bundan sonra da bel\u0259 olacaq&#8221;.<\/p>\n<p>O qeyd edib ki, Az\u0259rbaycan\u0131n d\u00f6y\u00fc\u015f meydan\u0131ndan \u0259ld\u0259 etdiyi z\u0259f\u0259rl\u0259r qururvericidir:<\/p>\n<p>&#8220;Azad edil\u0259n b\u00f6lg\u0259l\u0259rin x\u0259b\u0259rl\u0259rini ald\u0131qca biz burada bayram edirik. Allah\u0131n izni il\u0259 Az\u0259rbaycan tezlikl\u0259 \u00f6z torpaqlar\u0131n\u0131 i\u015f\u011faldan tam azad ed\u0259c\u0259k. \u00c7\u00fcnki Az\u0259rbaycan haql\u0131d\u0131r v\u0259 Az\u0259rbaycan\u0131n haql\u0131 oldu\u011funu b\u00fct\u00fcn d\u00fcnya bilir&#8221;.<\/p>\n","protected":false},"excerpt":{"rendered":"<p>Noyabr\u0131n 10-da T\u00fcrkiy\u0259 C\u00fcmhuriyy\u0259tinin qurucusu Mustafa Kamal Atat\u00fcrk\u00fcn an\u0131m g\u00fcn\u00fcnd\u0259 evinin p\u0259nc\u0259r\u0259sind\u0259n A\u011fr\u0131 da\u011f\u0131na baxan h\u0259r bir erm\u0259ni, Az\u0259rbaycan v\u0259 T\u00fcrkiy\u0259 bayraqlar\u0131n\u0131 g\u00f6r\u0259c\u0259k. ARANTV.AZ x\u0259b\u0259r verir ki, bunu\u00a0Trend-\u0259 \u00f6z\u0259l a\u00e7\u0131qlamas\u0131nda T\u00fcrkiy\u0259nin A\u011fr\u0131 vilay\u0259tinin b\u0259l\u0259diyy\u0259 s\u0259dri Savc\u0131 Sayan bildirib. B\u0259l\u0259diyy\u0259 s\u0259dri qeyd edib ki, layih\u0259nin h\u0259yata ke\u00e7irilm\u0259sind\u0259 onlara d\u0259st\u0259k olanlar da var. Nax\u00e7\u0131vanda f\u0259aliyy\u0259t g\u00f6st\u0259r\u0259n GemiKaya Holdinq v\u0259 A\u011fr\u0131 vilay\u0259tind\u0259n olan i\u015f adam\u0131 layih\u0259ni d\u0259st\u0259kl\u0259y\u0259nl\u0259rd\u0259ndir: &#8220;Bildiyiniz kimi bu, b\u00f6y\u00fck bir layih\u0259dir v\u0259 hal-haz\u0131rda onun tamamlanmas\u0131 \u00fc\u00e7\u00fcn i\u015fl\u0259r apar\u0131l\u0131r. Layih\u0259ni realla\u015fd\u0131rmaq \u00fc\u00e7\u00fcn xaricd\u0259n d\u0259 m\u00fct\u0259x\u0259ssisl\u0259r d\u0259v\u0259t edilib. \u0130deyan\u0131n meydana g\u0259lm\u0259sind\u0259n dan\u0131\u015fan S.Sayan&hellip;<\/p>\n","protected":false},"author":2,"featured_media":232439,"comment_status":"closed","ping_status":"closed","sticky":false,"template":"","format":"standard","meta":{"om_disable_all_campaigns":false,"_monsterinsights_skip_tracking":false,"_monsterinsights_sitenote_active":false,"_monsterinsights_sitenote_note":"","_monsterinsights_sitenote_category":0},"categories":[7],"tags":[],"aioseo_notices":[],"gutentor_comment":0,"rttpg_featured_image_url":{"full":["https:\/\/arantv.az\/wp-content\/uploads\/2020\/11\/894703_00.jpg",800,600,false],"landscape":["https:\/\/arantv.az\/wp-content\/uploads\/2020\/11\/894703_00.jpg",800,600,false],"portraits":["https:\/\/arantv.az\/wp-content\/uploads\/2020\/11\/894703_00.jpg",800,600,false],"thumbnail":["https:\/\/arantv.az\/wp-content\/uploads\/2020\/11\/894703_00-150x150.jpg",150,150,true],"medium":["https:\/\/arantv.az\/wp-content\/uploads\/2020\/11\/894703_00-300x225.jpg",300,225,true],"large":["https:\/\/arantv.az\/wp-content\/uploads\/2020\/11\/894703_00.jpg",640,480,false],"1536x1536":["https:\/\/arantv.az\/wp-content\/uploads\/2020\/11\/894703_00.jpg",800,600,false],"2048x2048":["https:\/\/arantv.az\/wp-content\/uploads\/2020\/11\/894703_00.jpg",800,600,false],"post-thumbnail":["https:\/\/arantv.az\/wp-content\/uploads\/2020\/11\/894703_00-240x172.jpg",240,172,true],"advps-thumb-one":["https:\/\/arantv.az\/wp-content\/uploads\/2020\/11\/894703_00.jpg",800,600,false]},"rttpg_author":{"display_name":"V\u00fcsal Rafiqo\u011flu","author_link":"https:\/\/arantv.az\/?author=2"},"rttpg_comment":0,"rttpg_category":"<a href=\"https:\/\/arantv.az\/?cat=7\" rel=\"category\">D\u00fcnya<\/a>","rttpg_excerpt":"Noyabr\u0131n 10-da T\u00fcrkiy\u0259 C\u00fcmhuriyy\u0259tinin qurucusu Mustafa Kamal Atat\u00fcrk\u00fcn an\u0131m g\u00fcn\u00fcnd\u0259 evinin p\u0259nc\u0259r\u0259sind\u0259n A\u011fr\u0131 da\u011f\u0131na baxan h\u0259r bir erm\u0259ni, Az\u0259rbaycan v\u0259 T\u00fcrkiy\u0259 bayraqlar\u0131n\u0131 g\u00f6r\u0259c\u0259k. ARANTV.AZ x\u0259b\u0259r verir ki, bunu\u00a0Trend-\u0259 \u00f6z\u0259l a\u00e7\u0131qlamas\u0131nda T\u00fcrkiy\u0259nin A\u011fr\u0131 vilay\u0259tinin b\u0259l\u0259diyy\u0259 s\u0259dri Savc\u0131 Sayan bildirib. B\u0259l\u0259diyy\u0259 s\u0259dri qeyd edib ki, layih\u0259nin h\u0259yata ke\u00e7irilm\u0259sind\u0259 onlara d\u0259st\u0259k olanlar da var. Nax\u00e7\u0131vanda f\u0259aliyy\u0259t g\u00f6st\u0259r\u0259n GemiKaya&hellip;","_links":{"self":[{"href":"https:\/\/arantv.az\/index.php?rest_route=\/wp\/v2\/posts\/232438"}],"collection":[{"href":"https:\/\/arantv.az\/index.php?rest_route=\/wp\/v2\/posts"}],"about":[{"href":"https:\/\/arantv.az\/index.php?rest_route=\/wp\/v2\/types\/post"}],"author":[{"embeddable":true,"href":"https:\/\/arantv.az\/index.php?rest_route=\/wp\/v2\/users\/2"}],"replies":[{"embeddable":true,"href":"https:\/\/arantv.az\/index.php?rest_route=%2Fwp%2Fv2%2Fcomments&post=232438"}],"version-history":[{"count":0,"href":"https:\/\/arantv.az\/index.php?rest_route=\/wp\/v2\/posts\/232438\/revisions"}],"wp:featuredmedia":[{"embeddable":true,"href":"https:\/\/arantv.az\/index.php?rest_route=\/wp\/v2\/media\/232439"}],"wp:attachment":[{"href":"https:\/\/arantv.az\/index.php?rest_route=%2Fwp%2Fv2%2Fmedia&parent=232438"}],"wp:term":[{"taxonomy":"category","embeddable":true,"href":"https:\/\/arantv.az\/index.php?rest_route=%2Fwp%2Fv2%2Fcategories&post=232438"},{"taxonomy":"post_tag","embeddable":true,"href":"https:\/\/arantv.az\/index.php?rest_route=%2Fwp%2Fv2%2Ftags&post=232438"}],"curies":[{"name":"wp","href":"https:\/\/api.w.org\/{rel}","templated":true}]}}