{"id":232450,"date":"2020-11-04T13:44:38","date_gmt":"2020-11-04T10:44:38","guid":{"rendered":"http:\/\/arantv.az\/?p=232450"},"modified":"2020-11-04T13:44:38","modified_gmt":"2020-11-04T10:44:38","slug":"az%c9%99rbaycan-ordusu-dusm%c9%99nin-cox-sayda-canli-quvv%c9%99sini-m%c9%99hv-etdi-aralarinda-kapitan-da-var-r%c9%99smi","status":"publish","type":"post","link":"https:\/\/arantv.az\/?p=232450","title":{"rendered":"Az\u0259rbaycan ordusu d\u00fc\u015fm\u0259nin \u00e7ox sayda canl\u0131 q\u00fcvv\u0259sini m\u0259hv etdi: Aralar\u0131nda kapitan da var &#8211; R\u018fSM\u0130"},"content":{"rendered":"<p>\u201cC\u0259bh\u0259nin A\u011fd\u0259r\u0259 istiqam\u0259tind\u0259 d\u00f6y\u00fc\u015fl\u0259rd\u0259 i\u015ftirak ed\u0259n Erm\u0259nistan silahl\u0131 q\u00fcvv\u0259l\u0259rinin 5-ci da\u011fat\u0131c\u0131 alay\u0131n\u0131n b\u00f6lm\u0259l\u0259rin\u0259 vurulan at\u0259\u015f z\u0259rb\u0259si il\u0259 xeyli sayda \u015f\u0259xsi hey\u0259t m\u0259hv edilib v\u0259 d\u00f6y\u00fc\u015f texnikas\u0131 s\u0131radan \u00e7\u0131xar\u0131l\u0131b\u201d.<\/p>\n<div id=\"AdviadNativeVideo0\" class=\"AdviadNativeVideo\"><\/div>\n<p>Bu bar\u0259d\u0259 Az\u0259rbaycan\u0131n M\u00fcdafi\u0259 Nazirliyi m\u0259lumat yay\u0131b.<\/p>\n<p>Bildirilib ki, UAZ markal\u0131 h\u0259rbi avtomobilin s\u0131radan \u00e7\u0131xar\u0131lmas\u0131 n\u0259tic\u0259sind\u0259 m\u0259hv edil\u0259n \u015f\u0259xsi hey\u0259tin\u00a0aras\u0131nda\u00a0h\u0259rbi hiss\u0259nin zabiti kapitan Ando Qrikoryan da olub.<\/p>\n","protected":false},"excerpt":{"rendered":"<p>\u201cC\u0259bh\u0259nin A\u011fd\u0259r\u0259 istiqam\u0259tind\u0259 d\u00f6y\u00fc\u015fl\u0259rd\u0259 i\u015ftirak ed\u0259n Erm\u0259nistan silahl\u0131 q\u00fcvv\u0259l\u0259rinin 5-ci da\u011fat\u0131c\u0131 alay\u0131n\u0131n b\u00f6lm\u0259l\u0259rin\u0259 vurulan at\u0259\u015f z\u0259rb\u0259si il\u0259 xeyli sayda \u015f\u0259xsi hey\u0259t m\u0259hv edilib v\u0259 d\u00f6y\u00fc\u015f texnikas\u0131 s\u0131radan \u00e7\u0131xar\u0131l\u0131b\u201d. Bu bar\u0259d\u0259 Az\u0259rbaycan\u0131n M\u00fcdafi\u0259 Nazirliyi m\u0259lumat yay\u0131b. Bildirilib ki, UAZ markal\u0131 h\u0259rbi avtomobilin s\u0131radan \u00e7\u0131xar\u0131lmas\u0131 n\u0259tic\u0259sind\u0259 m\u0259hv edil\u0259n \u015f\u0259xsi hey\u0259tin\u00a0aras\u0131nda\u00a0h\u0259rbi hiss\u0259nin zabiti kapitan Ando Qrikoryan da olub.<\/p>\n","protected":false},"author":2,"featured_media":232451,"comment_status":"closed","ping_status":"closed","sticky":false,"template":"","format":"standard","meta":{"om_disable_all_campaigns":false,"_monsterinsights_skip_tracking":false,"_monsterinsights_sitenote_active":false,"_monsterinsights_sitenote_note":"","_monsterinsights_sitenote_category":0},"categories":[10],"tags":[],"aioseo_notices":[],"gutentor_comment":0,"rttpg_featured_image_url":{"full":["https:\/\/arantv.az\/wp-content\/uploads\/2020\/11\/1295173.jpg",620,412,false],"landscape":["https:\/\/arantv.az\/wp-content\/uploads\/2020\/11\/1295173.jpg",620,412,false],"portraits":["https:\/\/arantv.az\/wp-content\/uploads\/2020\/11\/1295173.jpg",620,412,false],"thumbnail":["https:\/\/arantv.az\/wp-content\/uploads\/2020\/11\/1295173-150x150.jpg",150,150,true],"medium":["https:\/\/arantv.az\/wp-content\/uploads\/2020\/11\/1295173-300x199.jpg",300,199,true],"large":["https:\/\/arantv.az\/wp-content\/uploads\/2020\/11\/1295173.jpg",620,412,false],"1536x1536":["https:\/\/arantv.az\/wp-content\/uploads\/2020\/11\/1295173.jpg",620,412,false],"2048x2048":["https:\/\/arantv.az\/wp-content\/uploads\/2020\/11\/1295173.jpg",620,412,false],"post-thumbnail":["https:\/\/arantv.az\/wp-content\/uploads\/2020\/11\/1295173-240x172.jpg",240,172,true],"advps-thumb-one":["https:\/\/arantv.az\/wp-content\/uploads\/2020\/11\/1295173.jpg",620,412,false]},"rttpg_author":{"display_name":"V\u00fcsal Rafiqo\u011flu","author_link":"https:\/\/arantv.az\/?author=2"},"rttpg_comment":0,"rttpg_category":"<a href=\"https:\/\/arantv.az\/?cat=10\" rel=\"category\">C\u0259bh\u0259d\u0259n X\u0259b\u0259r<\/a>","rttpg_excerpt":"\u201cC\u0259bh\u0259nin A\u011fd\u0259r\u0259 istiqam\u0259tind\u0259 d\u00f6y\u00fc\u015fl\u0259rd\u0259 i\u015ftirak ed\u0259n Erm\u0259nistan silahl\u0131 q\u00fcvv\u0259l\u0259rinin 5-ci da\u011fat\u0131c\u0131 alay\u0131n\u0131n b\u00f6lm\u0259l\u0259rin\u0259 vurulan at\u0259\u015f z\u0259rb\u0259si il\u0259 xeyli sayda \u015f\u0259xsi hey\u0259t m\u0259hv edilib v\u0259 d\u00f6y\u00fc\u015f texnikas\u0131 s\u0131radan \u00e7\u0131xar\u0131l\u0131b\u201d. Bu bar\u0259d\u0259 Az\u0259rbaycan\u0131n M\u00fcdafi\u0259 Nazirliyi m\u0259lumat yay\u0131b. Bildirilib ki, UAZ markal\u0131 h\u0259rbi avtomobilin s\u0131radan \u00e7\u0131xar\u0131lmas\u0131 n\u0259tic\u0259sind\u0259 m\u0259hv edil\u0259n \u015f\u0259xsi hey\u0259tin\u00a0aras\u0131nda\u00a0h\u0259rbi hiss\u0259nin zabiti kapitan Ando Qrikoryan da olub.","_links":{"self":[{"href":"https:\/\/arantv.az\/index.php?rest_route=\/wp\/v2\/posts\/232450"}],"collection":[{"href":"https:\/\/arantv.az\/index.php?rest_route=\/wp\/v2\/posts"}],"about":[{"href":"https:\/\/arantv.az\/index.php?rest_route=\/wp\/v2\/types\/post"}],"author":[{"embeddable":true,"href":"https:\/\/arantv.az\/index.php?rest_route=\/wp\/v2\/users\/2"}],"replies":[{"embeddable":true,"href":"https:\/\/arantv.az\/index.php?rest_route=%2Fwp%2Fv2%2Fcomments&post=232450"}],"version-history":[{"count":0,"href":"https:\/\/arantv.az\/index.php?rest_route=\/wp\/v2\/posts\/232450\/revisions"}],"wp:featuredmedia":[{"embeddable":true,"href":"https:\/\/arantv.az\/index.php?rest_route=\/wp\/v2\/media\/232451"}],"wp:attachment":[{"href":"https:\/\/arantv.az\/index.php?rest_route=%2Fwp%2Fv2%2Fmedia&parent=232450"}],"wp:term":[{"taxonomy":"category","embeddable":true,"href":"https:\/\/arantv.az\/index.php?rest_route=%2Fwp%2Fv2%2Fcategories&post=232450"},{"taxonomy":"post_tag","embeddable":true,"href":"https:\/\/arantv.az\/index.php?rest_route=%2Fwp%2Fv2%2Ftags&post=232450"}],"curies":[{"name":"wp","href":"https:\/\/api.w.org\/{rel}","templated":true}]}}