{"id":232454,"date":"2020-11-04T13:46:02","date_gmt":"2020-11-04T10:46:02","guid":{"rendered":"http:\/\/arantv.az\/?p=232454"},"modified":"2020-11-04T13:46:02","modified_gmt":"2020-11-04T10:46:02","slug":"qubada-evi-t%c9%99rk-ed%c9%99n-covid-19-x%c9%99st%c9%99sin%c9%99-x%c9%99b%c9%99rdarliq-edildi","status":"publish","type":"post","link":"https:\/\/arantv.az\/?p=232454","title":{"rendered":"Qubada evi t\u0259rk ed\u0259n COVID-19 x\u0259st\u0259sin\u0259 x\u0259b\u0259rdarl\u0131q edildi"},"content":{"rendered":"<p><strong>Qubada evi t\u0259rk ed\u0259n COVID-19 x\u0259st\u0259sin\u0259 x\u0259b\u0259rdarl\u0131q edilib.<\/strong><\/p>\n<p>Daxili \u0130\u015fl\u0259r Nazirliyinin M\u0259tbuat Xidm\u0259tinin Quba regional qrupundan ARANTV.AZ-a veril\u0259n m\u0259lumata g\u00f6r\u0259, Quba rayon Z\u0259rdabi q\u0259s\u0259b\u0259 sakini Cabir Yar\u0259hm\u0259dov COVID-19 infeksiyas\u0131 testinin pozitiv n\u0259tic\u0259sin\u0259 go\u0308r\u0259 ona ev s\u0327\u0259raitind\u0259 mu\u0308alic\u0259 t\u0259yin edilib.<\/p>\n<p>Lakin ad\u0131 \u00e7\u0259kil\u0259n \u015f\u0259xs t\u0259yin edil\u0259n qaydalara baxmayaraq, yas\u0327ay\u0131s\u0327 yerini t\u0259rk etmi\u015f v\u0259 dig\u0259r insanlar \u00fc\u00e7\u00fcn real t\u0259hl\u00fck\u0259 yaratm\u0131\u015fd\u0131r.<\/p>\n<p>Polis \u015f\u00f6b\u0259sinin \u0259m\u0259kda\u015flar\u0131 t\u0259r\u0259find\u0259n qaydalar\u0131 pozan v\u0259 sakinl\u0259rin sa\u011flaml\u0131\u011f\u0131 \u00fc\u00e7\u00fcn ciddi t\u0259hl\u00fck\u0259 yaradan Cabir Yar\u0259hm\u0259dovun t\u00f6r\u0259tdiyi qanunazidd h\u0259r\u0259k\u0259tinin qar\u015f\u0131s\u0131 d\u0259rhal al\u0131naraq, ya\u015fad\u0131\u011f\u0131 \u00fcnvana qaytar\u0131l\u0131b v\u0259 tam sa\u011falanad\u0259k evd\u0259n \u00e7\u0131xmamas\u0131 bar\u0259d\u0259 ciddi x\u0259b\u0259rdarl\u0131q edilib. H\u0259min \u015f\u0259xsin t\u00f6r\u0259tdiyi \u0259m\u0259l\u0259 h\u00fcquqi qiym\u0259t verilm\u0259si \u00fc\u00e7\u00fcn RP\u015e-nin \u0130stintaq B\u00f6lm\u0259sind\u0259 ara\u015fd\u0131rmalar apar\u0131l\u0131r.<\/p>\n","protected":false},"excerpt":{"rendered":"<p>Qubada evi t\u0259rk ed\u0259n COVID-19 x\u0259st\u0259sin\u0259 x\u0259b\u0259rdarl\u0131q edilib. Daxili \u0130\u015fl\u0259r Nazirliyinin M\u0259tbuat Xidm\u0259tinin Quba regional qrupundan ARANTV.AZ-a veril\u0259n m\u0259lumata g\u00f6r\u0259, Quba rayon Z\u0259rdabi q\u0259s\u0259b\u0259 sakini Cabir Yar\u0259hm\u0259dov COVID-19 infeksiyas\u0131 testinin pozitiv n\u0259tic\u0259sin\u0259 go\u0308r\u0259 ona ev s\u0327\u0259raitind\u0259 mu\u0308alic\u0259 t\u0259yin edilib. Lakin ad\u0131 \u00e7\u0259kil\u0259n \u015f\u0259xs t\u0259yin edil\u0259n qaydalara baxmayaraq, yas\u0327ay\u0131s\u0327 yerini t\u0259rk etmi\u015f v\u0259 dig\u0259r insanlar \u00fc\u00e7\u00fcn real t\u0259hl\u00fck\u0259 yaratm\u0131\u015fd\u0131r. Polis \u015f\u00f6b\u0259sinin \u0259m\u0259kda\u015flar\u0131 t\u0259r\u0259find\u0259n qaydalar\u0131 pozan v\u0259 sakinl\u0259rin sa\u011flaml\u0131\u011f\u0131 \u00fc\u00e7\u00fcn ciddi t\u0259hl\u00fck\u0259 yaradan Cabir Yar\u0259hm\u0259dovun t\u00f6r\u0259tdiyi qanunazidd h\u0259r\u0259k\u0259tinin qar\u015f\u0131s\u0131 d\u0259rhal al\u0131naraq, ya\u015fad\u0131\u011f\u0131 \u00fcnvana qaytar\u0131l\u0131b v\u0259 tam sa\u011falanad\u0259k evd\u0259n \u00e7\u0131xmamas\u0131 bar\u0259d\u0259 ciddi x\u0259b\u0259rdarl\u0131q&hellip;<\/p>\n","protected":false},"author":2,"featured_media":232455,"comment_status":"closed","ping_status":"closed","sticky":false,"template":"","format":"standard","meta":{"om_disable_all_campaigns":false,"_monsterinsights_skip_tracking":false,"_monsterinsights_sitenote_active":false,"_monsterinsights_sitenote_note":"","_monsterinsights_sitenote_category":0},"categories":[2],"tags":[],"aioseo_notices":[],"gutentor_comment":0,"rttpg_featured_image_url":{"full":["https:\/\/arantv.az\/wp-content\/uploads\/2020\/11\/894656.jpg",800,600,false],"landscape":["https:\/\/arantv.az\/wp-content\/uploads\/2020\/11\/894656.jpg",800,600,false],"portraits":["https:\/\/arantv.az\/wp-content\/uploads\/2020\/11\/894656.jpg",800,600,false],"thumbnail":["https:\/\/arantv.az\/wp-content\/uploads\/2020\/11\/894656-150x150.jpg",150,150,true],"medium":["https:\/\/arantv.az\/wp-content\/uploads\/2020\/11\/894656-300x225.jpg",300,225,true],"large":["https:\/\/arantv.az\/wp-content\/uploads\/2020\/11\/894656.jpg",640,480,false],"1536x1536":["https:\/\/arantv.az\/wp-content\/uploads\/2020\/11\/894656.jpg",800,600,false],"2048x2048":["https:\/\/arantv.az\/wp-content\/uploads\/2020\/11\/894656.jpg",800,600,false],"post-thumbnail":["https:\/\/arantv.az\/wp-content\/uploads\/2020\/11\/894656-240x172.jpg",240,172,true],"advps-thumb-one":["https:\/\/arantv.az\/wp-content\/uploads\/2020\/11\/894656.jpg",800,600,false]},"rttpg_author":{"display_name":"V\u00fcsal Rafiqo\u011flu","author_link":"https:\/\/arantv.az\/?author=2"},"rttpg_comment":0,"rttpg_category":"<a href=\"https:\/\/arantv.az\/?cat=2\" rel=\"category\">Region X\u0259b\u0259rl\u0259ri<\/a>","rttpg_excerpt":"Qubada evi t\u0259rk ed\u0259n COVID-19 x\u0259st\u0259sin\u0259 x\u0259b\u0259rdarl\u0131q edilib. Daxili \u0130\u015fl\u0259r Nazirliyinin M\u0259tbuat Xidm\u0259tinin Quba regional qrupundan ARANTV.AZ-a veril\u0259n m\u0259lumata g\u00f6r\u0259, Quba rayon Z\u0259rdabi q\u0259s\u0259b\u0259 sakini Cabir Yar\u0259hm\u0259dov COVID-19 infeksiyas\u0131 testinin pozitiv n\u0259tic\u0259sin\u0259 go\u0308r\u0259 ona ev s\u0327\u0259raitind\u0259 mu\u0308alic\u0259 t\u0259yin edilib. Lakin ad\u0131 \u00e7\u0259kil\u0259n \u015f\u0259xs t\u0259yin edil\u0259n qaydalara baxmayaraq, yas\u0327ay\u0131s\u0327 yerini t\u0259rk etmi\u015f v\u0259 dig\u0259r insanlar \u00fc\u00e7\u00fcn&hellip;","_links":{"self":[{"href":"https:\/\/arantv.az\/index.php?rest_route=\/wp\/v2\/posts\/232454"}],"collection":[{"href":"https:\/\/arantv.az\/index.php?rest_route=\/wp\/v2\/posts"}],"about":[{"href":"https:\/\/arantv.az\/index.php?rest_route=\/wp\/v2\/types\/post"}],"author":[{"embeddable":true,"href":"https:\/\/arantv.az\/index.php?rest_route=\/wp\/v2\/users\/2"}],"replies":[{"embeddable":true,"href":"https:\/\/arantv.az\/index.php?rest_route=%2Fwp%2Fv2%2Fcomments&post=232454"}],"version-history":[{"count":0,"href":"https:\/\/arantv.az\/index.php?rest_route=\/wp\/v2\/posts\/232454\/revisions"}],"wp:featuredmedia":[{"embeddable":true,"href":"https:\/\/arantv.az\/index.php?rest_route=\/wp\/v2\/media\/232455"}],"wp:attachment":[{"href":"https:\/\/arantv.az\/index.php?rest_route=%2Fwp%2Fv2%2Fmedia&parent=232454"}],"wp:term":[{"taxonomy":"category","embeddable":true,"href":"https:\/\/arantv.az\/index.php?rest_route=%2Fwp%2Fv2%2Fcategories&post=232454"},{"taxonomy":"post_tag","embeddable":true,"href":"https:\/\/arantv.az\/index.php?rest_route=%2Fwp%2Fv2%2Ftags&post=232454"}],"curies":[{"name":"wp","href":"https:\/\/api.w.org\/{rel}","templated":true}]}}