{"id":232462,"date":"2020-11-04T14:09:20","date_gmt":"2020-11-04T11:09:20","guid":{"rendered":"http:\/\/arantv.az\/?p=232462"},"modified":"2020-11-04T14:09:20","modified_gmt":"2020-11-04T11:09:20","slug":"fransanin-ekstremist-zouaves-paris-qruplasmasinin-lideri-erm%c9%99nistan-t%c9%99r%c9%99find%c9%99n-muzdlu-kimi-istifad%c9%99-olunur-foto","status":"publish","type":"post","link":"https:\/\/arantv.az\/?p=232462","title":{"rendered":"Fransan\u0131n ekstremist &#8220;Zouaves Paris&#8221; qrupla\u015fmas\u0131n\u0131n lideri Erm\u0259nistan t\u0259r\u0259find\u0259n muzdlu kimi istifad\u0259 olunur &#8211; FOTO"},"content":{"rendered":"<p><strong>D\u00f6vl\u0259t s\u0259viyy\u0259sind\u0259 terroru d\u0259st\u0259kl\u0259y\u0259r\u0259k, terror\u00e7ulu\u011fu t\u0259cav\u00fczkar siyas\u0259tinin \u0259sas vasit\u0259l\u0259rind\u0259n birin\u0259 \u00e7evirmi\u015f Erm\u0259nistan Respublikas\u0131n\u0131n i\u015f\u011fal\u00e7\u0131 mahiyy\u0259tinin beyn\u0259lxalq m\u00fcst\u0259vid\u0259 bir daha if\u015fa edilm\u0259si \u00fc\u00e7\u00fcn Az\u0259rbaycan Respublikas\u0131n\u0131n Ba\u015f Prokurorlu\u011fu t\u0259r\u0259find\u0259n t\u0259xir\u0259sal\u0131nmaz t\u0259dbirl\u0259rin g\u00f6r\u00fclm\u0259si davam etdirilir.<\/strong><\/p>\n<p>H\u0259yata ke\u00e7iril\u0259n bu t\u0259dbirl\u0259rin davam\u0131 kimi, Fransa Respublikas\u0131n\u0131n v\u0259t\u0259nda\u015f\u0131, Parisd\u0259 zorak\u0131l\u0131\u011f\u0131n \u0259sas t\u0259hrik\u00e7isi olan Fransan\u0131n ekstremist &#8220;Zouaves Paris&#8221; (ZVP) qrupla\u015fmas\u0131n\u0131n lideri, \u00f6z\u00fcn\u00fc sosial \u015f\u0259b\u0259k\u0259l\u0259rd\u0259 fa\u015fist adland\u0131ran v\u0259 terroristik qrupla\u015fma olan &#8220;SS&#8221; fa\u015fist t\u0259\u015fkilat\u0131n\u0131n simvolikas\u0131ndan istifad\u0259 ed\u0259n Marc de Cacqeray-Valmenier-in (Mark De Kakkere-Valmenirin) v\u0259 dig\u0259rl\u0259rinin Az\u0259rbaycan Respublikas\u0131n\u0131n \u0259razisind\u0259 t\u00f6r\u0259tdiyi cinay\u0259t \u0259m\u0259ll\u0259rin\u0259 dair toplanm\u0131\u015f materiallar, habel\u0259 k\u00fctl\u0259vi informasiya vasit\u0259l\u0259ri v\u0259 sosial media s\u0259hif\u0259l\u0259rind\u0259 a\u015fkar edilmi\u015f m\u0259lumatlar \u00fczr\u0259 Az\u0259rbaycan Respublikas\u0131 Ba\u015f Prokurorlu\u011funda ara\u015fd\u0131rma apar\u0131lm\u0131\u015fd\u0131r.<\/p>\n<p>Ara\u015fd\u0131rmalarla qeyd olunan cinay\u0259tkar birlik v\u0259 \u00fczvl\u0259rinin 2020-ci ilin oktyabr ay\u0131nda Erm\u0259nistan\u0131n aidiyy\u0259ti d\u00f6vl\u0259t qurumlar\u0131n\u0131n t\u0259\u015fkilat\u00e7\u0131l\u0131\u011f\u0131 v\u0259 d\u0259st\u0259yi il\u0259 Erm\u0259nistana g\u0259l\u0259r\u0259k Az\u0259rbaycan Respublikas\u0131n\u0131n i\u015f\u011fal olunmu\u015f \u0259razil\u0259rind\u0259 olan dig\u0259r \u015f\u0259xsl\u0259rl\u0259 cinay\u0259t \u0259laq\u0259sin\u0259 girib cinay\u0259tkar birlik hal\u0131nda Az\u0259rbaycan Respublikas\u0131n\u0131n beyn\u0259lxalq s\u0259viyy\u0259d\u0259 tan\u0131nm\u0131\u015f d\u00f6vl\u0259t s\u0259rh\u0259dini m\u00fc\u0259yy\u0259n edilmi\u015f s\u0259n\u0259dl\u0259r olmadan v\u0259 d\u00f6vl\u0259t s\u0259rh\u0259dinin n\u0259zar\u0259t-burax\u0131l\u0131\u015f m\u0259nt\u0259q\u0259l\u0259rind\u0259n k\u0259narda, y\u0259ni Erm\u0259nistan \u0259razisind\u0259n qanunsuz ke\u00e7\u0259r\u0259k Xank\u0259ndi \u015f\u0259h\u0259ri v\u0259 i\u015f\u011fal alt\u0131nda olan dig\u0259r ya\u015fay\u0131\u015f m\u0259nt\u0259q\u0259l\u0259rin\u0259 g\u0259lm\u0259l\u0259ri, Az\u0259rbaycan Respublikas\u0131n\u0131n dinc v\u0259t\u0259nda\u015flar\u0131na v\u0259 antiterror \u0259m\u0259liyyatlar\u0131n\u0131 h\u0259yata ke\u00e7ir\u0259n silahl\u0131 q\u00fcvv\u0259l\u0259rin\u0259 qar\u015f\u0131 Erm\u0259nistan\u0131n siyasi-h\u0259rbi rejimi t\u0259r\u0259find\u0259n muzdlu kimi istifad\u0259 edilm\u0259l\u0259ri m\u00fc\u0259yy\u0259n edilmi\u015fdir.<\/p>\n<p>Bundan ba\u015fqa, cinay\u0259tkar birlik \u00fczvl\u0259rinin d\u00f6y\u00fc\u015f sursatlar\u0131ndan, h\u0259rbi texnikadan istifad\u0259 edib at\u0259\u015fl\u0259r a\u00e7araq x\u00fcsusi amans\u0131zl\u0131q v\u0259 \u00fcmumi t\u0259hl\u00fck\u0259li \u00fcsulla, milli d\u00fc\u015fm\u0259n\u00e7ilik niyy\u0259ti il\u0259, habel\u0259 d\u00f6y\u00fc\u015f \u0259m\u0259liyyatlar\u0131nda i\u015ftirak etm\u0259y\u0259n dinc sakinl\u0259r\u0259 qar\u015f\u0131 \u00e7oxsayl\u0131 cinay\u0259t \u0259m\u0259ll\u0259rin\u0259 yol verm\u0259l\u0259ri, ictimai t\u0259hl\u00fck\u0259li n\u0259tic\u0259l\u0259rin ba\u015f verm\u0259si t\u0259hl\u00fck\u0259si yaradan partlay\u0131\u015f, yan\u011f\u0131n v\u0259 ya dig\u0259r h\u0259r\u0259k\u0259tl\u0259r t\u00f6r\u0259tm\u0259kl\u0259 Az\u0259rbaycan Respublikas\u0131 v\u0259t\u0259nda\u015flar\u0131na qar\u015f\u0131 terror\u00e7uluq f\u0259aliyy\u0259tind\u0259 i\u015ftirak etm\u0259l\u0259ri a\u015fkar edilmi\u015fdir.<\/p>\n<p>Faktla ba\u011fl\u0131 Az\u0259rbaycan Respublikas\u0131n\u0131n Ba\u015f prokuroru t\u0259r\u0259find\u0259n Az\u0259rbaycan Respublikas\u0131n\u0131n Cinay\u0259t M\u0259c\u0259ll\u0259sinin 100.2 (t\u0259cav\u00fczkar m\u00fcharib\u0259ni aparma), 120.2.1 (cinay\u0259tkar birlik-t\u0259\u015fkilat t\u0259r\u0259find\u0259n q\u0259sd\u0259n adam \u00f6ld\u00fcrm\u0259), 318.2-ci (Az\u0259rbaycan Respublikas\u0131n\u0131n d\u00f6vl\u0259t s\u0259rh\u0259dini qanunsuz olaraq ke\u00e7m\u0259) v\u0259 dig\u0259r madd\u0259l\u0259ri il\u0259 cinay\u0259t i\u015fi ba\u015flan\u0131lm\u0131\u015f v\u0259 istintaq\u0131n apar\u0131lmas\u0131 Ba\u015f Prokurorlu\u011fun \u0130stintaq \u0130dar\u0259sin\u0259 h\u0259val\u0259 edilmi\u015fdir.<\/p>\n<p>Hal-haz\u0131rda qeyd edil\u0259n cinay\u0259t i\u015fi il\u0259 \u0259laq\u0259dar Ba\u015f Prokurorluq t\u0259r\u0259find\u0259n Fransan\u0131n aidiyy\u0259ti d\u00f6vl\u0259t qurumlar\u0131na h\u00fcquqi yard\u0131m\u0131n g\u00f6st\u0259rilm\u0259si haqq\u0131nda v\u0259sat\u0259t haz\u0131rlan\u0131r.<\/p>\n<p>Eyni zamanda, x\u0259b\u0259r verildiyi kimi, Erm\u0259nistan Respublikas\u0131n\u0131n v\u0259t\u0259nda\u015f\u0131 Vladimir Vartanov v\u0259 qeyril\u0259rinin m\u00fcxt\u0259lif \u00f6lk\u0259l\u0259rin v\u0259t\u0259nda\u015flar\u0131 olan erm\u0259ni \u0259silli v\u0259 dig\u0259r \u015f\u0259xsl\u0259rd\u0259n ibar\u0259t &#8220;VoMa&#8221; (&#8220;Voxj Mnalu Arvest&#8221; &#8211; sa\u011f qalmaq s\u0259n\u0259ti) ad\u0131 alt\u0131nda Az\u0259rbaycan Respublikas\u0131n\u0131n qanunvericiliyind\u0259 n\u0259z\u0259rd\u0259 tutulmayan silahl\u0131 birl\u0259\u015fm\u0259 yaratmalar\u0131, birl\u0259\u015fm\u0259 \u00fczvl\u0259rin\u0259 terror\u00e7uluq m\u0259qs\u0259dil\u0259 t\u0259lim ke\u00e7m\u0259l\u0259ri, i\u015f\u011fal olunmu\u015f \u0259razil\u0259rimizd\u0259 terror\u00e7uluq \u0259m\u0259ll\u0259rini t\u00f6r\u0259tm\u0259l\u0259rin\u0259 dair Az\u0259rbaycan Respublikas\u0131n\u0131n Ba\u015f Prokurorlu\u011fu t\u0259r\u0259find\u0259n ba\u015flanm\u0131\u015f cinay\u0259t i\u015fi \u00fczr\u0259 Vladimir Vartanov Cinay\u0259t M\u0259c\u0259ll\u0259sinin m\u00fcvafiq madd\u0259l\u0259ri il\u0259 t\u0259qsirl\u0259ndiril\u0259n \u015f\u0259xs qismind\u0259 c\u0259lb edilmi\u015f, m\u0259hk\u0259m\u0259nin q\u0259rar\u0131 il\u0259 bar\u0259sind\u0259 qiyabi h\u0259bs se\u00e7ilm\u0259kl\u0259 istintaq orqan\u0131 t\u0259r\u0259find\u0259n beyn\u0259lxalq axtar\u0131\u015f elan edilmi\u015fdir.<\/p>\n<p>Haz\u0131rda h\u0259r iki cinay\u0259t i\u015fi \u00fczr\u0259 intensiv istintaq-\u0259m\u0259liyyat t\u0259dbirl\u0259ri davam etdirilir.<\/p>\n<h4>M\u0259qal\u0259y\u0259 dair fotomateriallar:<\/h4>\n<div class=\"article-gallery\">\n<div class=\"lSSlideOuter \">\n<div class=\"lSSlideWrapper usingCss\">\n<ul class=\"images-list lightSlider lsGrab lSSlide\">\n<li class=\"lslide active\" data-src=\"https:\/\/img.milli.az\/2020\/11\/04\/894711_01.jpg\" data-fancybox=\"894711\"><img src=\"https:\/\/img.milli.az\/2020\/11\/04\/894711_01.jpg\" alt=\"\" \/><\/li>\n<li class=\"lslide\" data-src=\"https:\/\/img.milli.az\/2020\/11\/04\/894711_02.jpg\" data-fancybox=\"894711\"><img src=\"https:\/\/img.milli.az\/2020\/11\/04\/894711_02.jpg\" alt=\"\" \/><\/li>\n<li class=\"lslide\" data-src=\"https:\/\/img.milli.az\/2020\/11\/04\/894711_03.jpg\" data-fancybox=\"894711\"><img src=\"https:\/\/img.milli.az\/2020\/11\/04\/894711_03.jpg\" alt=\"\" \/><\/li>\n<li class=\"lslide\" data-src=\"https:\/\/img.milli.az\/2020\/11\/04\/894711_04.jpg\" data-fancybox=\"894711\"><img src=\"https:\/\/img.milli.az\/2020\/11\/04\/894711_04.jpg\" alt=\"\" \/><\/li>\n<li class=\"lslide\" data-src=\"https:\/\/img.milli.az\/2020\/11\/04\/894711_05.jpg\" data-fancybox=\"894711\"><img src=\"https:\/\/img.milli.az\/2020\/11\/04\/894711_05.jpg\" alt=\"\" \/><\/li>\n<li class=\"lslide\" data-src=\"https:\/\/img.milli.az\/2020\/11\/04\/894711_06.jpg\" data-fancybox=\"894711\"><img src=\"https:\/\/img.milli.az\/2020\/11\/04\/894711_06.jpg\" alt=\"\" \/><\/li>\n<\/ul>\n<div class=\"lSAction\"><\/div>\n<\/div>\n<\/div>\n<div class=\"lSSlideOuter \">\n<div class=\"lSSlideWrapper usingCss\">\n<ul class=\"thumbs-list lightSlider lsGrab lSSlide\">\n<li class=\"lslide active\"><img src=\"https:\/\/img.milli.az\/2020\/11\/04\/894711_01.jpg\" alt=\"\" \/><\/li>\n<li class=\"lslide\"><img src=\"https:\/\/img.milli.az\/2020\/11\/04\/894711_02.jpg\" alt=\"\" \/><\/li>\n<li class=\"lslide\"><img src=\"https:\/\/img.milli.az\/2020\/11\/04\/894711_03.jpg\" alt=\"\" \/><\/li>\n<li class=\"lslide\"><img src=\"https:\/\/img.milli.az\/2020\/11\/04\/894711_04.jpg\" alt=\"\" \/><\/li>\n<li class=\"lslide\"><img src=\"https:\/\/img.milli.az\/2020\/11\/04\/894711_05.jpg\" alt=\"\" \/><\/li>\n<li class=\"lslide\"><img src=\"https:\/\/img.milli.az\/2020\/11\/04\/894711_06.jpg\" alt=\"\" \/><\/li>\n<\/ul>\n<div class=\"lSAction\"><\/div>\n<\/div>\n<\/div>\n<\/div>\n<p>&nbsp;<\/p>\n","protected":false},"excerpt":{"rendered":"<p>D\u00f6vl\u0259t s\u0259viyy\u0259sind\u0259 terroru d\u0259st\u0259kl\u0259y\u0259r\u0259k, terror\u00e7ulu\u011fu t\u0259cav\u00fczkar siyas\u0259tinin \u0259sas vasit\u0259l\u0259rind\u0259n birin\u0259 \u00e7evirmi\u015f Erm\u0259nistan Respublikas\u0131n\u0131n i\u015f\u011fal\u00e7\u0131 mahiyy\u0259tinin beyn\u0259lxalq m\u00fcst\u0259vid\u0259 bir daha if\u015fa edilm\u0259si \u00fc\u00e7\u00fcn Az\u0259rbaycan Respublikas\u0131n\u0131n Ba\u015f Prokurorlu\u011fu t\u0259r\u0259find\u0259n t\u0259xir\u0259sal\u0131nmaz t\u0259dbirl\u0259rin g\u00f6r\u00fclm\u0259si davam etdirilir. H\u0259yata ke\u00e7iril\u0259n bu t\u0259dbirl\u0259rin davam\u0131 kimi, Fransa Respublikas\u0131n\u0131n v\u0259t\u0259nda\u015f\u0131, Parisd\u0259 zorak\u0131l\u0131\u011f\u0131n \u0259sas t\u0259hrik\u00e7isi olan Fransan\u0131n ekstremist &#8220;Zouaves Paris&#8221; (ZVP) qrupla\u015fmas\u0131n\u0131n lideri, \u00f6z\u00fcn\u00fc sosial \u015f\u0259b\u0259k\u0259l\u0259rd\u0259 fa\u015fist adland\u0131ran v\u0259 terroristik qrupla\u015fma olan &#8220;SS&#8221; fa\u015fist t\u0259\u015fkilat\u0131n\u0131n simvolikas\u0131ndan istifad\u0259 ed\u0259n Marc de Cacqeray-Valmenier-in (Mark De Kakkere-Valmenirin) v\u0259 dig\u0259rl\u0259rinin Az\u0259rbaycan Respublikas\u0131n\u0131n \u0259razisind\u0259 t\u00f6r\u0259tdiyi cinay\u0259t \u0259m\u0259ll\u0259rin\u0259 dair toplanm\u0131\u015f materiallar, habel\u0259 k\u00fctl\u0259vi informasiya vasit\u0259l\u0259ri v\u0259&hellip;<\/p>\n","protected":false},"author":2,"featured_media":232463,"comment_status":"closed","ping_status":"closed","sticky":false,"template":"","format":"standard","meta":{"om_disable_all_campaigns":false,"_monsterinsights_skip_tracking":false,"_monsterinsights_sitenote_active":false,"_monsterinsights_sitenote_note":"","_monsterinsights_sitenote_category":0},"categories":[3],"tags":[],"aioseo_notices":[],"gutentor_comment":0,"rttpg_featured_image_url":{"full":["https:\/\/arantv.az\/wp-content\/uploads\/2020\/11\/894711_000.jpg",800,600,false],"landscape":["https:\/\/arantv.az\/wp-content\/uploads\/2020\/11\/894711_000.jpg",800,600,false],"portraits":["https:\/\/arantv.az\/wp-content\/uploads\/2020\/11\/894711_000.jpg",800,600,false],"thumbnail":["https:\/\/arantv.az\/wp-content\/uploads\/2020\/11\/894711_000-150x150.jpg",150,150,true],"medium":["https:\/\/arantv.az\/wp-content\/uploads\/2020\/11\/894711_000-300x225.jpg",300,225,true],"large":["https:\/\/arantv.az\/wp-content\/uploads\/2020\/11\/894711_000.jpg",640,480,false],"1536x1536":["https:\/\/arantv.az\/wp-content\/uploads\/2020\/11\/894711_000.jpg",800,600,false],"2048x2048":["https:\/\/arantv.az\/wp-content\/uploads\/2020\/11\/894711_000.jpg",800,600,false],"post-thumbnail":["https:\/\/arantv.az\/wp-content\/uploads\/2020\/11\/894711_000-240x172.jpg",240,172,true],"advps-thumb-one":["https:\/\/arantv.az\/wp-content\/uploads\/2020\/11\/894711_000.jpg",800,600,false]},"rttpg_author":{"display_name":"V\u00fcsal Rafiqo\u011flu","author_link":"https:\/\/arantv.az\/?author=2"},"rttpg_comment":0,"rttpg_category":"<a href=\"https:\/\/arantv.az\/?cat=3\" rel=\"category\">Kriminal<\/a>","rttpg_excerpt":"D\u00f6vl\u0259t s\u0259viyy\u0259sind\u0259 terroru d\u0259st\u0259kl\u0259y\u0259r\u0259k, terror\u00e7ulu\u011fu t\u0259cav\u00fczkar siyas\u0259tinin \u0259sas vasit\u0259l\u0259rind\u0259n birin\u0259 \u00e7evirmi\u015f Erm\u0259nistan Respublikas\u0131n\u0131n i\u015f\u011fal\u00e7\u0131 mahiyy\u0259tinin beyn\u0259lxalq m\u00fcst\u0259vid\u0259 bir daha if\u015fa edilm\u0259si \u00fc\u00e7\u00fcn Az\u0259rbaycan Respublikas\u0131n\u0131n Ba\u015f Prokurorlu\u011fu t\u0259r\u0259find\u0259n t\u0259xir\u0259sal\u0131nmaz t\u0259dbirl\u0259rin g\u00f6r\u00fclm\u0259si davam etdirilir. H\u0259yata ke\u00e7iril\u0259n bu t\u0259dbirl\u0259rin davam\u0131 kimi, Fransa Respublikas\u0131n\u0131n v\u0259t\u0259nda\u015f\u0131, Parisd\u0259 zorak\u0131l\u0131\u011f\u0131n \u0259sas t\u0259hrik\u00e7isi olan Fransan\u0131n ekstremist &#8220;Zouaves Paris&#8221; (ZVP) qrupla\u015fmas\u0131n\u0131n lideri, \u00f6z\u00fcn\u00fc sosial&hellip;","_links":{"self":[{"href":"https:\/\/arantv.az\/index.php?rest_route=\/wp\/v2\/posts\/232462"}],"collection":[{"href":"https:\/\/arantv.az\/index.php?rest_route=\/wp\/v2\/posts"}],"about":[{"href":"https:\/\/arantv.az\/index.php?rest_route=\/wp\/v2\/types\/post"}],"author":[{"embeddable":true,"href":"https:\/\/arantv.az\/index.php?rest_route=\/wp\/v2\/users\/2"}],"replies":[{"embeddable":true,"href":"https:\/\/arantv.az\/index.php?rest_route=%2Fwp%2Fv2%2Fcomments&post=232462"}],"version-history":[{"count":0,"href":"https:\/\/arantv.az\/index.php?rest_route=\/wp\/v2\/posts\/232462\/revisions"}],"wp:featuredmedia":[{"embeddable":true,"href":"https:\/\/arantv.az\/index.php?rest_route=\/wp\/v2\/media\/232463"}],"wp:attachment":[{"href":"https:\/\/arantv.az\/index.php?rest_route=%2Fwp%2Fv2%2Fmedia&parent=232462"}],"wp:term":[{"taxonomy":"category","embeddable":true,"href":"https:\/\/arantv.az\/index.php?rest_route=%2Fwp%2Fv2%2Fcategories&post=232462"},{"taxonomy":"post_tag","embeddable":true,"href":"https:\/\/arantv.az\/index.php?rest_route=%2Fwp%2Fv2%2Ftags&post=232462"}],"curies":[{"name":"wp","href":"https:\/\/api.w.org\/{rel}","templated":true}]}}