{"id":232466,"date":"2020-11-04T14:11:03","date_gmt":"2020-11-04T11:11:03","guid":{"rendered":"http:\/\/arantv.az\/?p=232466"},"modified":"2020-11-04T14:11:03","modified_gmt":"2020-11-04T11:11:03","slug":"nazir-azad-edilmis-torpaqlarda-f%c9%99aliyy%c9%99t-planinin-hazirlanmasina-baslanilib-foto","status":"publish","type":"post","link":"https:\/\/arantv.az\/?p=232466","title":{"rendered":"Nazir: \u201cAzad edilmi\u015f torpaqlarda F\u0259aliyy\u0259t Plan\u0131n\u0131n haz\u0131rlanmas\u0131na ba\u015flan\u0131l\u0131b\u201d &#8211; FOTO"},"content":{"rendered":"<p>Az\u0259rbaycanda d\u00f6vl\u0259t d\u0259st\u0259yi il\u0259 yarad\u0131lan aqrar s\u0131\u011forta mexanizmi r\u0259smi olaraq f\u0259aliyy\u0259t\u0259 ba\u015flay\u0131b.<\/p>\n<p>K\u0259nd T\u0259s\u0259rr\u00fcfat\u0131 Nazirliyind\u0259n veril\u0259n m\u0259lumata \u0259sas\u0259n, bu g\u00fcn k\u0259nd t\u0259s\u0259rr\u00fcfat\u0131 naziri \u0130nam K\u0259rimov \u00f6lk\u0259mizd\u0259 s\u0259f\u0259rd\u0259 olan T\u00fcrkiy\u0259 K\u0259nd T\u0259s\u0259rr\u00fcfat\u0131 v\u0259 Me\u015f\u0259\u00e7ilik Nazirliyinin v\u0259 TARS\u0130M k\u0259nd t\u0259s\u0259rr\u00fcfat\u0131 s\u0131\u011fortalar\u0131 t\u0259\u015fkilat\u0131n\u0131n n\u00fcmay\u0259nd\u0259 hey\u0259ti il\u0259 g\u00f6r\u00fc\u015f\u00fcb.<\/p>\n<p>G\u00f6r\u00fc\u015fd\u0259 Az\u0259rbaycanda aqrar s\u0131\u011forta mexanizminin t\u0259tbiqi istiqam\u0259tind\u0259 g\u00f6r\u00fcl\u0259n i\u015fl\u0259r, T\u00fcrkiy\u0259 t\u0259cr\u00fcb\u0259sin\u0259 \u0259saslanan s\u0131\u011forta mexanizminin formala\u015fd\u0131r\u0131lmas\u0131 \u0259traf\u0131nda fikir m\u00fcbadil\u0259si apar\u0131l\u0131b.<\/p>\n<p>Daha sonra Az\u0259rbaycanda d\u00f6vl\u0259t d\u0259st\u0259yi il\u0259 ilk s\u0131\u011forta m\u00fcqavil\u0259sinin imzalanmas\u0131na h\u0259sr olunmu\u015f t\u0259dbir ke\u00e7irilib.<\/p>\n<p>T\u0259dbird\u0259 \u00e7\u0131x\u0131\u015f ed\u0259n nazir \u0130nam K\u0259rimov bildirib ki, Erm\u0259nistan\u0131n h\u0259rbi t\u0259cav\u00fcz\u00fc aqrar sah\u0259y\u0259 t\u0259sirsiz \u00f6t\u00fc\u015fm\u0259yib:<\/p>\n<p>\u201cBu h\u00fccum n\u0259tic\u0259sind\u0259 t\u0259mas x\u0259ttind\u0259 yerl\u0259\u015f\u0259n k\u0259ndl\u0259rd\u0259 xeyli iri v\u0259 x\u0131rdabuynuzlu heyvan t\u0259l\u0259f edilib, yem ehtiyatlar\u0131 yand\u0131r\u0131l\u0131b, on minl\u0259rl\u0259 hektar \u0259kin sah\u0259l\u0259rind\u0259 y\u0131\u011f\u0131m m\u0259hdudla\u015f\u0131b, k\u0259nd t\u0259s\u0259rr\u00fcfat\u0131 texnikalar\u0131 m\u0259hv edilib. Davam ed\u0259n h\u0259rbi t\u0259cav\u00fcz y\u00fcz mind\u0259n \u00e7ox fermerin h\u0259yat\u0131na t\u0259sir edib. G\u0259l\u0259c\u0259kd\u0259 i\u015f\u011faldan azad edilmi\u015f torpaqlarda k\u0259nd t\u0259s\u0259rr\u00fcfat\u0131n\u0131n inki\u015faf etdirilm\u0259si n\u0259z\u0259rd\u0259 tutulur. Art\u0131q bununla ba\u011fl\u0131 hesablamalara v\u0259 F\u0259aliyy\u0259t Plan\u0131n\u0131n haz\u0131rlanmas\u0131na ba\u015flan\u0131l\u0131b\u201d.<\/p>\n<p>Nazir \u0259lav\u0259 edib ki, aqrar sah\u0259nin davaml\u0131 inki\u015faf\u0131n\u0131n t\u0259min edilm\u0259si bax\u0131m\u0131ndan vacib m\u0259s\u0259l\u0259l\u0259rd\u0259n biri d\u0259 aqrar s\u0131\u011forta mexanizmidir v\u0259 Az\u0259rbaycanda aqrar s\u0131\u011forta sistemi qarda\u015f T\u00fcrkiy\u0259 Respublikas\u0131n\u0131n TARS\u0130M sisteminin t\u0259cr\u00fcb\u0259si v\u0259 d\u0259st\u0259yi il\u0259 formala\u015fd\u0131r\u0131l\u0131b:<\/p>\n<p>\u201cAqrar s\u0131\u011forta vasit\u0259sil\u0259 fermerl\u0259r k\u0259nd t\u0259s\u0259rr\u00fcfat\u0131 heyvanlar\u0131n\u0131, \u0259kin sah\u0259l\u0259rini v\u0259 bitki\u00e7ilik m\u0259hsullar\u0131n\u0131, el\u0259c\u0259 d\u0259 akvakulturan\u0131 g\u00fcz\u0259\u015ftli \u015f\u0259rtl\u0259rl\u0259 \u0259n aktual riskl\u0259rd\u0259n s\u0131\u011fortalaya bil\u0259c\u0259kl\u0259r. Aqrar s\u0131\u011forta mexanizminin t\u0259tbiqi fermerl\u0259r\u0259 v\u0259 sahibkarlara d\u0259st\u0259k olmaqla yana\u015f\u0131, k\u0259nd t\u0259s\u0259rr\u00fcfat\u0131n\u0131n daha t\u0259hl\u00fck\u0259siz biznes sektoruna \u00e7evrilm\u0259sin\u0259, bu sah\u0259y\u0259 yat\u0131r\u0131mlar\u0131n artmas\u0131na s\u0259b\u0259b olacaq v\u0259 \u00fcmumilikd\u0259 k\u0259nd t\u0259s\u0259rr\u00fcfat\u0131n\u0131n inki\u015faf\u0131na m\u00fch\u00fcm t\u00f6hf\u0259 ver\u0259c\u0259k\u201d.<\/p>\n<p>T\u0259dbird\u0259 \u00e7\u0131x\u0131\u015f ed\u0259n TARS\u0130M t\u0259\u015fkilat\u0131n\u0131n Himay\u0259\u00e7ilik \u015euras\u0131n\u0131n \u00fczv\u00fc, T\u00fcrkiy\u0259 K\u0259nd T\u0259s\u0259rr\u00fcfat\u0131 v\u0259 Me\u015f\u0259\u00e7ilik nazirliyinin n\u00fcmay\u0259nd\u0259si Bekir Eng\u00fcr\u00fcl\u00fc bildirib ki, aqrar s\u0131\u011forta fermerl\u0259rin riskl\u0259rini s\u0131\u011fortalamaqla aqrar sah\u0259nin maliyy\u0259y\u0259 \u00e7\u0131x\u0131\u015f\u0131n\u0131 asanla\u015fd\u0131racaq, k\u0259nd t\u0259s\u0259rr\u00fcfat\u0131n\u0131n daha dayan\u0131ql\u0131 inki\u015faf\u0131na \u015f\u0259rait yaradacaq.<\/p>\n<p>Qeyd ed\u0259k ki, aqrar s\u0131\u011forta \u00e7\u0259r\u00e7iv\u0259sind\u0259 s\u0131\u011fortal\u0131larla m\u00fcqavil\u0259l\u0259rin ba\u011flanmas\u0131, hadis\u0259 il\u0259 ba\u011fl\u0131 m\u00fcraci\u0259tl\u0259rin\u00a0q\u0259bul edilm\u0259si v\u0259 hadis\u0259l\u0259rin t\u0259nziml\u0259nm\u0259sini \u201cAqrar S\u0131\u011forta M\u00fc\u015ft\u0259r\u0259k S\u0131\u011forta \u015eirk\u0259ti\u201d ASC h\u0259yata ke\u00e7ir\u0259c\u0259k.<\/p>\n","protected":false},"excerpt":{"rendered":"<p>Az\u0259rbaycanda d\u00f6vl\u0259t d\u0259st\u0259yi il\u0259 yarad\u0131lan aqrar s\u0131\u011forta mexanizmi r\u0259smi olaraq f\u0259aliyy\u0259t\u0259 ba\u015flay\u0131b. K\u0259nd T\u0259s\u0259rr\u00fcfat\u0131 Nazirliyind\u0259n veril\u0259n m\u0259lumata \u0259sas\u0259n, bu g\u00fcn k\u0259nd t\u0259s\u0259rr\u00fcfat\u0131 naziri \u0130nam K\u0259rimov \u00f6lk\u0259mizd\u0259 s\u0259f\u0259rd\u0259 olan T\u00fcrkiy\u0259 K\u0259nd T\u0259s\u0259rr\u00fcfat\u0131 v\u0259 Me\u015f\u0259\u00e7ilik Nazirliyinin v\u0259 TARS\u0130M k\u0259nd t\u0259s\u0259rr\u00fcfat\u0131 s\u0131\u011fortalar\u0131 t\u0259\u015fkilat\u0131n\u0131n n\u00fcmay\u0259nd\u0259 hey\u0259ti il\u0259 g\u00f6r\u00fc\u015f\u00fcb. G\u00f6r\u00fc\u015fd\u0259 Az\u0259rbaycanda aqrar s\u0131\u011forta mexanizminin t\u0259tbiqi istiqam\u0259tind\u0259 g\u00f6r\u00fcl\u0259n i\u015fl\u0259r, T\u00fcrkiy\u0259 t\u0259cr\u00fcb\u0259sin\u0259 \u0259saslanan s\u0131\u011forta mexanizminin formala\u015fd\u0131r\u0131lmas\u0131 \u0259traf\u0131nda fikir m\u00fcbadil\u0259si apar\u0131l\u0131b. Daha sonra Az\u0259rbaycanda d\u00f6vl\u0259t d\u0259st\u0259yi il\u0259 ilk s\u0131\u011forta m\u00fcqavil\u0259sinin imzalanmas\u0131na h\u0259sr olunmu\u015f t\u0259dbir ke\u00e7irilib. T\u0259dbird\u0259 \u00e7\u0131x\u0131\u015f ed\u0259n nazir \u0130nam K\u0259rimov bildirib ki, Erm\u0259nistan\u0131n h\u0259rbi t\u0259cav\u00fcz\u00fc aqrar sah\u0259y\u0259&hellip;<\/p>\n","protected":false},"author":2,"featured_media":232467,"comment_status":"closed","ping_status":"closed","sticky":false,"template":"","format":"standard","meta":{"om_disable_all_campaigns":false,"_monsterinsights_skip_tracking":false,"_monsterinsights_sitenote_active":false,"_monsterinsights_sitenote_note":"","_monsterinsights_sitenote_category":0},"categories":[26],"tags":[],"aioseo_notices":[],"gutentor_comment":0,"rttpg_featured_image_url":{"full":["https:\/\/arantv.az\/wp-content\/uploads\/2020\/11\/AZE7684.jpg",620,413,false],"landscape":["https:\/\/arantv.az\/wp-content\/uploads\/2020\/11\/AZE7684.jpg",620,413,false],"portraits":["https:\/\/arantv.az\/wp-content\/uploads\/2020\/11\/AZE7684.jpg",620,413,false],"thumbnail":["https:\/\/arantv.az\/wp-content\/uploads\/2020\/11\/AZE7684-150x150.jpg",150,150,true],"medium":["https:\/\/arantv.az\/wp-content\/uploads\/2020\/11\/AZE7684-300x200.jpg",300,200,true],"large":["https:\/\/arantv.az\/wp-content\/uploads\/2020\/11\/AZE7684.jpg",620,413,false],"1536x1536":["https:\/\/arantv.az\/wp-content\/uploads\/2020\/11\/AZE7684.jpg",620,413,false],"2048x2048":["https:\/\/arantv.az\/wp-content\/uploads\/2020\/11\/AZE7684.jpg",620,413,false],"post-thumbnail":["https:\/\/arantv.az\/wp-content\/uploads\/2020\/11\/AZE7684-240x172.jpg",240,172,true],"advps-thumb-one":["https:\/\/arantv.az\/wp-content\/uploads\/2020\/11\/AZE7684.jpg",620,413,false]},"rttpg_author":{"display_name":"V\u00fcsal Rafiqo\u011flu","author_link":"https:\/\/arantv.az\/?author=2"},"rttpg_comment":0,"rttpg_category":"<a href=\"https:\/\/arantv.az\/?cat=26\" rel=\"category\">Sosial<\/a>","rttpg_excerpt":"Az\u0259rbaycanda d\u00f6vl\u0259t d\u0259st\u0259yi il\u0259 yarad\u0131lan aqrar s\u0131\u011forta mexanizmi r\u0259smi olaraq f\u0259aliyy\u0259t\u0259 ba\u015flay\u0131b. K\u0259nd T\u0259s\u0259rr\u00fcfat\u0131 Nazirliyind\u0259n veril\u0259n m\u0259lumata \u0259sas\u0259n, bu g\u00fcn k\u0259nd t\u0259s\u0259rr\u00fcfat\u0131 naziri \u0130nam K\u0259rimov \u00f6lk\u0259mizd\u0259 s\u0259f\u0259rd\u0259 olan T\u00fcrkiy\u0259 K\u0259nd T\u0259s\u0259rr\u00fcfat\u0131 v\u0259 Me\u015f\u0259\u00e7ilik Nazirliyinin v\u0259 TARS\u0130M k\u0259nd t\u0259s\u0259rr\u00fcfat\u0131 s\u0131\u011fortalar\u0131 t\u0259\u015fkilat\u0131n\u0131n n\u00fcmay\u0259nd\u0259 hey\u0259ti il\u0259 g\u00f6r\u00fc\u015f\u00fcb. G\u00f6r\u00fc\u015fd\u0259 Az\u0259rbaycanda aqrar s\u0131\u011forta mexanizminin t\u0259tbiqi istiqam\u0259tind\u0259 g\u00f6r\u00fcl\u0259n i\u015fl\u0259r, T\u00fcrkiy\u0259 t\u0259cr\u00fcb\u0259sin\u0259&hellip;","_links":{"self":[{"href":"https:\/\/arantv.az\/index.php?rest_route=\/wp\/v2\/posts\/232466"}],"collection":[{"href":"https:\/\/arantv.az\/index.php?rest_route=\/wp\/v2\/posts"}],"about":[{"href":"https:\/\/arantv.az\/index.php?rest_route=\/wp\/v2\/types\/post"}],"author":[{"embeddable":true,"href":"https:\/\/arantv.az\/index.php?rest_route=\/wp\/v2\/users\/2"}],"replies":[{"embeddable":true,"href":"https:\/\/arantv.az\/index.php?rest_route=%2Fwp%2Fv2%2Fcomments&post=232466"}],"version-history":[{"count":0,"href":"https:\/\/arantv.az\/index.php?rest_route=\/wp\/v2\/posts\/232466\/revisions"}],"wp:featuredmedia":[{"embeddable":true,"href":"https:\/\/arantv.az\/index.php?rest_route=\/wp\/v2\/media\/232467"}],"wp:attachment":[{"href":"https:\/\/arantv.az\/index.php?rest_route=%2Fwp%2Fv2%2Fmedia&parent=232466"}],"wp:term":[{"taxonomy":"category","embeddable":true,"href":"https:\/\/arantv.az\/index.php?rest_route=%2Fwp%2Fv2%2Fcategories&post=232466"},{"taxonomy":"post_tag","embeddable":true,"href":"https:\/\/arantv.az\/index.php?rest_route=%2Fwp%2Fv2%2Ftags&post=232466"}],"curies":[{"name":"wp","href":"https:\/\/api.w.org\/{rel}","templated":true}]}}