{"id":232486,"date":"2020-11-04T14:46:47","date_gmt":"2020-11-04T11:46:47","guid":{"rendered":"http:\/\/arantv.az\/?p=232486"},"modified":"2020-11-04T14:46:47","modified_gmt":"2020-11-04T11:46:47","slug":"biz-erm%c9%99nistana-d%c9%99f%c9%99l%c9%99rl%c9%99-demisik-ki-munaqis%c9%99-az%c9%99rbaycanin-%c9%99razi-butovluyu-c%c9%99rciv%c9%99sind%c9%99-h%c9%99ll-olunmalidir-iranli-s%c9%99fir","status":"publish","type":"post","link":"https:\/\/arantv.az\/?p=232486","title":{"rendered":"&#8220;Biz Erm\u0259nistana d\u0259f\u0259l\u0259rl\u0259 demi\u015fik ki, m\u00fcnaqi\u015f\u0259 Az\u0259rbaycan\u0131n \u0259razi b\u00fct\u00f6vl\u00fcy\u00fc \u00e7\u0259r\u00e7iv\u0259sind\u0259 h\u0259ll olunmal\u0131d\u0131r&#8221; &#8211; \u0130ranl\u0131 s\u0259fir"},"content":{"rendered":"<blockquote><p><em><strong>\u0130ran Da\u011fl\u0131q Qaraba\u011f m\u00fcnaqi\u015f\u0259sinin beyn\u0259lxalq h\u00fcququn prinsipl\u0259ri \u00e7\u0259r\u00e7iv\u0259sind\u0259 h\u0259llini d\u0259st\u0259kl\u0259yir.<\/strong><\/em><\/p><\/blockquote>\n<p>ARANTV.AZ\u00a0<a href=\"http:\/\/az.trend.az\/\" target=\"_blank\" rel=\"noopener\">Trend<\/a>-\u0259 istinad\u0259n bildirir ki,\u00a0bunu jurnalistl\u0259r\u0259 a\u00e7\u0131qlamas\u0131nda \u0130ran\u0131n Az\u0259rbaycandak\u0131 s\u0259firi Seyid Abbas Mus\u0259vi deyib.<\/p>\n<p>S\u0259fir bildirib ki, \u0130ran m\u00fcnaqi\u015f\u0259nin h\u0259lli il\u0259 ba\u011fl\u0131 m\u0259s\u0259l\u0259d\u0259 h\u0259r zaman eyni m\u00f6vqed\u0259n \u00e7\u0131x\u0131\u015f edib. Bu m\u0259s\u0259l\u0259 beyn\u0259lxalq al\u0259min q\u0259bul etdiyi h\u00fcquq prinsipl\u0259ri \u00e7\u0259r\u00e7iv\u0259sind\u0259 h\u0259ll olunmal\u0131d\u0131r. Erm\u0259nistan \u0130ranla qon\u015fu olsa da, biz onlara d\u0259f\u0259l\u0259rl\u0259 demi\u015fik ki, Da\u011fl\u0131q Qaraba\u011f m\u0259s\u0259l\u0259si beyn\u0259lxalq qanunlar\u0131n qoydu\u011fu t\u0259l\u0259bl\u0259r \u0259sas\u0131nda, Az\u0259rbaycan\u0131n \u0259razi b\u00fct\u00f6vl\u00fcy\u00fc \u00e7\u0259r\u00e7iv\u0259sind\u0259 h\u0259ll olunmal\u0131d\u0131r. Art\u0131q bununla ba\u011fl\u0131 \u0130ran\u0131n Ali R\u0259hb\u0259ri t\u0259r\u0259find\u0259n m\u00fcnasib\u0259t bildirilib. Ali R\u0259hb\u0259rin &#8220;Az\u0259rbaycan\u0131n Erm\u0259nistan t\u0259r\u0259find\u0259n i\u015f\u011fal olunmu\u015f \u0259razil\u0259rinin ham\u0131s\u0131 azad edilm\u0259lidir v\u0259 b\u00fct\u00fcn bu \u0259razil\u0259r Az\u0259rbaycana qaytar\u0131lmal\u0131d\u0131r&#8221; fikri \u0130ran h\u00f6kum\u0259tinin m\u0259s\u0259l\u0259 il\u0259 ba\u011fl\u0131 m\u00fcnasib\u0259tini bir daha ortaya qoyur.<\/p>\n","protected":false},"excerpt":{"rendered":"<p>\u0130ran Da\u011fl\u0131q Qaraba\u011f m\u00fcnaqi\u015f\u0259sinin beyn\u0259lxalq h\u00fcququn prinsipl\u0259ri \u00e7\u0259r\u00e7iv\u0259sind\u0259 h\u0259llini d\u0259st\u0259kl\u0259yir. ARANTV.AZ\u00a0Trend-\u0259 istinad\u0259n bildirir ki,\u00a0bunu jurnalistl\u0259r\u0259 a\u00e7\u0131qlamas\u0131nda \u0130ran\u0131n Az\u0259rbaycandak\u0131 s\u0259firi Seyid Abbas Mus\u0259vi deyib. S\u0259fir bildirib ki, \u0130ran m\u00fcnaqi\u015f\u0259nin h\u0259lli il\u0259 ba\u011fl\u0131 m\u0259s\u0259l\u0259d\u0259 h\u0259r zaman eyni m\u00f6vqed\u0259n \u00e7\u0131x\u0131\u015f edib. Bu m\u0259s\u0259l\u0259 beyn\u0259lxalq al\u0259min q\u0259bul etdiyi h\u00fcquq prinsipl\u0259ri \u00e7\u0259r\u00e7iv\u0259sind\u0259 h\u0259ll olunmal\u0131d\u0131r. Erm\u0259nistan \u0130ranla qon\u015fu olsa da, biz onlara d\u0259f\u0259l\u0259rl\u0259 demi\u015fik ki, Da\u011fl\u0131q Qaraba\u011f m\u0259s\u0259l\u0259si beyn\u0259lxalq qanunlar\u0131n qoydu\u011fu t\u0259l\u0259bl\u0259r \u0259sas\u0131nda, Az\u0259rbaycan\u0131n \u0259razi b\u00fct\u00f6vl\u00fcy\u00fc \u00e7\u0259r\u00e7iv\u0259sind\u0259 h\u0259ll olunmal\u0131d\u0131r. Art\u0131q bununla ba\u011fl\u0131 \u0130ran\u0131n Ali R\u0259hb\u0259ri t\u0259r\u0259find\u0259n m\u00fcnasib\u0259t bildirilib. Ali R\u0259hb\u0259rin &#8220;Az\u0259rbaycan\u0131n Erm\u0259nistan t\u0259r\u0259find\u0259n i\u015f\u011fal olunmu\u015f \u0259razil\u0259rinin&hellip;<\/p>\n","protected":false},"author":2,"featured_media":232487,"comment_status":"closed","ping_status":"closed","sticky":false,"template":"","format":"standard","meta":{"om_disable_all_campaigns":false,"_monsterinsights_skip_tracking":false,"_monsterinsights_sitenote_active":false,"_monsterinsights_sitenote_note":"","_monsterinsights_sitenote_category":0},"categories":[7],"tags":[],"aioseo_notices":[],"gutentor_comment":0,"rttpg_featured_image_url":{"full":["https:\/\/arantv.az\/wp-content\/uploads\/2020\/11\/894766.jpg",800,600,false],"landscape":["https:\/\/arantv.az\/wp-content\/uploads\/2020\/11\/894766.jpg",800,600,false],"portraits":["https:\/\/arantv.az\/wp-content\/uploads\/2020\/11\/894766.jpg",800,600,false],"thumbnail":["https:\/\/arantv.az\/wp-content\/uploads\/2020\/11\/894766-150x150.jpg",150,150,true],"medium":["https:\/\/arantv.az\/wp-content\/uploads\/2020\/11\/894766-300x225.jpg",300,225,true],"large":["https:\/\/arantv.az\/wp-content\/uploads\/2020\/11\/894766.jpg",640,480,false],"1536x1536":["https:\/\/arantv.az\/wp-content\/uploads\/2020\/11\/894766.jpg",800,600,false],"2048x2048":["https:\/\/arantv.az\/wp-content\/uploads\/2020\/11\/894766.jpg",800,600,false],"post-thumbnail":["https:\/\/arantv.az\/wp-content\/uploads\/2020\/11\/894766-240x172.jpg",240,172,true],"advps-thumb-one":["https:\/\/arantv.az\/wp-content\/uploads\/2020\/11\/894766.jpg",800,600,false]},"rttpg_author":{"display_name":"V\u00fcsal Rafiqo\u011flu","author_link":"https:\/\/arantv.az\/?author=2"},"rttpg_comment":0,"rttpg_category":"<a href=\"https:\/\/arantv.az\/?cat=7\" rel=\"category\">D\u00fcnya<\/a>","rttpg_excerpt":"\u0130ran Da\u011fl\u0131q Qaraba\u011f m\u00fcnaqi\u015f\u0259sinin beyn\u0259lxalq h\u00fcququn prinsipl\u0259ri \u00e7\u0259r\u00e7iv\u0259sind\u0259 h\u0259llini d\u0259st\u0259kl\u0259yir. ARANTV.AZ\u00a0Trend-\u0259 istinad\u0259n bildirir ki,\u00a0bunu jurnalistl\u0259r\u0259 a\u00e7\u0131qlamas\u0131nda \u0130ran\u0131n Az\u0259rbaycandak\u0131 s\u0259firi Seyid Abbas Mus\u0259vi deyib. S\u0259fir bildirib ki, \u0130ran m\u00fcnaqi\u015f\u0259nin h\u0259lli il\u0259 ba\u011fl\u0131 m\u0259s\u0259l\u0259d\u0259 h\u0259r zaman eyni m\u00f6vqed\u0259n \u00e7\u0131x\u0131\u015f edib. Bu m\u0259s\u0259l\u0259 beyn\u0259lxalq al\u0259min q\u0259bul etdiyi h\u00fcquq prinsipl\u0259ri \u00e7\u0259r\u00e7iv\u0259sind\u0259 h\u0259ll olunmal\u0131d\u0131r. Erm\u0259nistan \u0130ranla qon\u015fu olsa da, biz&hellip;","_links":{"self":[{"href":"https:\/\/arantv.az\/index.php?rest_route=\/wp\/v2\/posts\/232486"}],"collection":[{"href":"https:\/\/arantv.az\/index.php?rest_route=\/wp\/v2\/posts"}],"about":[{"href":"https:\/\/arantv.az\/index.php?rest_route=\/wp\/v2\/types\/post"}],"author":[{"embeddable":true,"href":"https:\/\/arantv.az\/index.php?rest_route=\/wp\/v2\/users\/2"}],"replies":[{"embeddable":true,"href":"https:\/\/arantv.az\/index.php?rest_route=%2Fwp%2Fv2%2Fcomments&post=232486"}],"version-history":[{"count":0,"href":"https:\/\/arantv.az\/index.php?rest_route=\/wp\/v2\/posts\/232486\/revisions"}],"wp:featuredmedia":[{"embeddable":true,"href":"https:\/\/arantv.az\/index.php?rest_route=\/wp\/v2\/media\/232487"}],"wp:attachment":[{"href":"https:\/\/arantv.az\/index.php?rest_route=%2Fwp%2Fv2%2Fmedia&parent=232486"}],"wp:term":[{"taxonomy":"category","embeddable":true,"href":"https:\/\/arantv.az\/index.php?rest_route=%2Fwp%2Fv2%2Fcategories&post=232486"},{"taxonomy":"post_tag","embeddable":true,"href":"https:\/\/arantv.az\/index.php?rest_route=%2Fwp%2Fv2%2Ftags&post=232486"}],"curies":[{"name":"wp","href":"https:\/\/api.w.org\/{rel}","templated":true}]}}