{"id":232510,"date":"2020-11-04T16:15:19","date_gmt":"2020-11-04T13:15:19","guid":{"rendered":"http:\/\/arantv.az\/?p=232510"},"modified":"2020-11-04T16:15:19","modified_gmt":"2020-11-04T13:15:19","slug":"erm%c9%99nistanin-az%c9%99rbaycan-h%c9%99rbcil%c9%99rinin-tug-k%c9%99ndind%c9%99-guya-h%c9%99rbi-cinay%c9%99tl%c9%99r-tor%c9%99tm%c9%99sin%c9%99-r%c9%99smi-cavab","status":"publish","type":"post","link":"https:\/\/arantv.az\/?p=232510","title":{"rendered":"Erm\u0259nistan\u0131n Az\u0259rbaycan h\u0259rb\u00e7il\u0259rinin Tu\u011f k\u0259ndind\u0259 guya h\u0259rbi cinay\u0259tl\u0259r t\u00f6r\u0259tm\u0259sin\u0259 R\u018fSM\u0130 CAVAB"},"content":{"rendered":"<p>H\u0259r g\u00fcn d\u00f6y\u00fc\u015fl\u0259rd\u0259 \u00fczl\u0259\u015fdiyi u\u011fursuzluqlar, verdiyi \u00e7oxlu sayda itkil\u0259r v\u0259 itirdiyi vacib m\u00f6vqel\u0259r d\u00fc\u015fm\u0259ni m\u00fcxt\u0259lif \u00fcsullara \u0259l atma\u011fa vadar edir. &#8220;M\u00fcharib\u0259d\u0259 b\u00fct\u00fcn vasit\u0259l\u0259r yax\u015f\u0131d\u0131r&#8221; prinsipind\u0259n ir\u0259li g\u0259l\u0259r\u0259k d\u00fc\u015fm\u0259n art\u0131q Az\u0259rbaycan Ordusunun h\u0259rbi qulluq\u00e7ular\u0131na qar\u015f\u0131 b\u00f6htan v\u0259 qarayaxama kampaniyas\u0131na ba\u015flay\u0131b.<\/p>\n<p>ARANTV.AZ M\u00fcdafi\u0259 Nazirliyin\u0259 istinad\u0259n bildirir ki, Erm\u0259nistan t\u0259r\u0259finin guya Az\u0259rbaycan h\u0259rb\u00e7il\u0259rinin Xocav\u0259nd rayonunun Tu\u011f k\u0259ndind\u0259 h\u0259rbi cinay\u0259tl\u0259r t\u00f6r\u0259tm\u0259si bar\u0259d\u0259 iddialar\u0131 iftiradan ba\u015fqa bir \u015fey deyil.<\/p>\n<p>Ali Ba\u015f Komandan\u0131n da vur\u011fulad\u0131\u011f\u0131 kimi &#8220;Biz he\u00e7 vaxt m\u00fclki \u0259haliy\u0259 qar\u015f\u0131 m\u00fcbariz\u0259, m\u00fcharib\u0259 aparmam\u0131\u015f\u0131q, bundan sonra da aparmayaca\u011f\u0131q&#8221;. M\u0259hz Erm\u0259nistan G\u0259nc\u0259 v\u0259 B\u0259rd\u0259 \u015f\u0259h\u0259rl\u0259rinin dinc sakinl\u0259rini v\u0259h\u015fic\u0259sin\u0259 raket at\u0259\u015fin\u0259 tutmaqla \u00f6z\u00fcn\u00fcn \u0259sl m\u00fcharib\u0259 cinay\u0259ti t\u00f6r\u0259tdiyini bir daha s\u00fcbut etdi.<\/p>\n<p>Bildiririk ki, Az\u0259rbaycan Ordusunun \u015f\u0259xsi hey\u0259ti Beyn\u0259lxalq humanitar h\u00fcququn \u0259sas\u0131 hesab edil\u0259n Cenevr\u0259 konvensiyas\u0131 v\u0259 dig\u0259r normativ-h\u00fcquqi s\u0259n\u0259dl\u0259rinin t\u0259l\u0259bl\u0259rin\u0259 riay\u0259t edir. Bu is\u0259 o dem\u0259kdir ki, d\u00f6y\u00fc\u015fl\u0259rd\u0259 i\u015ftirak ed\u0259n h\u0259rbi qulluq\u00e7ular\u0131m\u0131z m\u00fclki \u0259hali il\u0259 davran\u0131\u015f qaydalar\u0131na \u0259m\u0259l edir.<\/p>\n<p>&nbsp;<\/p>\n","protected":false},"excerpt":{"rendered":"<p>H\u0259r g\u00fcn d\u00f6y\u00fc\u015fl\u0259rd\u0259 \u00fczl\u0259\u015fdiyi u\u011fursuzluqlar, verdiyi \u00e7oxlu sayda itkil\u0259r v\u0259 itirdiyi vacib m\u00f6vqel\u0259r d\u00fc\u015fm\u0259ni m\u00fcxt\u0259lif \u00fcsullara \u0259l atma\u011fa vadar edir. &#8220;M\u00fcharib\u0259d\u0259 b\u00fct\u00fcn vasit\u0259l\u0259r yax\u015f\u0131d\u0131r&#8221; prinsipind\u0259n ir\u0259li g\u0259l\u0259r\u0259k d\u00fc\u015fm\u0259n art\u0131q Az\u0259rbaycan Ordusunun h\u0259rbi qulluq\u00e7ular\u0131na qar\u015f\u0131 b\u00f6htan v\u0259 qarayaxama kampaniyas\u0131na ba\u015flay\u0131b. ARANTV.AZ M\u00fcdafi\u0259 Nazirliyin\u0259 istinad\u0259n bildirir ki, Erm\u0259nistan t\u0259r\u0259finin guya Az\u0259rbaycan h\u0259rb\u00e7il\u0259rinin Xocav\u0259nd rayonunun Tu\u011f k\u0259ndind\u0259 h\u0259rbi cinay\u0259tl\u0259r t\u00f6r\u0259tm\u0259si bar\u0259d\u0259 iddialar\u0131 iftiradan ba\u015fqa bir \u015fey deyil. Ali Ba\u015f Komandan\u0131n da vur\u011fulad\u0131\u011f\u0131 kimi &#8220;Biz he\u00e7 vaxt m\u00fclki \u0259haliy\u0259 qar\u015f\u0131 m\u00fcbariz\u0259, m\u00fcharib\u0259 aparmam\u0131\u015f\u0131q, bundan sonra da aparmayaca\u011f\u0131q&#8221;. M\u0259hz Erm\u0259nistan G\u0259nc\u0259 v\u0259 B\u0259rd\u0259 \u015f\u0259h\u0259rl\u0259rinin dinc&hellip;<\/p>\n","protected":false},"author":2,"featured_media":232511,"comment_status":"closed","ping_status":"closed","sticky":false,"template":"","format":"standard","meta":{"om_disable_all_campaigns":false,"_monsterinsights_skip_tracking":false,"_monsterinsights_sitenote_active":false,"_monsterinsights_sitenote_note":"","_monsterinsights_sitenote_category":0},"categories":[10],"tags":[],"aioseo_notices":[],"gutentor_comment":0,"rttpg_featured_image_url":{"full":["https:\/\/arantv.az\/wp-content\/uploads\/2020\/11\/mudafie_nazirliyi_yuzerpik_089-2.jpg",800,600,false],"landscape":["https:\/\/arantv.az\/wp-content\/uploads\/2020\/11\/mudafie_nazirliyi_yuzerpik_089-2.jpg",800,600,false],"portraits":["https:\/\/arantv.az\/wp-content\/uploads\/2020\/11\/mudafie_nazirliyi_yuzerpik_089-2.jpg",800,600,false],"thumbnail":["https:\/\/arantv.az\/wp-content\/uploads\/2020\/11\/mudafie_nazirliyi_yuzerpik_089-2-150x150.jpg",150,150,true],"medium":["https:\/\/arantv.az\/wp-content\/uploads\/2020\/11\/mudafie_nazirliyi_yuzerpik_089-2-300x225.jpg",300,225,true],"large":["https:\/\/arantv.az\/wp-content\/uploads\/2020\/11\/mudafie_nazirliyi_yuzerpik_089-2.jpg",640,480,false],"1536x1536":["https:\/\/arantv.az\/wp-content\/uploads\/2020\/11\/mudafie_nazirliyi_yuzerpik_089-2.jpg",800,600,false],"2048x2048":["https:\/\/arantv.az\/wp-content\/uploads\/2020\/11\/mudafie_nazirliyi_yuzerpik_089-2.jpg",800,600,false],"post-thumbnail":["https:\/\/arantv.az\/wp-content\/uploads\/2020\/11\/mudafie_nazirliyi_yuzerpik_089-2-240x172.jpg",240,172,true],"advps-thumb-one":["https:\/\/arantv.az\/wp-content\/uploads\/2020\/11\/mudafie_nazirliyi_yuzerpik_089-2.jpg",800,600,false]},"rttpg_author":{"display_name":"V\u00fcsal Rafiqo\u011flu","author_link":"https:\/\/arantv.az\/?author=2"},"rttpg_comment":0,"rttpg_category":"<a href=\"https:\/\/arantv.az\/?cat=10\" rel=\"category\">C\u0259bh\u0259d\u0259n X\u0259b\u0259r<\/a>","rttpg_excerpt":"H\u0259r g\u00fcn d\u00f6y\u00fc\u015fl\u0259rd\u0259 \u00fczl\u0259\u015fdiyi u\u011fursuzluqlar, verdiyi \u00e7oxlu sayda itkil\u0259r v\u0259 itirdiyi vacib m\u00f6vqel\u0259r d\u00fc\u015fm\u0259ni m\u00fcxt\u0259lif \u00fcsullara \u0259l atma\u011fa vadar edir. &#8220;M\u00fcharib\u0259d\u0259 b\u00fct\u00fcn vasit\u0259l\u0259r yax\u015f\u0131d\u0131r&#8221; prinsipind\u0259n ir\u0259li g\u0259l\u0259r\u0259k d\u00fc\u015fm\u0259n art\u0131q Az\u0259rbaycan Ordusunun h\u0259rbi qulluq\u00e7ular\u0131na qar\u015f\u0131 b\u00f6htan v\u0259 qarayaxama kampaniyas\u0131na ba\u015flay\u0131b. ARANTV.AZ M\u00fcdafi\u0259 Nazirliyin\u0259 istinad\u0259n bildirir ki, Erm\u0259nistan t\u0259r\u0259finin guya Az\u0259rbaycan h\u0259rb\u00e7il\u0259rinin Xocav\u0259nd rayonunun Tu\u011f k\u0259ndind\u0259 h\u0259rbi&hellip;","_links":{"self":[{"href":"https:\/\/arantv.az\/index.php?rest_route=\/wp\/v2\/posts\/232510"}],"collection":[{"href":"https:\/\/arantv.az\/index.php?rest_route=\/wp\/v2\/posts"}],"about":[{"href":"https:\/\/arantv.az\/index.php?rest_route=\/wp\/v2\/types\/post"}],"author":[{"embeddable":true,"href":"https:\/\/arantv.az\/index.php?rest_route=\/wp\/v2\/users\/2"}],"replies":[{"embeddable":true,"href":"https:\/\/arantv.az\/index.php?rest_route=%2Fwp%2Fv2%2Fcomments&post=232510"}],"version-history":[{"count":0,"href":"https:\/\/arantv.az\/index.php?rest_route=\/wp\/v2\/posts\/232510\/revisions"}],"wp:featuredmedia":[{"embeddable":true,"href":"https:\/\/arantv.az\/index.php?rest_route=\/wp\/v2\/media\/232511"}],"wp:attachment":[{"href":"https:\/\/arantv.az\/index.php?rest_route=%2Fwp%2Fv2%2Fmedia&parent=232510"}],"wp:term":[{"taxonomy":"category","embeddable":true,"href":"https:\/\/arantv.az\/index.php?rest_route=%2Fwp%2Fv2%2Fcategories&post=232510"},{"taxonomy":"post_tag","embeddable":true,"href":"https:\/\/arantv.az\/index.php?rest_route=%2Fwp%2Fv2%2Ftags&post=232510"}],"curies":[{"name":"wp","href":"https:\/\/api.w.org\/{rel}","templated":true}]}}