{"id":232518,"date":"2020-11-04T17:39:39","date_gmt":"2020-11-04T14:39:39","guid":{"rendered":"http:\/\/arantv.az\/?p=232518"},"modified":"2020-11-04T17:39:39","modified_gmt":"2020-11-04T14:39:39","slug":"sahib%c9%99-qafarova-cinin-az%c9%99rbaycandaki-s%c9%99firi-quo-minl%c9%99-gorusub","status":"publish","type":"post","link":"https:\/\/arantv.az\/?p=232518","title":{"rendered":"Sahib\u0259 Qafarova \u00c7inin Az\u0259rbaycandak\u0131 s\u0259firi Quo Minl\u0259 g\u00f6r\u00fc\u015f\u00fcb"},"content":{"rendered":"<article class=\"news\">\n<div class=\"news-inner\">\n<p>Noyabr\u0131n 4-d\u0259 Milli M\u0259clisin S\u0259dri Sahib\u0259 Qafarova \u00c7in Xalq Respublikas\u0131n\u0131n \u00f6lk\u0259mizd\u0259ki s\u0259firi Quo Minl\u0259 g\u00f6r\u00fc\u015f\u00fcb.<\/p>\n<p>Bu bar\u0259d\u0259\u00a0Milli M\u0259clisin M\u0259tbuat v\u0259\u00a0\u0130ctimaiyy\u0259tl\u0259 \u018flaq\u0259l\u0259r \u015f\u00f6b\u0259sinin yayd\u0131\u011f\u0131 m\u0259lumatda qeyd olunub.<\/p>\n<p>Spiker qona\u011f\u0131 salamlayaraq, onu Milli M\u0259clisd\u0259 g\u00f6rm\u0259kd\u0259n m\u0259mnun oldu\u011funu bildirib. S\u0259dr vur\u011fulay\u0131b ki, Az\u0259rbaycan dost \u00c7in Xalq Respublikas\u0131 il\u0259 m\u00fcxt\u0259lif sah\u0259l\u0259rd\u0259 \u0259laq\u0259l\u0259rin daha da inki\u015faf etdirilm\u0259sin\u0259 b\u00f6y\u00fck \u00f6n\u0259m verir.<\/p>\n<div id=\"AdviadNativeVideo0\" class=\"AdviadNativeVideo\"><\/div>\n<p>\u0130ki \u00f6lk\u0259 aras\u0131nda m\u00fcnasib\u0259tl\u0259rin inki\u015faf\u0131nda d\u00f6vl\u0259t ba\u015f\u00e7\u0131lar\u0131n\u0131n rolundan dan\u0131\u015fan Milli M\u0259clisin S\u0259dri \u00f6lk\u0259 liderl\u0259rinin qar\u015f\u0131l\u0131ql\u0131 s\u0259f\u0259rl\u0259rini x\u00fcsusi olaraq vur\u011fulay\u0131b. S\u0259dr \u00f6lk\u0259l\u0259rimiz aras\u0131nda bu g\u00fcn\u0259 q\u0259d\u0259r 81 s\u0259n\u0259din imzaland\u0131\u011f\u0131n\u0131 v\u0259 bu s\u0259n\u0259dl\u0259rin \u0259laq\u0259l\u0259rimizin g\u0259l\u0259c\u0259k inki\u015faf\u0131 \u00fc\u00e7\u00fcn etibarl\u0131 h\u00fcquqi \u0259sas formala\u015fd\u0131rd\u0131\u011f\u0131n\u0131 diqq\u0259t\u0259 \u00e7atd\u0131r\u0131b. S\u0259dr h\u0259m\u00e7inin qeyd edib ki, Az\u0259rbaycanda 100-d\u0259n \u00e7ox \u00c7in \u015firk\u0259ti qeydiyyatdan ke\u00e7ib v\u0259 u\u011furla f\u0259aliyy\u0259t g\u00f6st\u0259rir.<\/p>\n<p>Milli M\u0259clisin S\u0259dri bildirib ki, \u00f6lk\u0259l\u0259rimizin ali qanunvericilik orqanlar\u0131 aras\u0131nda m\u00fcnasib\u0259tl\u0259r y\u00fcks\u0259k s\u0259viyy\u0259d\u0259dir v\u0259 bu m\u00fcnasib\u0259tl\u0259rin inki\u015faf\u0131nda parlamentl\u0259raras\u0131 \u0259laq\u0259l\u0259r \u00fczr\u0259 i\u015f\u00e7i qruplar\u0131n\u0131n rolu b\u00f6y\u00fckd\u00fcr. S\u0259dr iki \u00f6lk\u0259 parlamentl\u0259rinin deputatlar\u0131n\u0131n beyn\u0259lxalq parlament t\u0259\u015fkilatlar\u0131 \u00e7\u0259r\u00e7iv\u0259sind\u0259 \u0259m\u0259kda\u015fl\u0131\u011f\u0131n\u0131 y\u00fcks\u0259k qiym\u0259tl\u0259ndirib, pandemiyadan sonra qar\u015f\u0131l\u0131ql\u0131 s\u0259f\u0259rl\u0259rin h\u0259yata ke\u00e7irilm\u0259sinin vacibliyind\u0259n dan\u0131\u015f\u0131b.<\/p>\n<p>Spiker COV\u0130D-19 pandemiyas\u0131 d\u00f6vr\u00fcnd\u0259 \u0259m\u0259kda\u015fl\u0131\u011fa da toxunaraq pandemiya il\u0259 m\u00fcbariz\u0259d\u0259 \u00c7inin \u00f6lk\u0259miz\u0259 verdiyi d\u0259st\u0259y\u0259 v\u0259 g\u00f6st\u0259rdiyi yard\u0131mlara g\u00f6r\u0259 minn\u0259tdarl\u0131\u011f\u0131n\u0131 ifad\u0259 edib.<\/p>\n<p>S\u00f6hb\u0259t zaman\u0131 Sahib\u0259 Qafarova Erm\u0259nistan-Az\u0259rbaycan Da\u011fl\u0131q Qaraba\u011f m\u00fcnaqi\u015f\u0259sind\u0259n dan\u0131\u015faraq c\u0259bh\u0259 b\u00f6lg\u0259sind\u0259ki v\u0259ziyy\u0259t haqq\u0131nda \u0259trafl\u0131 m\u0259lumat verib.<\/p>\n<p>S\u0259mimi q\u0259bul \u00fc\u00e7\u00fcn minn\u0259tdarl\u0131\u011f\u0131n\u0131 ifad\u0259 ed\u0259n \u00c7inin Az\u0259rbaycandak\u0131 s\u0259firi xan\u0131m Quo Min \u00f6lk\u0259sinin Az\u0259rbaycan Respublikas\u0131 il\u0259 m\u00fcnasib\u0259tl\u0259rin inki\u015faf\u0131na b\u00f6y\u00fck \u00f6n\u0259m verdiyini diqq\u0259t\u0259 \u00e7atd\u0131r\u0131b. Qonaq, iki \u00f6lk\u0259 aras\u0131nda m\u00fcnasib\u0259tl\u0259rin daha da inki\u015faf etdirilm\u0259si \u00fc\u00e7\u00fcn parlamentl\u0259raras\u0131 \u0259laq\u0259l\u0259rin x\u00fcsusi rolunu qeyd edib. Bildirib ki, \u00c7in Erm\u0259nistan-Az\u0259rbaycan Da\u011fl\u0131q Qaraba\u011f m\u00fcnaqi\u015f\u0259sinin \u0259n q\u0131sa m\u00fcdd\u0259td\u0259 h\u0259ll olunmas\u0131na, regionda s\u00fclh\u00fcn v\u0259 sabitliyin b\u0259rq\u0259rar olunmas\u0131na \u00fcmid edir.<\/p>\n<p>G\u00f6r\u00fc\u015fd\u0259 t\u0259r\u0259fl\u0259ri maraqland\u0131ran m\u0259s\u0259l\u0259l\u0259r \u0259traf\u0131nda fikir m\u00fcbadil\u0259si apar\u0131l\u0131b.<\/p>\n<\/div>\n<\/article>\n<h2 class=\"news-share-title\"><\/h2>\n","protected":false},"excerpt":{"rendered":"<p>Noyabr\u0131n 4-d\u0259 Milli M\u0259clisin S\u0259dri Sahib\u0259 Qafarova \u00c7in Xalq Respublikas\u0131n\u0131n \u00f6lk\u0259mizd\u0259ki s\u0259firi Quo Minl\u0259 g\u00f6r\u00fc\u015f\u00fcb. Bu bar\u0259d\u0259\u00a0Milli M\u0259clisin M\u0259tbuat v\u0259\u00a0\u0130ctimaiyy\u0259tl\u0259 \u018flaq\u0259l\u0259r \u015f\u00f6b\u0259sinin yayd\u0131\u011f\u0131 m\u0259lumatda qeyd olunub. Spiker qona\u011f\u0131 salamlayaraq, onu Milli M\u0259clisd\u0259 g\u00f6rm\u0259kd\u0259n m\u0259mnun oldu\u011funu bildirib. S\u0259dr vur\u011fulay\u0131b ki, Az\u0259rbaycan dost \u00c7in Xalq Respublikas\u0131 il\u0259 m\u00fcxt\u0259lif sah\u0259l\u0259rd\u0259 \u0259laq\u0259l\u0259rin daha da inki\u015faf etdirilm\u0259sin\u0259 b\u00f6y\u00fck \u00f6n\u0259m verir. \u0130ki \u00f6lk\u0259 aras\u0131nda m\u00fcnasib\u0259tl\u0259rin inki\u015faf\u0131nda d\u00f6vl\u0259t ba\u015f\u00e7\u0131lar\u0131n\u0131n rolundan dan\u0131\u015fan Milli M\u0259clisin S\u0259dri \u00f6lk\u0259 liderl\u0259rinin qar\u015f\u0131l\u0131ql\u0131 s\u0259f\u0259rl\u0259rini x\u00fcsusi olaraq vur\u011fulay\u0131b. S\u0259dr \u00f6lk\u0259l\u0259rimiz aras\u0131nda bu g\u00fcn\u0259 q\u0259d\u0259r 81 s\u0259n\u0259din imzaland\u0131\u011f\u0131n\u0131 v\u0259 bu s\u0259n\u0259dl\u0259rin \u0259laq\u0259l\u0259rimizin g\u0259l\u0259c\u0259k inki\u015faf\u0131 \u00fc\u00e7\u00fcn&hellip;<\/p>\n","protected":false},"author":2,"featured_media":232519,"comment_status":"closed","ping_status":"closed","sticky":false,"template":"","format":"standard","meta":{"om_disable_all_campaigns":false,"_monsterinsights_skip_tracking":false,"_monsterinsights_sitenote_active":false,"_monsterinsights_sitenote_note":"","_monsterinsights_sitenote_category":0},"categories":[10],"tags":[],"aioseo_notices":[],"gutentor_comment":0,"rttpg_featured_image_url":{"full":["https:\/\/arantv.az\/wp-content\/uploads\/2020\/11\/123461804_1796230900526215_4460271380490422051_n.jpg",620,408,false],"landscape":["https:\/\/arantv.az\/wp-content\/uploads\/2020\/11\/123461804_1796230900526215_4460271380490422051_n.jpg",620,408,false],"portraits":["https:\/\/arantv.az\/wp-content\/uploads\/2020\/11\/123461804_1796230900526215_4460271380490422051_n.jpg",620,408,false],"thumbnail":["https:\/\/arantv.az\/wp-content\/uploads\/2020\/11\/123461804_1796230900526215_4460271380490422051_n-150x150.jpg",150,150,true],"medium":["https:\/\/arantv.az\/wp-content\/uploads\/2020\/11\/123461804_1796230900526215_4460271380490422051_n-300x197.jpg",300,197,true],"large":["https:\/\/arantv.az\/wp-content\/uploads\/2020\/11\/123461804_1796230900526215_4460271380490422051_n.jpg",620,408,false],"1536x1536":["https:\/\/arantv.az\/wp-content\/uploads\/2020\/11\/123461804_1796230900526215_4460271380490422051_n.jpg",620,408,false],"2048x2048":["https:\/\/arantv.az\/wp-content\/uploads\/2020\/11\/123461804_1796230900526215_4460271380490422051_n.jpg",620,408,false],"post-thumbnail":["https:\/\/arantv.az\/wp-content\/uploads\/2020\/11\/123461804_1796230900526215_4460271380490422051_n-240x172.jpg",240,172,true],"advps-thumb-one":["https:\/\/arantv.az\/wp-content\/uploads\/2020\/11\/123461804_1796230900526215_4460271380490422051_n.jpg",620,408,false]},"rttpg_author":{"display_name":"V\u00fcsal Rafiqo\u011flu","author_link":"https:\/\/arantv.az\/?author=2"},"rttpg_comment":0,"rttpg_category":"<a href=\"https:\/\/arantv.az\/?cat=10\" rel=\"category\">C\u0259bh\u0259d\u0259n X\u0259b\u0259r<\/a>","rttpg_excerpt":"Noyabr\u0131n 4-d\u0259 Milli M\u0259clisin S\u0259dri Sahib\u0259 Qafarova \u00c7in Xalq Respublikas\u0131n\u0131n \u00f6lk\u0259mizd\u0259ki s\u0259firi Quo Minl\u0259 g\u00f6r\u00fc\u015f\u00fcb. Bu bar\u0259d\u0259\u00a0Milli M\u0259clisin M\u0259tbuat v\u0259\u00a0\u0130ctimaiyy\u0259tl\u0259 \u018flaq\u0259l\u0259r \u015f\u00f6b\u0259sinin yayd\u0131\u011f\u0131 m\u0259lumatda qeyd olunub. Spiker qona\u011f\u0131 salamlayaraq, onu Milli M\u0259clisd\u0259 g\u00f6rm\u0259kd\u0259n m\u0259mnun oldu\u011funu bildirib. S\u0259dr vur\u011fulay\u0131b ki, Az\u0259rbaycan dost \u00c7in Xalq Respublikas\u0131 il\u0259 m\u00fcxt\u0259lif sah\u0259l\u0259rd\u0259 \u0259laq\u0259l\u0259rin daha da inki\u015faf etdirilm\u0259sin\u0259 b\u00f6y\u00fck \u00f6n\u0259m verir.&hellip;","_links":{"self":[{"href":"https:\/\/arantv.az\/index.php?rest_route=\/wp\/v2\/posts\/232518"}],"collection":[{"href":"https:\/\/arantv.az\/index.php?rest_route=\/wp\/v2\/posts"}],"about":[{"href":"https:\/\/arantv.az\/index.php?rest_route=\/wp\/v2\/types\/post"}],"author":[{"embeddable":true,"href":"https:\/\/arantv.az\/index.php?rest_route=\/wp\/v2\/users\/2"}],"replies":[{"embeddable":true,"href":"https:\/\/arantv.az\/index.php?rest_route=%2Fwp%2Fv2%2Fcomments&post=232518"}],"version-history":[{"count":0,"href":"https:\/\/arantv.az\/index.php?rest_route=\/wp\/v2\/posts\/232518\/revisions"}],"wp:featuredmedia":[{"embeddable":true,"href":"https:\/\/arantv.az\/index.php?rest_route=\/wp\/v2\/media\/232519"}],"wp:attachment":[{"href":"https:\/\/arantv.az\/index.php?rest_route=%2Fwp%2Fv2%2Fmedia&parent=232518"}],"wp:term":[{"taxonomy":"category","embeddable":true,"href":"https:\/\/arantv.az\/index.php?rest_route=%2Fwp%2Fv2%2Fcategories&post=232518"},{"taxonomy":"post_tag","embeddable":true,"href":"https:\/\/arantv.az\/index.php?rest_route=%2Fwp%2Fv2%2Ftags&post=232518"}],"curies":[{"name":"wp","href":"https:\/\/api.w.org\/{rel}","templated":true}]}}