{"id":232625,"date":"2020-11-06T10:14:14","date_gmt":"2020-11-06T07:14:14","guid":{"rendered":"http:\/\/arantv.az\/?p=232625"},"modified":"2020-11-06T10:14:14","modified_gmt":"2020-11-06T07:14:14","slug":"erm%c9%99ni-diasporu-qanunsuz-yollarla-terrorizmi-maliyy%c9%99l%c9%99sdirir-bmt-uzvl%c9%99rin%c9%99-cagiris","status":"publish","type":"post","link":"https:\/\/arantv.az\/?p=232625","title":{"rendered":"&#8220;Erm\u0259ni diasporu qanunsuz yollarla terrorizmi maliyy\u0259l\u0259\u015fdirir&#8221; &#8211; BMT \u00fczvl\u0259rin\u0259 \u00e7a\u011f\u0131r\u0131\u015f"},"content":{"rendered":"<blockquote><p><em><strong>\u00f6y\u00fc\u015f meydan\u0131ndak\u0131 b\u00f6y\u00fck itkil\u0259ri kompensasiya etm\u0259k m\u0259qs\u0259dil\u0259 Erm\u0259nistan xarici \u00f6lk\u0259l\u0259rd\u0259 qeyri-h\u00f6kum\u0259t t\u0259\u015fkilatlar\u0131 v\u0259 xeyriyy\u0259 t\u0259\u015fkilatlar\u0131 ad\u0131 alt\u0131nda f\u0259aliyy\u0259t g\u00f6st\u0259r\u0259n erm\u0259ni diasporunu s\u0259f\u0259rb\u0259r ed\u0259r\u0259k \u00f6z ordusuna maliyy\u0259 v\u0259saitl\u0259ri c\u0259lb edir (&#8220;We are our borders &#8211; All for Artsakh&#8221; donation campaign, Armenia Fund, Armenian General Benevolent Union, Armenian Canadian Medical Association of Ontario, Fund for Armenian Relief, Tufenkian Foundation, Armenian Relief Society v\u0259 s.).<\/strong><\/em><\/p><\/blockquote>\n<p>ARANTV.AZ\u00a0<a href=\"http:\/\/az.trend.az\/\" target=\"_blank\" rel=\"noopener\">Trend<\/a>-\u0259 istinad\u0259n bildirir ki,\u00a0bunu Prezidentin k\u00f6m\u0259k\u00e7isi, Prezident Administrasiyas\u0131n\u0131n Xarici siyas\u0259t m\u0259s\u0259l\u0259l\u0259ri \u015f\u00f6b\u0259sinin m\u00fcdiri Hikm\u0259t Hac\u0131yev deyib.<\/p>\n<p>H.Hac\u0131yev qeyd edib ki, erm\u0259ni diasporunun idar\u0259 etdiyi qeyri-h\u00f6kum\u0259t t\u0259\u015fkilatlar\u0131 v\u0259 xeyriyy\u0259 t\u0259\u015fkilatlar\u0131 x\u0259tti il\u0259 \u0259ld\u0259 edil\u0259n maliyy\u0259 v\u0259saitl\u0259ri Az\u0259rbaycan\u0131n i\u015f\u011fal edilmi\u015f \u0259razil\u0259rind\u0259 f\u0259aliyy\u0259t g\u00f6st\u0259r\u0259n Erm\u0259nistan ordusunun maliyy\u0259l\u0259\u015fdirilm\u0259sin\u0259 y\u00f6n\u0259lir v\u0259 bununla da Erm\u0259nistan t\u0259r\u0259find\u0259n Az\u0259rbaycan\u0131n m\u00fclki \u0259halisin\u0259 qar\u015f\u0131 n\u00f6vb\u0259ti h\u00fccumlara t\u00f6hf\u0259 vermi\u015f olur:<\/p>\n<p>&#8220;Xaricd\u0259 ya\u015fayan erm\u0259nil\u0259r aras\u0131nda bu bar\u0259d\u0259 sosial media v\u0259 \u015f\u0259b\u0259k\u0259l\u0259rd\u0259ki yaz\u0131\u015fmalar bunu s\u00fcbut edir.<\/p>\n<p>Bu ilk d\u0259f\u0259 deyil ki, xaricd\u0259ki erm\u0259ni diasporu qeyri-h\u00f6kum\u0259t t\u0259\u015fkilatlar\u0131 v\u0259 xeyriyy\u0259 t\u0259\u015fkilatlar\u0131ndan sui-istifad\u0259 ed\u0259r\u0259k \u0259ld\u0259 edil\u0259n v\u0259saitl\u0259ri Az\u0259rbaycan\u0131n i\u015f\u011fal olunmu\u015f \u0259razil\u0259rind\u0259 qeyri-qanuni f\u0259aliyy\u0259t v\u0259 i\u015f\u011fal\u0131n m\u00f6hk\u0259ml\u0259ndirilm\u0259si, el\u0259c\u0259 d\u0259 i\u015f\u011fal\u00e7\u0131 ordu \u00fc\u00e7\u00fcn silah sursat\u0131n al\u0131nmas\u0131 istiqam\u0259tind\u0259 istifad\u0259 edir.<\/p>\n<p>Son 30 ild\u0259 erm\u0259ni diasporu bu istiqam\u0259td\u0259 f\u0259al i\u015f aparm\u0131\u015f v\u0259 m\u00fcvafiq xarici d\u00f6vl\u0259tl\u0259rin vergi \u00f6d\u0259yicil\u0259rini aldatm\u0131\u015flar.<\/p>\n<p>Bu zaman Az\u0259rbaycan\u0131n i\u015f\u011fal alt\u0131ndak\u0131 qondarma rejim\u0259 he\u00e7 bir n\u0259zar\u0259t mexanizmi olmadan qanunsuz v\u0259saitl\u0259r k\u00f6\u00e7\u00fcr\u00fclm\u00fc\u015fd\u00fcr ki, bu da terrorizmin maliyy\u0259l\u0259\u015fdirilm\u0259si dem\u0259kdir.<\/p>\n<p>Terrorizmin maliyy\u0259l\u0259\u015fdirilm\u0259sin\u0259 qar\u015f\u0131 m\u00fcbariz\u0259 \u00fczr\u0259 1999-cu il Beyn\u0259lxalq Konvensiyan\u0131n, el\u0259c\u0259 d\u0259 BMT T\u0259hl\u00fck\u0259sizlik \u015euras\u0131n\u0131n 1373 (2001), 2178 (2014), 2195 (2014) and 2347 (2017) sayl\u0131 q\u0259tnam\u0259l\u0259rinin m\u00fcdd\u0259alar\u0131na g\u00f6r\u0259 qeyri-kommersiya t\u0259\u015fkilatlar\u0131 t\u0259r\u0259find\u0259n yuxar\u0131da g\u00f6st\u0259ril\u0259n sah\u0259l\u0259r \u00fczr\u0259 f\u0259aliyy\u0259t terrorizmin maliyy\u0259l\u0259\u015fm\u0259si kimi qiym\u0259tl\u0259ndirilir v\u0259 d\u00f6vl\u0259tl\u0259r bu kimi hallar\u0131n qar\u015f\u0131s\u0131n\u0131 almaq \u00fc\u00e7\u00fcn qabaqlay\u0131c\u0131 t\u0259dbirl\u0259r g\u00f6rm\u0259lidir.<\/p>\n<p>Bu x\u00fcsusda, Az\u0259rbaycan BMT \u00fczv d\u00f6vl\u0259tl\u0259rini \u00f6z \u0259razil\u0259rind\u0259n \u00f6lk\u0259mizin suverenliyi v\u0259 \u0259razi b\u00fct\u00f6vl\u00fcy\u00fcn\u0259 qar\u015f\u0131 y\u00f6n\u0259lmi\u015f erm\u0259ni terrorizminin maliyy\u0259l\u0259\u015fm\u0259si m\u0259qs\u0259dil\u0259 istifad\u0259nin qar\u015f\u0131s\u0131n\u0131 alma\u011fa \u00e7a\u011f\u0131r\u0131r&#8221;.<\/p>\n","protected":false},"excerpt":{"rendered":"<p>\u00f6y\u00fc\u015f meydan\u0131ndak\u0131 b\u00f6y\u00fck itkil\u0259ri kompensasiya etm\u0259k m\u0259qs\u0259dil\u0259 Erm\u0259nistan xarici \u00f6lk\u0259l\u0259rd\u0259 qeyri-h\u00f6kum\u0259t t\u0259\u015fkilatlar\u0131 v\u0259 xeyriyy\u0259 t\u0259\u015fkilatlar\u0131 ad\u0131 alt\u0131nda f\u0259aliyy\u0259t g\u00f6st\u0259r\u0259n erm\u0259ni diasporunu s\u0259f\u0259rb\u0259r ed\u0259r\u0259k \u00f6z ordusuna maliyy\u0259 v\u0259saitl\u0259ri c\u0259lb edir (&#8220;We are our borders &#8211; All for Artsakh&#8221; donation campaign, Armenia Fund, Armenian General Benevolent Union, Armenian Canadian Medical Association of Ontario, Fund for Armenian Relief, Tufenkian Foundation, Armenian Relief Society v\u0259 s.). ARANTV.AZ\u00a0Trend-\u0259 istinad\u0259n bildirir ki,\u00a0bunu Prezidentin k\u00f6m\u0259k\u00e7isi, Prezident Administrasiyas\u0131n\u0131n Xarici siyas\u0259t m\u0259s\u0259l\u0259l\u0259ri \u015f\u00f6b\u0259sinin m\u00fcdiri Hikm\u0259t Hac\u0131yev deyib. H.Hac\u0131yev qeyd edib ki, erm\u0259ni diasporunun idar\u0259 etdiyi qeyri-h\u00f6kum\u0259t t\u0259\u015fkilatlar\u0131 v\u0259 xeyriyy\u0259&hellip;<\/p>\n","protected":false},"author":2,"featured_media":232626,"comment_status":"closed","ping_status":"closed","sticky":false,"template":"","format":"standard","meta":{"om_disable_all_campaigns":false,"_monsterinsights_skip_tracking":false,"_monsterinsights_sitenote_active":false,"_monsterinsights_sitenote_note":"","_monsterinsights_sitenote_category":0},"categories":[19],"tags":[],"aioseo_notices":[],"gutentor_comment":0,"rttpg_featured_image_url":{"full":["https:\/\/arantv.az\/wp-content\/uploads\/2020\/11\/895136.jpg",800,600,false],"landscape":["https:\/\/arantv.az\/wp-content\/uploads\/2020\/11\/895136.jpg",800,600,false],"portraits":["https:\/\/arantv.az\/wp-content\/uploads\/2020\/11\/895136.jpg",800,600,false],"thumbnail":["https:\/\/arantv.az\/wp-content\/uploads\/2020\/11\/895136-150x150.jpg",150,150,true],"medium":["https:\/\/arantv.az\/wp-content\/uploads\/2020\/11\/895136-300x225.jpg",300,225,true],"large":["https:\/\/arantv.az\/wp-content\/uploads\/2020\/11\/895136.jpg",640,480,false],"1536x1536":["https:\/\/arantv.az\/wp-content\/uploads\/2020\/11\/895136.jpg",800,600,false],"2048x2048":["https:\/\/arantv.az\/wp-content\/uploads\/2020\/11\/895136.jpg",800,600,false],"post-thumbnail":["https:\/\/arantv.az\/wp-content\/uploads\/2020\/11\/895136-240x172.jpg",240,172,true],"advps-thumb-one":["https:\/\/arantv.az\/wp-content\/uploads\/2020\/11\/895136.jpg",800,600,false]},"rttpg_author":{"display_name":"V\u00fcsal Rafiqo\u011flu","author_link":"https:\/\/arantv.az\/?author=2"},"rttpg_comment":0,"rttpg_category":"<a href=\"https:\/\/arantv.az\/?cat=19\" rel=\"category\">G\u00fcnd\u0259m<\/a>","rttpg_excerpt":"\u00f6y\u00fc\u015f meydan\u0131ndak\u0131 b\u00f6y\u00fck itkil\u0259ri kompensasiya etm\u0259k m\u0259qs\u0259dil\u0259 Erm\u0259nistan xarici \u00f6lk\u0259l\u0259rd\u0259 qeyri-h\u00f6kum\u0259t t\u0259\u015fkilatlar\u0131 v\u0259 xeyriyy\u0259 t\u0259\u015fkilatlar\u0131 ad\u0131 alt\u0131nda f\u0259aliyy\u0259t g\u00f6st\u0259r\u0259n erm\u0259ni diasporunu s\u0259f\u0259rb\u0259r ed\u0259r\u0259k \u00f6z ordusuna maliyy\u0259 v\u0259saitl\u0259ri c\u0259lb edir (&#8220;We are our borders &#8211; All for Artsakh&#8221; donation campaign, Armenia Fund, Armenian General Benevolent Union, Armenian Canadian Medical Association of Ontario, Fund for Armenian Relief,&hellip;","_links":{"self":[{"href":"https:\/\/arantv.az\/index.php?rest_route=\/wp\/v2\/posts\/232625"}],"collection":[{"href":"https:\/\/arantv.az\/index.php?rest_route=\/wp\/v2\/posts"}],"about":[{"href":"https:\/\/arantv.az\/index.php?rest_route=\/wp\/v2\/types\/post"}],"author":[{"embeddable":true,"href":"https:\/\/arantv.az\/index.php?rest_route=\/wp\/v2\/users\/2"}],"replies":[{"embeddable":true,"href":"https:\/\/arantv.az\/index.php?rest_route=%2Fwp%2Fv2%2Fcomments&post=232625"}],"version-history":[{"count":0,"href":"https:\/\/arantv.az\/index.php?rest_route=\/wp\/v2\/posts\/232625\/revisions"}],"wp:featuredmedia":[{"embeddable":true,"href":"https:\/\/arantv.az\/index.php?rest_route=\/wp\/v2\/media\/232626"}],"wp:attachment":[{"href":"https:\/\/arantv.az\/index.php?rest_route=%2Fwp%2Fv2%2Fmedia&parent=232625"}],"wp:term":[{"taxonomy":"category","embeddable":true,"href":"https:\/\/arantv.az\/index.php?rest_route=%2Fwp%2Fv2%2Fcategories&post=232625"},{"taxonomy":"post_tag","embeddable":true,"href":"https:\/\/arantv.az\/index.php?rest_route=%2Fwp%2Fv2%2Ftags&post=232625"}],"curies":[{"name":"wp","href":"https:\/\/api.w.org\/{rel}","templated":true}]}}