{"id":232637,"date":"2020-11-06T10:19:36","date_gmt":"2020-11-06T07:19:36","guid":{"rendered":"http:\/\/arantv.az\/?p=232637"},"modified":"2020-11-06T10:19:36","modified_gmt":"2020-11-06T07:19:36","slug":"qubada-tibb-iscisi-koronavirus-x%c9%99st%c9%99sini-qohumlari-il%c9%99-gorusdurub","status":"publish","type":"post","link":"https:\/\/arantv.az\/?p=232637","title":{"rendered":"Qubada tibb i\u015f\u00e7isi koronavirus x\u0259st\u0259sini qohumlar\u0131 il\u0259 g\u00f6r\u00fc\u015fd\u00fcr\u00fcb"},"content":{"rendered":"<div class=\"news-content\">\n<p><strong>Quba Rayon M\u0259rk\u0259zi X\u0259st\u0259xanas\u0131n\u0131n T\u0259cili Tibbi Yard\u0131m stansiyas\u0131nda b\u00f6y\u00fck tibb qarda\u015f\u0131 i\u015fl\u0259y\u0259n B\u0259hramxan Balazad\u0259 epidemiya v\u0259 karantin rejimi qaydalar\u0131n\u0131 pozaraq, x\u00fcsusi m\u00fchafiz\u0259 olunan Quba RMX-da koronavirus pandemiyas\u0131ndan stasionar m\u00fcalic\u0259 alan qohumunun yeniyetm\u0259 \u00f6vladlar\u0131 il\u0259 g\u00f6r\u00fc\u015fm\u0259yini t\u0259\u015fkil edib.<\/strong><\/p>\n<p>Daxili \u0130\u015fl\u0259r Nazirliyinin M\u0259tbuat Xidm\u0259tinin Quba regional qrupundan\u00a0\u00a0veril\u0259n m\u0259lumata g\u00f6r\u0259, yeniyetm\u0259l\u0259ri x\u00fcsusi geyim formas\u0131 olan skafandr, tibbi maska v\u0259 tibbi eyn\u0259kl\u0259 t\u0259min ed\u0259n v\u0259 t\u0259yin olunmu\u015f x\u00fcsusi karantin qaydalar\u0131n\u0131 kobud \u015f\u0259kild\u0259 pozan tibb i\u015f\u00e7isinin t\u00f6r\u0259tdiyi qanunazidd h\u0259r\u0259k\u0259tinin qar\u015f\u0131s\u0131 d\u0259rhal Quba Rayon Polis \u015e\u00f6b\u0259sinin \u0259m\u0259kda\u015flar\u0131 t\u0259r\u0259find\u0259n al\u0131nm\u0131\u015f v\u0259 o, saxlan\u0131laraq polis \u015f\u00f6b\u0259sin\u0259 g\u0259tirilib.<\/p>\n<p>\u0130lkin dindirilm\u0259 zaman\u0131 B.Balazad\u0259 t\u00f6r\u0259tdiyi \u0259m\u0259lini s\u0259mimi etiraf ed\u0259r\u0259k, pe\u015fman oldu\u011funu bildirib.<\/p>\n<p>Haz\u0131rda faktla ba\u011fl\u0131 Quba RP\u015e-d\u0259 ara\u015fd\u0131rmalar apar\u0131l\u0131r.<\/p>\n<p>&nbsp;<\/p>\n<p>&nbsp;<\/p>\n<\/div>\n<div class=\"subs-in-social subs-instagram\">\n<div class=\"icon\"><a href=\"https:\/\/www.instagram.com\/musavatcom\/\" target=\"_blank\" rel=\"nofollow noopener\"><img src=\"https:\/\/musavat.com\/images\/social\/icon-instagram.svg\" alt=\"Instagram\" \/><\/a><\/div>\n<div class=\"subs-message\"><a href=\"https:\/\/www.instagram.com\/musavatcom\/\" target=\"_blank\" rel=\"nofollow noopener\">Bizim Instagram kanal\u0131m\u0131za abun\u0259 olun<\/a><\/div>\n<\/div>\n","protected":false},"excerpt":{"rendered":"<p>Quba Rayon M\u0259rk\u0259zi X\u0259st\u0259xanas\u0131n\u0131n T\u0259cili Tibbi Yard\u0131m stansiyas\u0131nda b\u00f6y\u00fck tibb qarda\u015f\u0131 i\u015fl\u0259y\u0259n B\u0259hramxan Balazad\u0259 epidemiya v\u0259 karantin rejimi qaydalar\u0131n\u0131 pozaraq, x\u00fcsusi m\u00fchafiz\u0259 olunan Quba RMX-da koronavirus pandemiyas\u0131ndan stasionar m\u00fcalic\u0259 alan qohumunun yeniyetm\u0259 \u00f6vladlar\u0131 il\u0259 g\u00f6r\u00fc\u015fm\u0259yini t\u0259\u015fkil edib. Daxili \u0130\u015fl\u0259r Nazirliyinin M\u0259tbuat Xidm\u0259tinin Quba regional qrupundan\u00a0\u00a0veril\u0259n m\u0259lumata g\u00f6r\u0259, yeniyetm\u0259l\u0259ri x\u00fcsusi geyim formas\u0131 olan skafandr, tibbi maska v\u0259 tibbi eyn\u0259kl\u0259 t\u0259min ed\u0259n v\u0259 t\u0259yin olunmu\u015f x\u00fcsusi karantin qaydalar\u0131n\u0131 kobud \u015f\u0259kild\u0259 pozan tibb i\u015f\u00e7isinin t\u00f6r\u0259tdiyi qanunazidd h\u0259r\u0259k\u0259tinin qar\u015f\u0131s\u0131 d\u0259rhal Quba Rayon Polis \u015e\u00f6b\u0259sinin \u0259m\u0259kda\u015flar\u0131 t\u0259r\u0259find\u0259n al\u0131nm\u0131\u015f v\u0259 o, saxlan\u0131laraq polis \u015f\u00f6b\u0259sin\u0259 g\u0259tirilib. \u0130lkin&hellip;<\/p>\n","protected":false},"author":2,"featured_media":232638,"comment_status":"closed","ping_status":"closed","sticky":false,"template":"","format":"standard","meta":{"om_disable_all_campaigns":false,"_monsterinsights_skip_tracking":false,"_monsterinsights_sitenote_active":false,"_monsterinsights_sitenote_note":"","_monsterinsights_sitenote_category":0},"categories":[13],"tags":[],"aioseo_notices":[],"gutentor_comment":0,"rttpg_featured_image_url":{"full":["https:\/\/arantv.az\/wp-content\/uploads\/2020\/11\/59b7a680dabba9c2b07074ac2e4b7146.jpg",450,300,false],"landscape":["https:\/\/arantv.az\/wp-content\/uploads\/2020\/11\/59b7a680dabba9c2b07074ac2e4b7146.jpg",450,300,false],"portraits":["https:\/\/arantv.az\/wp-content\/uploads\/2020\/11\/59b7a680dabba9c2b07074ac2e4b7146.jpg",450,300,false],"thumbnail":["https:\/\/arantv.az\/wp-content\/uploads\/2020\/11\/59b7a680dabba9c2b07074ac2e4b7146-150x150.jpg",150,150,true],"medium":["https:\/\/arantv.az\/wp-content\/uploads\/2020\/11\/59b7a680dabba9c2b07074ac2e4b7146-300x200.jpg",300,200,true],"large":["https:\/\/arantv.az\/wp-content\/uploads\/2020\/11\/59b7a680dabba9c2b07074ac2e4b7146.jpg",450,300,false],"1536x1536":["https:\/\/arantv.az\/wp-content\/uploads\/2020\/11\/59b7a680dabba9c2b07074ac2e4b7146.jpg",450,300,false],"2048x2048":["https:\/\/arantv.az\/wp-content\/uploads\/2020\/11\/59b7a680dabba9c2b07074ac2e4b7146.jpg",450,300,false],"post-thumbnail":["https:\/\/arantv.az\/wp-content\/uploads\/2020\/11\/59b7a680dabba9c2b07074ac2e4b7146-240x172.jpg",240,172,true],"advps-thumb-one":["https:\/\/arantv.az\/wp-content\/uploads\/2020\/11\/59b7a680dabba9c2b07074ac2e4b7146.jpg",450,300,false]},"rttpg_author":{"display_name":"V\u00fcsal Rafiqo\u011flu","author_link":"https:\/\/arantv.az\/?author=2"},"rttpg_comment":0,"rttpg_category":"<a href=\"https:\/\/arantv.az\/?cat=13\" rel=\"category\">Bizim h\u0259kim<\/a>","rttpg_excerpt":"Quba Rayon M\u0259rk\u0259zi X\u0259st\u0259xanas\u0131n\u0131n T\u0259cili Tibbi Yard\u0131m stansiyas\u0131nda b\u00f6y\u00fck tibb qarda\u015f\u0131 i\u015fl\u0259y\u0259n B\u0259hramxan Balazad\u0259 epidemiya v\u0259 karantin rejimi qaydalar\u0131n\u0131 pozaraq, x\u00fcsusi m\u00fchafiz\u0259 olunan Quba RMX-da koronavirus pandemiyas\u0131ndan stasionar m\u00fcalic\u0259 alan qohumunun yeniyetm\u0259 \u00f6vladlar\u0131 il\u0259 g\u00f6r\u00fc\u015fm\u0259yini t\u0259\u015fkil edib. Daxili \u0130\u015fl\u0259r Nazirliyinin M\u0259tbuat Xidm\u0259tinin Quba regional qrupundan\u00a0\u00a0veril\u0259n m\u0259lumata g\u00f6r\u0259, yeniyetm\u0259l\u0259ri x\u00fcsusi geyim formas\u0131 olan skafandr, tibbi maska&hellip;","_links":{"self":[{"href":"https:\/\/arantv.az\/index.php?rest_route=\/wp\/v2\/posts\/232637"}],"collection":[{"href":"https:\/\/arantv.az\/index.php?rest_route=\/wp\/v2\/posts"}],"about":[{"href":"https:\/\/arantv.az\/index.php?rest_route=\/wp\/v2\/types\/post"}],"author":[{"embeddable":true,"href":"https:\/\/arantv.az\/index.php?rest_route=\/wp\/v2\/users\/2"}],"replies":[{"embeddable":true,"href":"https:\/\/arantv.az\/index.php?rest_route=%2Fwp%2Fv2%2Fcomments&post=232637"}],"version-history":[{"count":0,"href":"https:\/\/arantv.az\/index.php?rest_route=\/wp\/v2\/posts\/232637\/revisions"}],"wp:featuredmedia":[{"embeddable":true,"href":"https:\/\/arantv.az\/index.php?rest_route=\/wp\/v2\/media\/232638"}],"wp:attachment":[{"href":"https:\/\/arantv.az\/index.php?rest_route=%2Fwp%2Fv2%2Fmedia&parent=232637"}],"wp:term":[{"taxonomy":"category","embeddable":true,"href":"https:\/\/arantv.az\/index.php?rest_route=%2Fwp%2Fv2%2Fcategories&post=232637"},{"taxonomy":"post_tag","embeddable":true,"href":"https:\/\/arantv.az\/index.php?rest_route=%2Fwp%2Fv2%2Ftags&post=232637"}],"curies":[{"name":"wp","href":"https:\/\/api.w.org\/{rel}","templated":true}]}}