{"id":232668,"date":"2020-11-06T11:59:17","date_gmt":"2020-11-06T08:59:17","guid":{"rendered":"http:\/\/arantv.az\/?p=232668"},"modified":"2020-11-06T11:59:17","modified_gmt":"2020-11-06T08:59:17","slug":"k%c9%99lb%c9%99c%c9%99r-istiqam%c9%99tind%c9%99-pkk-terrorculari-m%c9%99hv-edildi","status":"publish","type":"post","link":"https:\/\/arantv.az\/?p=232668","title":{"rendered":"K\u0259lb\u0259c\u0259r istiqam\u0259tind\u0259 PKK terror\u00e7ular\u0131 m\u0259hv edildi"},"content":{"rendered":"<p>Erm\u0259nistan silahl\u0131 q\u00fcvv\u0259l\u0259ri t\u0259rkibind\u0259 d\u00f6y\u00fc\u015f\u0259n PKK terror\u00e7ular\u0131n\u0131n n\u00f6vb\u0259ti qrupu m\u0259hv edilib.<\/p>\n<p>Ordu.az-\u0131n m\u0259lumat\u0131na g\u00f6r\u0259, gec\u0259 \u0259rzind\u0259 d\u00fc\u015fm\u0259nin K\u0259lb\u0259c\u0259r istiqam\u0259tind\u0259 yerl\u0259\u015fdirdiyi PKK terror\u00e7ular\u0131 m\u00fcxt\u0259lif istiqam\u0259tl\u0259rd\u0259 ir\u0259lil\u0259m\u0259y\u0259 \u00e7al\u0131\u015faraq,\u00a0terror-t\u0259xribat aktlar\u0131 t\u00f6r\u0259tm\u0259y\u0259 c\u0259hd edibl\u0259r.<\/p>\n<p>Daxil olmu\u015f \u0259m\u0259liyyat m\u0259lumatlar\u0131 \u0259sas\u0131nda, onlar\u0131n \u201cS\u0259rs\u0259ng\u201d SES istiqam\u0259tind\u0259 terror akt\u0131 t\u00f6r\u0259tm\u0259k niyy\u0259tl\u0259rinin oldu\u011fu a\u015fkarlan\u0131b.<\/p>\n<div id=\"AdviadNativeVideo0\" class=\"AdviadNativeVideo\"><\/div>\n<p>N\u0259tic\u0259d\u0259, peyk v\u0259 PUA \u00e7\u0259kili\u015fl\u0259ri \u0259sas\u0131nda terror\u00e7ular\u0131n m\u00fcv\u0259qq\u0259ti c\u0259ml\u0259\u015fdiyi \u0259razi m\u00fc\u0259yy\u0259n edilib v\u0259 \u00e7oxlu sayda hey\u0259ti m\u0259hv edilib.<\/p>\n<p>\u018fld\u0259 edil\u0259n m\u0259lumata g\u00f6r\u0259, m\u0259hv edil\u0259n terror\u00e7ular\u0131n daxilind\u0259 \u201c\u018fl-H\u0259s\u0259k\u0259 H\u0259rbi \u015euras\u0131\u201dn\u0131n \u00fczvl\u0259ri, vaxtil\u0259 \u201cBar\u0131\u015f P\u0131nar\u0131\u201d \u0259m\u0259liyyat\u0131nda T\u00fcrkiy\u0259 Silahl\u0131 Q\u00fcvv\u0259l\u0259rin\u0259 qar\u015f\u0131 terror aktlar\u0131 t\u00f6r\u0259tmi\u015f \u018fbd\u00fclbari Z\u0259rd\u00fc\u015ft, Seydo Ahmet, Mahir Qabar kimi \u015f\u0259xsl\u0259r yer al\u0131b.<\/p>\n<p>Qeyd ed\u0259k ki, gec\u0259 \u0259rzind\u0259 apar\u0131lan \u0259m\u0259liyyatlar zaman\u0131 az\u0131 15 PKK terror\u00e7usu m\u0259hv edilib.<\/p>\n","protected":false},"excerpt":{"rendered":"<p>Erm\u0259nistan silahl\u0131 q\u00fcvv\u0259l\u0259ri t\u0259rkibind\u0259 d\u00f6y\u00fc\u015f\u0259n PKK terror\u00e7ular\u0131n\u0131n n\u00f6vb\u0259ti qrupu m\u0259hv edilib. Ordu.az-\u0131n m\u0259lumat\u0131na g\u00f6r\u0259, gec\u0259 \u0259rzind\u0259 d\u00fc\u015fm\u0259nin K\u0259lb\u0259c\u0259r istiqam\u0259tind\u0259 yerl\u0259\u015fdirdiyi PKK terror\u00e7ular\u0131 m\u00fcxt\u0259lif istiqam\u0259tl\u0259rd\u0259 ir\u0259lil\u0259m\u0259y\u0259 \u00e7al\u0131\u015faraq,\u00a0terror-t\u0259xribat aktlar\u0131 t\u00f6r\u0259tm\u0259y\u0259 c\u0259hd edibl\u0259r. Daxil olmu\u015f \u0259m\u0259liyyat m\u0259lumatlar\u0131 \u0259sas\u0131nda, onlar\u0131n \u201cS\u0259rs\u0259ng\u201d SES istiqam\u0259tind\u0259 terror akt\u0131 t\u00f6r\u0259tm\u0259k niyy\u0259tl\u0259rinin oldu\u011fu a\u015fkarlan\u0131b. N\u0259tic\u0259d\u0259, peyk v\u0259 PUA \u00e7\u0259kili\u015fl\u0259ri \u0259sas\u0131nda terror\u00e7ular\u0131n m\u00fcv\u0259qq\u0259ti c\u0259ml\u0259\u015fdiyi \u0259razi m\u00fc\u0259yy\u0259n edilib v\u0259 \u00e7oxlu sayda hey\u0259ti m\u0259hv edilib. \u018fld\u0259 edil\u0259n m\u0259lumata g\u00f6r\u0259, m\u0259hv edil\u0259n terror\u00e7ular\u0131n daxilind\u0259 \u201c\u018fl-H\u0259s\u0259k\u0259 H\u0259rbi \u015euras\u0131\u201dn\u0131n \u00fczvl\u0259ri, vaxtil\u0259 \u201cBar\u0131\u015f P\u0131nar\u0131\u201d \u0259m\u0259liyyat\u0131nda T\u00fcrkiy\u0259 Silahl\u0131 Q\u00fcvv\u0259l\u0259rin\u0259 qar\u015f\u0131 terror aktlar\u0131 t\u00f6r\u0259tmi\u015f \u018fbd\u00fclbari Z\u0259rd\u00fc\u015ft, Seydo Ahmet,&hellip;<\/p>\n","protected":false},"author":2,"featured_media":232672,"comment_status":"closed","ping_status":"closed","sticky":false,"template":"","format":"standard","meta":{"om_disable_all_campaigns":false,"_monsterinsights_skip_tracking":false,"_monsterinsights_sitenote_active":false,"_monsterinsights_sitenote_note":"","_monsterinsights_sitenote_category":0},"categories":[10],"tags":[],"aioseo_notices":[],"gutentor_comment":0,"rttpg_featured_image_url":{"full":["https:\/\/arantv.az\/wp-content\/uploads\/2020\/11\/w.jpg",620,383,false],"landscape":["https:\/\/arantv.az\/wp-content\/uploads\/2020\/11\/w.jpg",620,383,false],"portraits":["https:\/\/arantv.az\/wp-content\/uploads\/2020\/11\/w.jpg",620,383,false],"thumbnail":["https:\/\/arantv.az\/wp-content\/uploads\/2020\/11\/w-150x150.jpg",150,150,true],"medium":["https:\/\/arantv.az\/wp-content\/uploads\/2020\/11\/w-300x185.jpg",300,185,true],"large":["https:\/\/arantv.az\/wp-content\/uploads\/2020\/11\/w.jpg",620,383,false],"1536x1536":["https:\/\/arantv.az\/wp-content\/uploads\/2020\/11\/w.jpg",620,383,false],"2048x2048":["https:\/\/arantv.az\/wp-content\/uploads\/2020\/11\/w.jpg",620,383,false],"post-thumbnail":["https:\/\/arantv.az\/wp-content\/uploads\/2020\/11\/w-240x172.jpg",240,172,true],"advps-thumb-one":["https:\/\/arantv.az\/wp-content\/uploads\/2020\/11\/w.jpg",620,383,false]},"rttpg_author":{"display_name":"V\u00fcsal Rafiqo\u011flu","author_link":"https:\/\/arantv.az\/?author=2"},"rttpg_comment":0,"rttpg_category":"<a href=\"https:\/\/arantv.az\/?cat=10\" rel=\"category\">C\u0259bh\u0259d\u0259n X\u0259b\u0259r<\/a>","rttpg_excerpt":"Erm\u0259nistan silahl\u0131 q\u00fcvv\u0259l\u0259ri t\u0259rkibind\u0259 d\u00f6y\u00fc\u015f\u0259n PKK terror\u00e7ular\u0131n\u0131n n\u00f6vb\u0259ti qrupu m\u0259hv edilib. Ordu.az-\u0131n m\u0259lumat\u0131na g\u00f6r\u0259, gec\u0259 \u0259rzind\u0259 d\u00fc\u015fm\u0259nin K\u0259lb\u0259c\u0259r istiqam\u0259tind\u0259 yerl\u0259\u015fdirdiyi PKK terror\u00e7ular\u0131 m\u00fcxt\u0259lif istiqam\u0259tl\u0259rd\u0259 ir\u0259lil\u0259m\u0259y\u0259 \u00e7al\u0131\u015faraq,\u00a0terror-t\u0259xribat aktlar\u0131 t\u00f6r\u0259tm\u0259y\u0259 c\u0259hd edibl\u0259r. Daxil olmu\u015f \u0259m\u0259liyyat m\u0259lumatlar\u0131 \u0259sas\u0131nda, onlar\u0131n \u201cS\u0259rs\u0259ng\u201d SES istiqam\u0259tind\u0259 terror akt\u0131 t\u00f6r\u0259tm\u0259k niyy\u0259tl\u0259rinin oldu\u011fu a\u015fkarlan\u0131b. N\u0259tic\u0259d\u0259, peyk v\u0259 PUA \u00e7\u0259kili\u015fl\u0259ri \u0259sas\u0131nda terror\u00e7ular\u0131n m\u00fcv\u0259qq\u0259ti c\u0259ml\u0259\u015fdiyi \u0259razi&hellip;","_links":{"self":[{"href":"https:\/\/arantv.az\/index.php?rest_route=\/wp\/v2\/posts\/232668"}],"collection":[{"href":"https:\/\/arantv.az\/index.php?rest_route=\/wp\/v2\/posts"}],"about":[{"href":"https:\/\/arantv.az\/index.php?rest_route=\/wp\/v2\/types\/post"}],"author":[{"embeddable":true,"href":"https:\/\/arantv.az\/index.php?rest_route=\/wp\/v2\/users\/2"}],"replies":[{"embeddable":true,"href":"https:\/\/arantv.az\/index.php?rest_route=%2Fwp%2Fv2%2Fcomments&post=232668"}],"version-history":[{"count":0,"href":"https:\/\/arantv.az\/index.php?rest_route=\/wp\/v2\/posts\/232668\/revisions"}],"wp:featuredmedia":[{"embeddable":true,"href":"https:\/\/arantv.az\/index.php?rest_route=\/wp\/v2\/media\/232672"}],"wp:attachment":[{"href":"https:\/\/arantv.az\/index.php?rest_route=%2Fwp%2Fv2%2Fmedia&parent=232668"}],"wp:term":[{"taxonomy":"category","embeddable":true,"href":"https:\/\/arantv.az\/index.php?rest_route=%2Fwp%2Fv2%2Fcategories&post=232668"},{"taxonomy":"post_tag","embeddable":true,"href":"https:\/\/arantv.az\/index.php?rest_route=%2Fwp%2Fv2%2Ftags&post=232668"}],"curies":[{"name":"wp","href":"https:\/\/api.w.org\/{rel}","templated":true}]}}