{"id":232728,"date":"2020-11-06T14:20:36","date_gmt":"2020-11-06T11:20:36","guid":{"rendered":"http:\/\/arantv.az\/?p=232728"},"modified":"2020-11-06T14:20:36","modified_gmt":"2020-11-06T11:20:36","slug":"aleksandr-sitin-erm%c9%99nil%c9%99r-mifsiz-v%c9%99-ah-nal%c9%99siz-yasaya-bilmirl%c9%99r","status":"publish","type":"post","link":"https:\/\/arantv.az\/?p=232728","title":{"rendered":"Aleksandr S\u0131tin: \u201cErm\u0259nil\u0259r mifsiz v\u0259 ah-nal\u0259siz ya\u015faya bilmirl\u0259r\u201d"},"content":{"rendered":"<p>Az\u0259rbaycan\u0131n i\u015f\u011fal olunmu\u015f \u0259razil\u0259rind\u0259 m\u00fcharib\u0259, dem\u0259k olar ki, ay yar\u0131md\u0131r davam edir. Erm\u0259nistan\u0131n b\u00f6y\u00fck h\u0259rbi itkil\u0259ri var. Ancaq \u0130r\u0259van\u0131n h\u0259l\u0259lik\u00a0h\u0259rbi-siyasi t\u0259nziml\u0259m\u0259y\u0259 raz\u0131 olmaq v\u0259 qo\u015funlar\u0131n geri \u00e7\u0259kilm\u0259si \u00fc\u00e7\u00fcn c\u0259dv\u0259l t\u0259qdim etm\u0259k ist\u0259yi yoxdur.<\/p>\n<p>\u015eimali v\u0259 \u015e\u0259rqi Avropa \u00d6lk\u0259l\u0259ri Siyasi Ara\u015fd\u0131rmalar M\u0259rk\u0259zinin r\u0259hb\u0259ri, tarix elml\u0259r doktoru Aleksandr S\u0131tin\u00a0<a href=\"https:\/\/media.az\/politics\/1067798133\/iz-porazheniya-v-karabahe-armyane-sformiruyut-novyy-mif-dlya-mediaaz-kommentiruet-aleksandr-sytin\/?fbclid=IwAR2ehpzuF-Lql-pYDTdSkB_K7ployeKDQoQ_0z7xdEBh7sviCElADMbQIZc\" target=\"_blank\" rel=\"noopener\">Media.Az<\/a>-a verdiyi a\u00e7\u0131qlamada bununla ba\u011fl\u0131 \u015f\u0259rh verib.<\/p>\n<p>O, ilk olaraq m\u00fcharib\u0259 il\u0259 ba\u011fl\u0131 he\u00e7 bir siyasi h\u0259ll olmayaca\u011f\u0131n\u0131 v\u0259 Erm\u0259nistan\u0131n sona q\u0259d\u0259r \u00f6z dediyind\u0259 duraca\u011f\u0131n\u0131 deyib. Ekspert, h\u0259m\u00e7inin, erm\u0259ni diasporunun \u0130r\u0259van\u0131 maliyy\u0259 il\u0259 f\u0259al \u015f\u0259kild\u0259 d\u0259st\u0259kl\u0259diyini d\u0259 vur\u011fulay\u0131b:<\/p>\n<div id=\"AdviadNativeVideo0\" class=\"AdviadNativeVideo\"><\/div>\n<p>\u201cAyd\u0131nd\u0131r ki, bel\u0259 bir d\u0259st\u0259k olmasayd\u0131, Erm\u0259nistan, sad\u0259c\u0259, d\u00f6y\u00fc\u015f\u0259 bilm\u0259zdi\u201d, &#8211; dey\u0259 o\u00a0qeyd edib.<\/p>\n<p>Qaraba\u011fa g\u0259linc\u0259, m\u00fcsahib bu \u0259razinin onlar\u0131n \u0259sas milli identifikasiya v\u0259 mifologiyas\u0131n\u0131n (hans\u0131 ki, el\u0259 erm\u0259ni xalq\u0131n\u0131n \u0259sas\u0131n\u0131 t\u0259\u015fkil edir) t\u0259rkib hiss\u0259si oldu\u011funu deyib.<\/p>\n<p>\u201cQaraba\u011f\u0131n Az\u0259rbaycan\u0131n t\u0259rkibin\u0259 qaytar\u0131lmas\u0131 100 ild\u0259n \u00e7oxdur ki, 1915-ci il hadis\u0259l\u0259ri il\u0259 \u0259laq\u0259dar davam ed\u0259n ah-zarlar\u0131n\u0131n\u00a0eynisin\u0259 s\u0259b\u0259b olacaq. B\u00fct\u00fcn bunlar \u201csoyq\u0131r\u0131m\u0131\u201d (dirnaq i\u015far\u0259si bizimdir &#8211; red.) hekay\u0259sind\u0259ki kimi an\u0131nda mifl\u0259r\u0259 b\u00fcr\u00fcn\u0259c\u0259k. Onlar bunsuz ya\u015faya bilm\u0259zl\u0259r\u201d, &#8211; dey\u0259 Aleksandr S\u0131tin vur\u011fulay\u0131b.<\/p>\n","protected":false},"excerpt":{"rendered":"<p>Az\u0259rbaycan\u0131n i\u015f\u011fal olunmu\u015f \u0259razil\u0259rind\u0259 m\u00fcharib\u0259, dem\u0259k olar ki, ay yar\u0131md\u0131r davam edir. Erm\u0259nistan\u0131n b\u00f6y\u00fck h\u0259rbi itkil\u0259ri var. Ancaq \u0130r\u0259van\u0131n h\u0259l\u0259lik\u00a0h\u0259rbi-siyasi t\u0259nziml\u0259m\u0259y\u0259 raz\u0131 olmaq v\u0259 qo\u015funlar\u0131n geri \u00e7\u0259kilm\u0259si \u00fc\u00e7\u00fcn c\u0259dv\u0259l t\u0259qdim etm\u0259k ist\u0259yi yoxdur. \u015eimali v\u0259 \u015e\u0259rqi Avropa \u00d6lk\u0259l\u0259ri Siyasi Ara\u015fd\u0131rmalar M\u0259rk\u0259zinin r\u0259hb\u0259ri, tarix elml\u0259r doktoru Aleksandr S\u0131tin\u00a0Media.Az-a verdiyi a\u00e7\u0131qlamada bununla ba\u011fl\u0131 \u015f\u0259rh verib. O, ilk olaraq m\u00fcharib\u0259 il\u0259 ba\u011fl\u0131 he\u00e7 bir siyasi h\u0259ll olmayaca\u011f\u0131n\u0131 v\u0259 Erm\u0259nistan\u0131n sona q\u0259d\u0259r \u00f6z dediyind\u0259 duraca\u011f\u0131n\u0131 deyib. Ekspert, h\u0259m\u00e7inin, erm\u0259ni diasporunun \u0130r\u0259van\u0131 maliyy\u0259 il\u0259 f\u0259al \u015f\u0259kild\u0259 d\u0259st\u0259kl\u0259diyini d\u0259 vur\u011fulay\u0131b: \u201cAyd\u0131nd\u0131r ki, bel\u0259 bir d\u0259st\u0259k olmasayd\u0131,&hellip;<\/p>\n","protected":false},"author":2,"featured_media":232781,"comment_status":"closed","ping_status":"closed","sticky":false,"template":"","format":"standard","meta":{"om_disable_all_campaigns":false,"_monsterinsights_skip_tracking":false,"_monsterinsights_sitenote_active":false,"_monsterinsights_sitenote_note":"","_monsterinsights_sitenote_category":0},"categories":[7],"tags":[],"aioseo_notices":[],"gutentor_comment":0,"rttpg_featured_image_url":{"full":["https:\/\/arantv.az\/wp-content\/uploads\/2020\/11\/1604620770_a_sitin2.jpg",620,331,false],"landscape":["https:\/\/arantv.az\/wp-content\/uploads\/2020\/11\/1604620770_a_sitin2.jpg",620,331,false],"portraits":["https:\/\/arantv.az\/wp-content\/uploads\/2020\/11\/1604620770_a_sitin2.jpg",620,331,false],"thumbnail":["https:\/\/arantv.az\/wp-content\/uploads\/2020\/11\/1604620770_a_sitin2-150x150.jpg",150,150,true],"medium":["https:\/\/arantv.az\/wp-content\/uploads\/2020\/11\/1604620770_a_sitin2-300x160.jpg",300,160,true],"large":["https:\/\/arantv.az\/wp-content\/uploads\/2020\/11\/1604620770_a_sitin2.jpg",620,331,false],"1536x1536":["https:\/\/arantv.az\/wp-content\/uploads\/2020\/11\/1604620770_a_sitin2.jpg",620,331,false],"2048x2048":["https:\/\/arantv.az\/wp-content\/uploads\/2020\/11\/1604620770_a_sitin2.jpg",620,331,false],"post-thumbnail":["https:\/\/arantv.az\/wp-content\/uploads\/2020\/11\/1604620770_a_sitin2-240x172.jpg",240,172,true],"advps-thumb-one":["https:\/\/arantv.az\/wp-content\/uploads\/2020\/11\/1604620770_a_sitin2.jpg",620,331,false]},"rttpg_author":{"display_name":"V\u00fcsal Rafiqo\u011flu","author_link":"https:\/\/arantv.az\/?author=2"},"rttpg_comment":0,"rttpg_category":"<a href=\"https:\/\/arantv.az\/?cat=7\" rel=\"category\">D\u00fcnya<\/a>","rttpg_excerpt":"Az\u0259rbaycan\u0131n i\u015f\u011fal olunmu\u015f \u0259razil\u0259rind\u0259 m\u00fcharib\u0259, dem\u0259k olar ki, ay yar\u0131md\u0131r davam edir. Erm\u0259nistan\u0131n b\u00f6y\u00fck h\u0259rbi itkil\u0259ri var. Ancaq \u0130r\u0259van\u0131n h\u0259l\u0259lik\u00a0h\u0259rbi-siyasi t\u0259nziml\u0259m\u0259y\u0259 raz\u0131 olmaq v\u0259 qo\u015funlar\u0131n geri \u00e7\u0259kilm\u0259si \u00fc\u00e7\u00fcn c\u0259dv\u0259l t\u0259qdim etm\u0259k ist\u0259yi yoxdur. \u015eimali v\u0259 \u015e\u0259rqi Avropa \u00d6lk\u0259l\u0259ri Siyasi Ara\u015fd\u0131rmalar M\u0259rk\u0259zinin r\u0259hb\u0259ri, tarix elml\u0259r doktoru Aleksandr S\u0131tin\u00a0Media.Az-a verdiyi a\u00e7\u0131qlamada bununla ba\u011fl\u0131 \u015f\u0259rh verib. O, ilk&hellip;","_links":{"self":[{"href":"https:\/\/arantv.az\/index.php?rest_route=\/wp\/v2\/posts\/232728"}],"collection":[{"href":"https:\/\/arantv.az\/index.php?rest_route=\/wp\/v2\/posts"}],"about":[{"href":"https:\/\/arantv.az\/index.php?rest_route=\/wp\/v2\/types\/post"}],"author":[{"embeddable":true,"href":"https:\/\/arantv.az\/index.php?rest_route=\/wp\/v2\/users\/2"}],"replies":[{"embeddable":true,"href":"https:\/\/arantv.az\/index.php?rest_route=%2Fwp%2Fv2%2Fcomments&post=232728"}],"version-history":[{"count":0,"href":"https:\/\/arantv.az\/index.php?rest_route=\/wp\/v2\/posts\/232728\/revisions"}],"wp:featuredmedia":[{"embeddable":true,"href":"https:\/\/arantv.az\/index.php?rest_route=\/wp\/v2\/media\/232781"}],"wp:attachment":[{"href":"https:\/\/arantv.az\/index.php?rest_route=%2Fwp%2Fv2%2Fmedia&parent=232728"}],"wp:term":[{"taxonomy":"category","embeddable":true,"href":"https:\/\/arantv.az\/index.php?rest_route=%2Fwp%2Fv2%2Fcategories&post=232728"},{"taxonomy":"post_tag","embeddable":true,"href":"https:\/\/arantv.az\/index.php?rest_route=%2Fwp%2Fv2%2Ftags&post=232728"}],"curies":[{"name":"wp","href":"https:\/\/api.w.org\/{rel}","templated":true}]}}