{"id":232740,"date":"2020-11-06T13:03:22","date_gmt":"2020-11-06T10:03:22","guid":{"rendered":"http:\/\/arantv.az\/?p=232740"},"modified":"2020-11-06T13:03:22","modified_gmt":"2020-11-06T10:03:22","slug":"eldar-quliyev-artiq-dovl%c9%99t-qulluqcularinin-muvafiq-d%c9%99r%c9%99c%c9%99-almaq-ucun-10-il-gozl%c9%99m%c9%99sin%c9%99-ehtiyac-qalmayacaq","status":"publish","type":"post","link":"https:\/\/arantv.az\/?p=232740","title":{"rendered":"Eldar Quliyev: \u201cArt\u0131q d\u00f6vl\u0259t qulluq\u00e7ular\u0131n\u0131n m\u00fcvafiq d\u0259r\u0259c\u0259 almaq \u00fc\u00e7\u00fcn 10 il g\u00f6zl\u0259m\u0259sin\u0259 ehtiyac qalmayacaq\u201d"},"content":{"rendered":"<p>\u201cBu qanun layih\u0259si \u00f6lk\u0259mizd\u0259 idar\u0259etm\u0259nin t\u0259kmill\u0259\u015fdirilm\u0259si \u00fc\u00e7\u00fcn \u00e7ox b\u00f6y\u00fck \u00f6n\u0259m k\u0259sb edir\u201d.<\/p>\n<p>APA-n\u0131n m\u0259lumat\u0131na g\u00f6r\u0259, bunu Milli M\u0259clisin bu g\u00fcn ke\u00e7iril\u0259n iclas\u0131nda \u201cD\u00f6vl\u0259t qullu\u011fu haqq\u0131nda\u201d Az\u0259rbaycan Respublikas\u0131n\u0131n Qanununda d\u0259yi\u015fiklik edilm\u0259si bar\u0259d\u0259\u201d qanun layih\u0259sinin m\u00fczakir\u0259si zaman\u0131 deputat Eldar Quliyev deyib.<\/p>\n<p>O bildirib ki, art\u0131q d\u00f6vl\u0259t qulluq\u00e7ular\u0131n\u0131n m\u00fcvafiq d\u0259r\u0259c\u0259 almaq \u00fc\u00e7\u00fcn 10 il g\u00f6zl\u0259m\u0259sin\u0259 ehtiyac qalmayacaq:<\/p>\n<p>\u201cQanun layih\u0259si d\u00f6vl\u0259t qullu\u011funa daha y\u00fcks\u0259k bilik v\u0259 bacar\u0131ql\u0131 g\u0259ncl\u0259rin c\u0259lb edilm\u0259sin\u0259 y\u00f6n\u0259lib\u201d.<\/p>\n","protected":false},"excerpt":{"rendered":"<p>\u201cBu qanun layih\u0259si \u00f6lk\u0259mizd\u0259 idar\u0259etm\u0259nin t\u0259kmill\u0259\u015fdirilm\u0259si \u00fc\u00e7\u00fcn \u00e7ox b\u00f6y\u00fck \u00f6n\u0259m k\u0259sb edir\u201d. APA-n\u0131n m\u0259lumat\u0131na g\u00f6r\u0259, bunu Milli M\u0259clisin bu g\u00fcn ke\u00e7iril\u0259n iclas\u0131nda \u201cD\u00f6vl\u0259t qullu\u011fu haqq\u0131nda\u201d Az\u0259rbaycan Respublikas\u0131n\u0131n Qanununda d\u0259yi\u015fiklik edilm\u0259si bar\u0259d\u0259\u201d qanun layih\u0259sinin m\u00fczakir\u0259si zaman\u0131 deputat Eldar Quliyev deyib. O bildirib ki, art\u0131q d\u00f6vl\u0259t qulluq\u00e7ular\u0131n\u0131n m\u00fcvafiq d\u0259r\u0259c\u0259 almaq \u00fc\u00e7\u00fcn 10 il g\u00f6zl\u0259m\u0259sin\u0259 ehtiyac qalmayacaq: \u201cQanun layih\u0259si d\u00f6vl\u0259t qullu\u011funa daha y\u00fcks\u0259k bilik v\u0259 bacar\u0131ql\u0131 g\u0259ncl\u0259rin c\u0259lb edilm\u0259sin\u0259 y\u00f6n\u0259lib\u201d.<\/p>\n","protected":false},"author":2,"featured_media":232741,"comment_status":"closed","ping_status":"closed","sticky":false,"template":"","format":"standard","meta":{"om_disable_all_campaigns":false,"_monsterinsights_skip_tracking":false,"_monsterinsights_sitenote_active":false,"_monsterinsights_sitenote_note":"","_monsterinsights_sitenote_category":0},"categories":[19],"tags":[],"aioseo_notices":[],"gutentor_comment":0,"rttpg_featured_image_url":{"full":["https:\/\/arantv.az\/wp-content\/uploads\/2020\/11\/1604651485229_2GZfjWde.jpg",620,375,false],"landscape":["https:\/\/arantv.az\/wp-content\/uploads\/2020\/11\/1604651485229_2GZfjWde.jpg",620,375,false],"portraits":["https:\/\/arantv.az\/wp-content\/uploads\/2020\/11\/1604651485229_2GZfjWde.jpg",620,375,false],"thumbnail":["https:\/\/arantv.az\/wp-content\/uploads\/2020\/11\/1604651485229_2GZfjWde-150x150.jpg",150,150,true],"medium":["https:\/\/arantv.az\/wp-content\/uploads\/2020\/11\/1604651485229_2GZfjWde-300x181.jpg",300,181,true],"large":["https:\/\/arantv.az\/wp-content\/uploads\/2020\/11\/1604651485229_2GZfjWde.jpg",620,375,false],"1536x1536":["https:\/\/arantv.az\/wp-content\/uploads\/2020\/11\/1604651485229_2GZfjWde.jpg",620,375,false],"2048x2048":["https:\/\/arantv.az\/wp-content\/uploads\/2020\/11\/1604651485229_2GZfjWde.jpg",620,375,false],"post-thumbnail":["https:\/\/arantv.az\/wp-content\/uploads\/2020\/11\/1604651485229_2GZfjWde-240x172.jpg",240,172,true],"advps-thumb-one":["https:\/\/arantv.az\/wp-content\/uploads\/2020\/11\/1604651485229_2GZfjWde.jpg",620,375,false]},"rttpg_author":{"display_name":"V\u00fcsal Rafiqo\u011flu","author_link":"https:\/\/arantv.az\/?author=2"},"rttpg_comment":0,"rttpg_category":"<a href=\"https:\/\/arantv.az\/?cat=19\" rel=\"category\">G\u00fcnd\u0259m<\/a>","rttpg_excerpt":"\u201cBu qanun layih\u0259si \u00f6lk\u0259mizd\u0259 idar\u0259etm\u0259nin t\u0259kmill\u0259\u015fdirilm\u0259si \u00fc\u00e7\u00fcn \u00e7ox b\u00f6y\u00fck \u00f6n\u0259m k\u0259sb edir\u201d. APA-n\u0131n m\u0259lumat\u0131na g\u00f6r\u0259, bunu Milli M\u0259clisin bu g\u00fcn ke\u00e7iril\u0259n iclas\u0131nda \u201cD\u00f6vl\u0259t qullu\u011fu haqq\u0131nda\u201d Az\u0259rbaycan Respublikas\u0131n\u0131n Qanununda d\u0259yi\u015fiklik edilm\u0259si bar\u0259d\u0259\u201d qanun layih\u0259sinin m\u00fczakir\u0259si zaman\u0131 deputat Eldar Quliyev deyib. O bildirib ki, art\u0131q d\u00f6vl\u0259t qulluq\u00e7ular\u0131n\u0131n m\u00fcvafiq d\u0259r\u0259c\u0259 almaq \u00fc\u00e7\u00fcn 10 il g\u00f6zl\u0259m\u0259sin\u0259 ehtiyac qalmayacaq: \u201cQanun&hellip;","_links":{"self":[{"href":"https:\/\/arantv.az\/index.php?rest_route=\/wp\/v2\/posts\/232740"}],"collection":[{"href":"https:\/\/arantv.az\/index.php?rest_route=\/wp\/v2\/posts"}],"about":[{"href":"https:\/\/arantv.az\/index.php?rest_route=\/wp\/v2\/types\/post"}],"author":[{"embeddable":true,"href":"https:\/\/arantv.az\/index.php?rest_route=\/wp\/v2\/users\/2"}],"replies":[{"embeddable":true,"href":"https:\/\/arantv.az\/index.php?rest_route=%2Fwp%2Fv2%2Fcomments&post=232740"}],"version-history":[{"count":0,"href":"https:\/\/arantv.az\/index.php?rest_route=\/wp\/v2\/posts\/232740\/revisions"}],"wp:featuredmedia":[{"embeddable":true,"href":"https:\/\/arantv.az\/index.php?rest_route=\/wp\/v2\/media\/232741"}],"wp:attachment":[{"href":"https:\/\/arantv.az\/index.php?rest_route=%2Fwp%2Fv2%2Fmedia&parent=232740"}],"wp:term":[{"taxonomy":"category","embeddable":true,"href":"https:\/\/arantv.az\/index.php?rest_route=%2Fwp%2Fv2%2Fcategories&post=232740"},{"taxonomy":"post_tag","embeddable":true,"href":"https:\/\/arantv.az\/index.php?rest_route=%2Fwp%2Fv2%2Ftags&post=232740"}],"curies":[{"name":"wp","href":"https:\/\/api.w.org\/{rel}","templated":true}]}}