{"id":232744,"date":"2020-11-06T13:23:44","date_gmt":"2020-11-06T10:23:44","guid":{"rendered":"http:\/\/arantv.az\/?p=232744"},"modified":"2020-11-06T13:23:44","modified_gmt":"2020-11-06T10:23:44","slug":"makron-v%c9%99-trudo-dagliq-qarabagdaki-v%c9%99ziyy%c9%99ti-muzakir%c9%99-edibl%c9%99r","status":"publish","type":"post","link":"https:\/\/arantv.az\/?p=232744","title":{"rendered":"Makron v\u0259 Tr\u00fcdo Da\u011fl\u0131q Qaraba\u011fdak\u0131 v\u0259ziyy\u0259ti m\u00fczakir\u0259 edibl\u0259r"},"content":{"rendered":"<p>Fransa Prezidenti Emmanuel Makron, Kanadan\u0131n Ba\u015f naziri Castin Tr\u00fcdo\u00a0il\u0259 dan\u0131\u015f\u0131qlar apar\u0131b.<\/p>\n<p>TASS Kanada h\u00f6kum\u0259ti ba\u015f\u00e7\u0131s\u0131n\u0131n m\u0259tbuat xidm\u0259tin\u0259 istinad\u0259n x\u0259b\u0259r verir ki, t\u0259r\u0259fl\u0259r Da\u011fl\u0131q Qaraba\u011fdak\u0131 v\u0259ziyy\u0259ti v\u0259 terrorizml\u0259 m\u00fcbariz\u0259ni m\u00fczakir\u0259 edibl\u0259r.<\/p>\n<div id=\"AdviadNativeVideo0\" class=\"AdviadNativeVideo\"><\/div>\n<p>Da\u011fl\u0131q Qaraba\u011fdak\u0131 m\u00f6vcud v\u0259ziyy\u0259tin m\u00fczakir\u0259si zaman\u0131 m\u00fcnaqi\u015f\u0259nin diplomatik yolla h\u0259ll olunmas\u0131n\u0131n vacibliyini vur\u011fulan\u0131b.<\/p>\n<p>Onlar ifad\u0259 azadl\u0131\u011f\u0131n\u0131n v\u0259 insan h\u00fcquqlar\u0131n\u0131n qorunmas\u0131n\u0131n vacibliyi, terrorizm v\u0259 zorak\u0131 ekstremizm\u0259 qar\u015f\u0131 m\u00fcbariz\u0259 \u00f6hd\u0259likl\u0259ri bar\u0259d\u0259 raz\u0131l\u0131\u011fa g\u0259libl\u0259r.<\/p>\n","protected":false},"excerpt":{"rendered":"<p>Fransa Prezidenti Emmanuel Makron, Kanadan\u0131n Ba\u015f naziri Castin Tr\u00fcdo\u00a0il\u0259 dan\u0131\u015f\u0131qlar apar\u0131b. TASS Kanada h\u00f6kum\u0259ti ba\u015f\u00e7\u0131s\u0131n\u0131n m\u0259tbuat xidm\u0259tin\u0259 istinad\u0259n x\u0259b\u0259r verir ki, t\u0259r\u0259fl\u0259r Da\u011fl\u0131q Qaraba\u011fdak\u0131 v\u0259ziyy\u0259ti v\u0259 terrorizml\u0259 m\u00fcbariz\u0259ni m\u00fczakir\u0259 edibl\u0259r. Da\u011fl\u0131q Qaraba\u011fdak\u0131 m\u00f6vcud v\u0259ziyy\u0259tin m\u00fczakir\u0259si zaman\u0131 m\u00fcnaqi\u015f\u0259nin diplomatik yolla h\u0259ll olunmas\u0131n\u0131n vacibliyini vur\u011fulan\u0131b. Onlar ifad\u0259 azadl\u0131\u011f\u0131n\u0131n v\u0259 insan h\u00fcquqlar\u0131n\u0131n qorunmas\u0131n\u0131n vacibliyi, terrorizm v\u0259 zorak\u0131 ekstremizm\u0259 qar\u015f\u0131 m\u00fcbariz\u0259 \u00f6hd\u0259likl\u0259ri bar\u0259d\u0259 raz\u0131l\u0131\u011fa g\u0259libl\u0259r.<\/p>\n","protected":false},"author":2,"featured_media":232745,"comment_status":"closed","ping_status":"closed","sticky":false,"template":"","format":"standard","meta":{"om_disable_all_campaigns":false,"_monsterinsights_skip_tracking":false,"_monsterinsights_sitenote_active":false,"_monsterinsights_sitenote_note":"","_monsterinsights_sitenote_category":0},"categories":[7],"tags":[],"aioseo_notices":[],"gutentor_comment":0,"rttpg_featured_image_url":{"full":["https:\/\/arantv.az\/wp-content\/uploads\/2020\/11\/lidery-francii-i-kanady-obsudili-terrorizm-i-karabah-1.jpg",620,373,false],"landscape":["https:\/\/arantv.az\/wp-content\/uploads\/2020\/11\/lidery-francii-i-kanady-obsudili-terrorizm-i-karabah-1.jpg",620,373,false],"portraits":["https:\/\/arantv.az\/wp-content\/uploads\/2020\/11\/lidery-francii-i-kanady-obsudili-terrorizm-i-karabah-1.jpg",620,373,false],"thumbnail":["https:\/\/arantv.az\/wp-content\/uploads\/2020\/11\/lidery-francii-i-kanady-obsudili-terrorizm-i-karabah-1-150x150.jpg",150,150,true],"medium":["https:\/\/arantv.az\/wp-content\/uploads\/2020\/11\/lidery-francii-i-kanady-obsudili-terrorizm-i-karabah-1-300x180.jpg",300,180,true],"large":["https:\/\/arantv.az\/wp-content\/uploads\/2020\/11\/lidery-francii-i-kanady-obsudili-terrorizm-i-karabah-1.jpg",620,373,false],"1536x1536":["https:\/\/arantv.az\/wp-content\/uploads\/2020\/11\/lidery-francii-i-kanady-obsudili-terrorizm-i-karabah-1.jpg",620,373,false],"2048x2048":["https:\/\/arantv.az\/wp-content\/uploads\/2020\/11\/lidery-francii-i-kanady-obsudili-terrorizm-i-karabah-1.jpg",620,373,false],"post-thumbnail":["https:\/\/arantv.az\/wp-content\/uploads\/2020\/11\/lidery-francii-i-kanady-obsudili-terrorizm-i-karabah-1-240x172.jpg",240,172,true],"advps-thumb-one":["https:\/\/arantv.az\/wp-content\/uploads\/2020\/11\/lidery-francii-i-kanady-obsudili-terrorizm-i-karabah-1.jpg",620,373,false]},"rttpg_author":{"display_name":"V\u00fcsal Rafiqo\u011flu","author_link":"https:\/\/arantv.az\/?author=2"},"rttpg_comment":0,"rttpg_category":"<a href=\"https:\/\/arantv.az\/?cat=7\" rel=\"category\">D\u00fcnya<\/a>","rttpg_excerpt":"Fransa Prezidenti Emmanuel Makron, Kanadan\u0131n Ba\u015f naziri Castin Tr\u00fcdo\u00a0il\u0259 dan\u0131\u015f\u0131qlar apar\u0131b. TASS Kanada h\u00f6kum\u0259ti ba\u015f\u00e7\u0131s\u0131n\u0131n m\u0259tbuat xidm\u0259tin\u0259 istinad\u0259n x\u0259b\u0259r verir ki, t\u0259r\u0259fl\u0259r Da\u011fl\u0131q Qaraba\u011fdak\u0131 v\u0259ziyy\u0259ti v\u0259 terrorizml\u0259 m\u00fcbariz\u0259ni m\u00fczakir\u0259 edibl\u0259r. Da\u011fl\u0131q Qaraba\u011fdak\u0131 m\u00f6vcud v\u0259ziyy\u0259tin m\u00fczakir\u0259si zaman\u0131 m\u00fcnaqi\u015f\u0259nin diplomatik yolla h\u0259ll olunmas\u0131n\u0131n vacibliyini vur\u011fulan\u0131b. Onlar ifad\u0259 azadl\u0131\u011f\u0131n\u0131n v\u0259 insan h\u00fcquqlar\u0131n\u0131n qorunmas\u0131n\u0131n vacibliyi, terrorizm v\u0259 zorak\u0131 ekstremizm\u0259&hellip;","_links":{"self":[{"href":"https:\/\/arantv.az\/index.php?rest_route=\/wp\/v2\/posts\/232744"}],"collection":[{"href":"https:\/\/arantv.az\/index.php?rest_route=\/wp\/v2\/posts"}],"about":[{"href":"https:\/\/arantv.az\/index.php?rest_route=\/wp\/v2\/types\/post"}],"author":[{"embeddable":true,"href":"https:\/\/arantv.az\/index.php?rest_route=\/wp\/v2\/users\/2"}],"replies":[{"embeddable":true,"href":"https:\/\/arantv.az\/index.php?rest_route=%2Fwp%2Fv2%2Fcomments&post=232744"}],"version-history":[{"count":0,"href":"https:\/\/arantv.az\/index.php?rest_route=\/wp\/v2\/posts\/232744\/revisions"}],"wp:featuredmedia":[{"embeddable":true,"href":"https:\/\/arantv.az\/index.php?rest_route=\/wp\/v2\/media\/232745"}],"wp:attachment":[{"href":"https:\/\/arantv.az\/index.php?rest_route=%2Fwp%2Fv2%2Fmedia&parent=232744"}],"wp:term":[{"taxonomy":"category","embeddable":true,"href":"https:\/\/arantv.az\/index.php?rest_route=%2Fwp%2Fv2%2Fcategories&post=232744"},{"taxonomy":"post_tag","embeddable":true,"href":"https:\/\/arantv.az\/index.php?rest_route=%2Fwp%2Fv2%2Ftags&post=232744"}],"curies":[{"name":"wp","href":"https:\/\/api.w.org\/{rel}","templated":true}]}}