{"id":232756,"date":"2020-11-06T13:26:52","date_gmt":"2020-11-06T10:26:52","guid":{"rendered":"http:\/\/arantv.az\/?p=232756"},"modified":"2020-11-06T13:26:52","modified_gmt":"2020-11-06T10:26:52","slug":"diqq%c9%99t-az%c9%99rbaycanda-koronavirusa-%c9%99n-cox-bu-iki-yerd%c9%99-yoluxurlar-foto","status":"publish","type":"post","link":"https:\/\/arantv.az\/?p=232756","title":{"rendered":"D\u0130QQ\u018fT! Az\u0259rbaycanda koronavirusa \u0259n \u00e7ox bu iki yerd\u0259 yoluxurlar &#8211; FOTO"},"content":{"rendered":"<blockquote><p><strong>Total\u00a0qapanmalara gedil\u0259, daha s\u0259rt karantin rejimin\u0259 ke\u00e7il\u0259 bil\u0259r.<\/strong><\/p><\/blockquote>\n<p>Bunu Milli.Az-a a\u00e7\u0131qlamas\u0131nda Az\u0259rbaycan H\u0259kiml\u0259ri \u0130ctimai Birliyinin t\u0259sis\u00e7il\u0259rind\u0259n biri, radioloq-h\u0259kim\u00a0<strong>Ayd\u0131n \u018fliyev<\/strong>\u00a0deyib.<\/p>\n<p><img src=\"https:\/\/img.milli.az\/2020\/11\/06\/895226.jpg\" alt=\"\" \/><\/p>\n<p><strong>O bildirib ki,\u00a0\u015f\u0259h\u0259rd\u0259 \u00e7oxlu yoxlanmayan, amma bo\u011faz\u0131 a\u011fr\u0131yan, \u00f6sk\u00fcr\u0259n, burnu tutulan \u00e7oxlu insan\u00a0var, amma yoxlanm\u0131rlar:<\/strong><\/p>\n<p>&#8220;\u0130n\u015fallah ki, yoluxma say\u0131 2 min\u0259 \u00e7atmaz. Amma 2 mini ke\u00e7\u0259rs\u0259, y\u0259qin ki, s\u0259rt karantin rejiminin t\u0259tbiqi z\u0259ruri olacaq. Haz\u0131rda n\u0259zar\u0259tin\u00a0v\u0259 maarifl\u0259ndirm\u0259nin g\u00fccl\u0259ndirilm\u0259sin\u0259 ehtiyac var. N\u0259zar\u0259tin d\u0259 iki yolu var: r\u0259smi-inzibati strukturlar t\u0259r\u0259find\u0259n edil\u0259n n\u0259zar\u0259t, bir d\u0259 ictimai\u00a0n\u0259zar\u0259t. Hiss edir\u0259m ki, haz\u0131rda h\u0259r ikisinin g\u00fccl\u0259ndirilm\u0259sin\u0259 v\u0259 marifl\u0259ndirm\u0259y\u0259 ehtiyac var. \u00c7\u00fcnki \u015f\u0259h\u0259rd\u0259 \u00e7oxlu yoxlanmayan, amma bo\u011faz\u0131 a\u011fr\u0131yan, \u00f6sk\u00fcr\u0259n, burnu tutulan insanlar var.<\/p>\n<p><img src=\"https:\/\/img.milli.az\/2020\/11\/06\/qrip.jpg\" alt=\"\" \/><\/p>\n<p>COV\u0130D19-un bu \u0259lam\u0259tl\u0259ri olan \u00e7oxlu insanlar var ki, yoxlanm\u0131rlar. Ne\u00e7\u0259sind\u0259n soru\u015fmu\u015fam ki, niy\u0259 gedib yoxlanm\u0131rsan,\u00a0deyir yoxlansam, m\u0259ni karantin\u0259 alacaqlar, i\u015fim qalacaq, u\u015fa\u011f\u0131m qalacaq, filan \u015fey qalacaq.<\/p>\n<blockquote><p><strong>\u0130nsanlar\u0131n g\u00f6z\u00fcnd\u0259 qorxu var<\/strong><\/p><\/blockquote>\n<p>Koronavirus yeni yay\u0131landa ilk m\u0259rh\u0259l\u0259d\u0259 ham\u0131n\u0131 karantin\u0259 almaq s\u0259hv add\u0131m idi. Ona g\u00f6r\u0259 d\u0259 insanlar\u0131n g\u00f6z\u00fcnd\u0259 qorxu var. \u0130ndi marifl\u0259ndirm\u0259ni g\u00fccl\u0259ndirm\u0259k laz\u0131md\u0131r. \u0130ndi testi pozitiv \u00e7\u0131xan y\u00fcng\u00fcl d\u0259r\u0259c\u0259li x\u0259st\u0259l\u0259ri evd\u0259 m\u00fcalic\u0259 edirl\u0259r, x\u0259st\u0259xanaya aparm\u0131rlar. Buna baxmayaraq, insanlar inanm\u0131rlar. Maarifl\u0259ndirm\u0259ni g\u00fccl\u0259ndirm\u0259liyik ki, insanlar bilsinl\u0259r ki, onlarda da test m\u00fcsb\u0259t \u00e7\u0131xsa bel\u0259, onlar\u0131 y\u00fcng\u00fcl d\u0259r\u0259c\u0259li COV\u0130D x\u0259st\u0259si kimi apar\u0131b karantind\u0259\u00a0saxlamayacaqlar. Do\u011frusu, bu m\u0259s\u0259l\u0259d\u0259n insanlar m\u0259lumats\u0131zd\u0131rlar.<\/p>\n<p><img src=\"https:\/\/img.milli.az\/2020\/11\/06\/maska_taxmayanlar.png\" alt=\"\" \/><\/p>\n<blockquote><p><strong>Bu q\u0259d\u0259r insana n\u0259zar\u0259t etm\u0259k olmur<\/strong><\/p><\/blockquote>\n<p>\u018fsas da ictimi n\u0259zar\u0259tdir. \u00c7\u00fcnki inzibati strukturlar n\u0259 q\u0259d\u0259r olsa da milyonlarla insana n\u0259zar\u0259t etm\u0259k olmur. Yoluxman\u0131n artmas\u0131n\u0131n qar\u015f\u0131s\u0131n\u0131 almaq \u00fc\u00e7\u00fcn bir d\u0259 yax\u015f\u0131 olar ki, ictimi n\u0259qliyyat\u0131n say\u0131 pik saatlarda maksimum d\u0259r\u0259c\u0259d\u0259 art\u0131r\u0131ls\u0131n. Pik saatlarda h\u0259ddind\u0259n art\u0131q s\u0131xl\u0131qlar olur.<\/p>\n<blockquote><p><strong>Haz\u0131rda yoluxmada\u00a0\u0259sas\u00a0art\u0131mlar bu iki yerd\u0259 ba\u015f verir<\/strong><\/p><\/blockquote>\n<p>\u0130nsanlar\u0131 x\u00fcsusil\u0259 maksimum marifl\u0259ndirm\u0259k laz\u0131md\u0131r, yas yerl\u0259rind\u0259n \u00e7\u0259kinsinl\u0259r. \u00c7\u00fcnki hal-haz\u0131rda yoluxmada\u00a0\u0259sas\u00a0art\u0131mlar ictimai n\u0259qliyyatdak\u0131 s\u0131xl\u0131\u011f\u0131n\u00a0v\u0259 yas yerl\u0259rinin hesab\u0131na\u00a0ba\u015f verir. \u00c7\u00fcnki yas yerl\u0259rind\u0259 insanlar a\u011flay\u0131r, k\u00f6vr\u0259lir, a\u011f\u0131z suyu, burun ifraz\u0131, g\u00f6zya\u015f\u0131 ifraz\u0131 art\u0131r.<\/p>\n<p><img src=\"https:\/\/img.milli.az\/2020\/11\/06\/895226_05.jpg\" alt=\"\" \/><\/p>\n<p>Bu zaman da asq\u0131randa, dan\u0131\u015f\u0131b\u00a0\u00f6sk\u00fcr\u0259nd\u0259 daha \u00e7ox hava-damc\u0131 infeksiyalar\u0131 \u0259trafa yay\u0131l\u0131r. Bu da yoluxma ehtimal\u0131n\u0131 daha da art\u0131r\u0131r. Y\u0259ni, yas yerl\u0259rin\u0259 d\u0259 n\u0259zar\u0259ti g\u00fccl\u0259ndirm\u0259k laz\u0131md\u0131r ki, maksimal sayda ancaq ail\u0259 \u00fczvl\u0259ri i\u015ftirak etsin, k\u0259nar adamlar g\u0259lib bir yerd\u0259 y\u0131\u011f\u0131\u015f\u0131b saatlarla qalmas\u0131nlar. Bunu insanlara maksimum maarifl\u0259ndirib izah etm\u0259k laz\u0131md\u0131r&#8221;.<\/p>\n","protected":false},"excerpt":{"rendered":"<p>Total\u00a0qapanmalara gedil\u0259, daha s\u0259rt karantin rejimin\u0259 ke\u00e7il\u0259 bil\u0259r. Bunu Milli.Az-a a\u00e7\u0131qlamas\u0131nda Az\u0259rbaycan H\u0259kiml\u0259ri \u0130ctimai Birliyinin t\u0259sis\u00e7il\u0259rind\u0259n biri, radioloq-h\u0259kim\u00a0Ayd\u0131n \u018fliyev\u00a0deyib. O bildirib ki,\u00a0\u015f\u0259h\u0259rd\u0259 \u00e7oxlu yoxlanmayan, amma bo\u011faz\u0131 a\u011fr\u0131yan, \u00f6sk\u00fcr\u0259n, burnu tutulan \u00e7oxlu insan\u00a0var, amma yoxlanm\u0131rlar: &#8220;\u0130n\u015fallah ki, yoluxma say\u0131 2 min\u0259 \u00e7atmaz. Amma 2 mini ke\u00e7\u0259rs\u0259, y\u0259qin ki, s\u0259rt karantin rejiminin t\u0259tbiqi z\u0259ruri olacaq. Haz\u0131rda n\u0259zar\u0259tin\u00a0v\u0259 maarifl\u0259ndirm\u0259nin g\u00fccl\u0259ndirilm\u0259sin\u0259 ehtiyac var. N\u0259zar\u0259tin d\u0259 iki yolu var: r\u0259smi-inzibati strukturlar t\u0259r\u0259find\u0259n edil\u0259n n\u0259zar\u0259t, bir d\u0259 ictimai\u00a0n\u0259zar\u0259t. Hiss edir\u0259m ki, haz\u0131rda h\u0259r ikisinin g\u00fccl\u0259ndirilm\u0259sin\u0259 v\u0259 marifl\u0259ndirm\u0259y\u0259 ehtiyac var. \u00c7\u00fcnki \u015f\u0259h\u0259rd\u0259 \u00e7oxlu yoxlanmayan, amma bo\u011faz\u0131 a\u011fr\u0131yan,&hellip;<\/p>\n","protected":false},"author":2,"featured_media":232757,"comment_status":"closed","ping_status":"closed","sticky":false,"template":"","format":"standard","meta":{"om_disable_all_campaigns":false,"_monsterinsights_skip_tracking":false,"_monsterinsights_sitenote_active":false,"_monsterinsights_sitenote_note":"","_monsterinsights_sitenote_category":0},"categories":[13],"tags":[],"aioseo_notices":[],"gutentor_comment":0,"rttpg_featured_image_url":{"full":["https:\/\/arantv.az\/wp-content\/uploads\/2020\/11\/covid.jpg",1000,617,false],"landscape":["https:\/\/arantv.az\/wp-content\/uploads\/2020\/11\/covid.jpg",1000,617,false],"portraits":["https:\/\/arantv.az\/wp-content\/uploads\/2020\/11\/covid.jpg",1000,617,false],"thumbnail":["https:\/\/arantv.az\/wp-content\/uploads\/2020\/11\/covid-150x150.jpg",150,150,true],"medium":["https:\/\/arantv.az\/wp-content\/uploads\/2020\/11\/covid-300x185.jpg",300,185,true],"large":["https:\/\/arantv.az\/wp-content\/uploads\/2020\/11\/covid.jpg",640,395,false],"1536x1536":["https:\/\/arantv.az\/wp-content\/uploads\/2020\/11\/covid.jpg",1000,617,false],"2048x2048":["https:\/\/arantv.az\/wp-content\/uploads\/2020\/11\/covid.jpg",1000,617,false],"post-thumbnail":["https:\/\/arantv.az\/wp-content\/uploads\/2020\/11\/covid-240x172.jpg",240,172,true],"advps-thumb-one":["https:\/\/arantv.az\/wp-content\/uploads\/2020\/11\/covid.jpg",1000,617,false]},"rttpg_author":{"display_name":"V\u00fcsal Rafiqo\u011flu","author_link":"https:\/\/arantv.az\/?author=2"},"rttpg_comment":0,"rttpg_category":"<a href=\"https:\/\/arantv.az\/?cat=13\" rel=\"category\">Bizim h\u0259kim<\/a>","rttpg_excerpt":"Total\u00a0qapanmalara gedil\u0259, daha s\u0259rt karantin rejimin\u0259 ke\u00e7il\u0259 bil\u0259r. Bunu Milli.Az-a a\u00e7\u0131qlamas\u0131nda Az\u0259rbaycan H\u0259kiml\u0259ri \u0130ctimai Birliyinin t\u0259sis\u00e7il\u0259rind\u0259n biri, radioloq-h\u0259kim\u00a0Ayd\u0131n \u018fliyev\u00a0deyib. O bildirib ki,\u00a0\u015f\u0259h\u0259rd\u0259 \u00e7oxlu yoxlanmayan, amma bo\u011faz\u0131 a\u011fr\u0131yan, \u00f6sk\u00fcr\u0259n, burnu tutulan \u00e7oxlu insan\u00a0var, amma yoxlanm\u0131rlar: &#8220;\u0130n\u015fallah ki, yoluxma say\u0131 2 min\u0259 \u00e7atmaz. Amma 2 mini ke\u00e7\u0259rs\u0259, y\u0259qin ki, s\u0259rt karantin rejiminin t\u0259tbiqi z\u0259ruri olacaq. Haz\u0131rda n\u0259zar\u0259tin\u00a0v\u0259&hellip;","_links":{"self":[{"href":"https:\/\/arantv.az\/index.php?rest_route=\/wp\/v2\/posts\/232756"}],"collection":[{"href":"https:\/\/arantv.az\/index.php?rest_route=\/wp\/v2\/posts"}],"about":[{"href":"https:\/\/arantv.az\/index.php?rest_route=\/wp\/v2\/types\/post"}],"author":[{"embeddable":true,"href":"https:\/\/arantv.az\/index.php?rest_route=\/wp\/v2\/users\/2"}],"replies":[{"embeddable":true,"href":"https:\/\/arantv.az\/index.php?rest_route=%2Fwp%2Fv2%2Fcomments&post=232756"}],"version-history":[{"count":0,"href":"https:\/\/arantv.az\/index.php?rest_route=\/wp\/v2\/posts\/232756\/revisions"}],"wp:featuredmedia":[{"embeddable":true,"href":"https:\/\/arantv.az\/index.php?rest_route=\/wp\/v2\/media\/232757"}],"wp:attachment":[{"href":"https:\/\/arantv.az\/index.php?rest_route=%2Fwp%2Fv2%2Fmedia&parent=232756"}],"wp:term":[{"taxonomy":"category","embeddable":true,"href":"https:\/\/arantv.az\/index.php?rest_route=%2Fwp%2Fv2%2Fcategories&post=232756"},{"taxonomy":"post_tag","embeddable":true,"href":"https:\/\/arantv.az\/index.php?rest_route=%2Fwp%2Fv2%2Ftags&post=232756"}],"curies":[{"name":"wp","href":"https:\/\/api.w.org\/{rel}","templated":true}]}}