{"id":232760,"date":"2020-11-06T13:27:36","date_gmt":"2020-11-06T10:27:36","guid":{"rendered":"http:\/\/arantv.az\/?p=232760"},"modified":"2020-11-06T13:27:36","modified_gmt":"2020-11-06T10:27:36","slug":"m%c9%99tbuat-surasi-erm%c9%99ni-lobbisinin-la-repubblica-q%c9%99zetin%c9%99-hucumu-il%c9%99-bagli-beyn%c9%99lxalq-ictimaiyy%c9%99t%c9%99-muraci%c9%99t-edib","status":"publish","type":"post","link":"https:\/\/arantv.az\/?p=232760","title":{"rendered":"M\u0259tbuat \u015euras\u0131 erm\u0259ni lobbisinin \u201cLa Repubblica\u201d q\u0259zetin\u0259 h\u00fccumu il\u0259 ba\u011fl\u0131 beyn\u0259lxalq ictimaiyy\u0259t\u0259 m\u00fcraci\u0259t edib"},"content":{"rendered":"<p><strong>M\u0259tbuat \u015euras\u0131 erm\u0259ni lobbisinin &#8220;La Repubblica&#8221; q\u0259zetin\u0259 h\u00fccumu il\u0259 ba\u011fl\u0131 beyn\u0259lxalq ictimaiyy\u0259t\u0259 m\u00fcraci\u0259t edib.<\/strong><\/p>\n<p>\u015euradan Milli.Az-a veril\u0259n m\u0259lumata g\u00f6r\u0259, m\u00fcraci\u0259td\u0259 deyilir:<\/p>\n<p>&#8220;Da\u011fl\u0131q Qaraba\u011f m\u00fcnaqi\u015f\u0259si il\u0259 ba\u011fl\u0131 obyektiv v\u0259ziyy\u0259ti, Az\u0259rbaycan h\u0259qiq\u0259tl\u0259rini i\u015f\u0131qland\u0131ran xarici media n\u00fcmay\u0259nd\u0259l\u0259rin\u0259 qar\u015f\u0131 erm\u0259ni lobbi v\u0259 diaspor t\u0259\u015fkilatlar\u0131n\u0131n t\u0259zyiql\u0259ri davam etm\u0259kd\u0259dir. Az\u0259rbaycan M\u0259tbuat \u015euras\u0131 indiy\u0259d\u0259k bununla \u0259laq\u0259dar b\u0259yanatlar verib, beyn\u0259lxalq media ictimaiyy\u0259tin\u0259 \u00fcnvanlanm\u0131\u015f \u00e7a\u011f\u0131r\u0131\u015flar s\u0259sl\u0259ndirib. \u015eura narahatl\u0131\u011f\u0131n\u0131 \u0130taliyan\u0131n &#8220;La Repubblica&#8221; q\u0259zeti il\u0259 ba\u011fl\u0131 da bildirir. T\u0259\u0259ss\u00fcfl\u0259 bildiririk ki, Fransan\u0131n &#8220;TF1&#8221; telekanal\u0131, AB\u015e-\u0131n &#8220;Nyu York Tayms&#8221; q\u0259zeti kimi bu k\u00fctl\u0259vi informasiya vasit\u0259si d\u0259 erm\u0259ni lobbisi n\u00fcmay\u0259nd\u0259l\u0259rinin h\u0259d\u0259find\u0259dir. Q\u0259zetin \u0259m\u0259kda\u015f\u0131 Peitro Del Re t\u0259hqiramiz h\u00fccuma m\u0259ruz qalmaqdad\u0131r.<\/p>\n<p>Az\u0259rbaycan M\u0259tbuat \u015euras\u0131 b\u0259yan edir ki, &#8220;La Repubblica&#8221; q\u0259zetinin \u0259m\u0259kda\u015f\u0131 Peitro Del Rey\u0259 qar\u015f\u0131 xo\u015fag\u0259lm\u0259z, he\u00e7 bir normalara, \u0259xlaq v\u0259 davran\u0131\u015f qaydalar\u0131na s\u0131\u011fmayan r\u0259ftar b\u00fct\u00f6vl\u00fckd\u0259 s\u00f6z v\u0259 ifad\u0259 azadl\u0131\u011f\u0131 prinsipl\u0259rin\u0259 g\u00f6r\u00fcnm\u0259mi\u015f h\u0259qar\u0259tdir. Demokratiyan\u0131n be\u015fiyi say\u0131lan Avropada bel\u0259 bir \u00f6zba\u015f\u0131nal\u0131\u011f\u0131n h\u0259yata ke\u00e7irilm\u0259si yaln\u0131z Az\u0259rbaycan h\u0259qiq\u0259tl\u0259rin\u0259 qar\u015f\u0131 d\u00f6z\u00fcms\u00fczl\u00fck deyil, b\u00fct\u00f6vl\u00fckd\u0259 azad media d\u0259y\u0259rl\u0259rin\u0259 a\u00e7\u0131q say\u011f\u0131s\u0131zl\u0131qd\u0131r.<\/p>\n<p>\u018fn ba\u015fl\u0131ca m\u0259qam is\u0259 bu c\u00fcr hallara qar\u015f\u0131 z\u0259ruri ictimai q\u0131na\u011f\u0131n, habel\u0259 h\u00fcquqi mexanizml\u0259rin i\u015fl\u0259k olmamas\u0131d\u0131r. M\u0259tbuat \u015euras\u0131 d\u00fcnyan\u0131n apar\u0131c\u0131 media qurumlar\u0131na, insan h\u00fcquqlar\u0131 t\u0259\u015fkilatlar\u0131na, beyn\u0259lxalq al\u0259min ictimai sektorunda yer alan apar\u0131c\u0131 jurnalistika birlikl\u0259r\u0259 m\u00fcraci\u0259t ed\u0259r\u0259k onlar\u0131 &#8220;La Repubblica&#8221; q\u0259zetinin \u0259m\u0259kda\u015f\u0131 Peitro Del Rey\u0259 t\u0259zyiql\u0259r\u0259 son qoyulmas\u0131na k\u00f6m\u0259k g\u00f6st\u0259rm\u0259y\u0259, m\u0259s\u0259l\u0259 il\u0259 ba\u011fl\u0131 q\u0259ti v\u0259 s\u0259rt m\u00fcnasib\u0259t bildirm\u0259y\u0259 \u00e7a\u011f\u0131r\u0131r.<\/p>\n<p>Demokratik prinsipl\u0259ri inkar v\u0259 t\u0259hdid ed\u0259n erm\u0259ni lobbi v\u0259 diaspor t\u0259\u015fkilatlar\u0131n\u0131n bu prinsipl\u0259rin m\u00fch\u00fcm g\u00f6st\u0259ricisi say\u0131lan s\u00f6z azadl\u0131\u011f\u0131na qar\u015f\u0131 demar\u015f\u0131 dayand\u0131r\u0131lmal\u0131d\u0131r, onlara &#8220;dur&#8221; deyilm\u0259lidir. B\u00fct\u00f6vl\u00fckd\u0259 d\u00fcnya ictimaiyy\u0259tinin bu m\u0259s\u0259l\u0259d\u0259 q\u0259ti m\u00f6vqe n\u00fcmayi\u015f etdirm\u0259si son d\u0259r\u0259c\u0259 vacibdir. \u0130mkan verilm\u0259m\u0259lidir ki, erm\u0259ni lobbisinin h\u00fcquqa zidd f\u0259aliyy\u0259ti geni\u015fl\u0259nsin.<\/p>\n<p>Erm\u0259ni lobbisinin ali prinsip v\u0259 d\u0259y\u0259rl\u0259rd\u0259n \u00fcst\u00fcn tutulmas\u0131na son qoyulmas\u0131n\u0131n vaxt\u0131 \u00e7at\u0131bd\u0131r. Arzu ed\u0259rdik ki, bu reall\u0131\u011f\u0131 beyn\u0259lxalq al\u0259m d\u0259 g\u00f6rs\u00fcn, c\u0259zas\u0131zl\u0131\u011f\u0131n g\u0259l\u0259c\u0259kd\u0259 hans\u0131 a\u011fr\u0131l\u0131 n\u0259tic\u0259l\u0259r do\u011furaca\u011f\u0131n\u0131 indid\u0259n, t\u0259xir\u0259salmadan d\u00fc\u015f\u00fcns\u00fcn. Sonra gec ola bil\u0259r&#8221;.<\/p>\n","protected":false},"excerpt":{"rendered":"<p>M\u0259tbuat \u015euras\u0131 erm\u0259ni lobbisinin &#8220;La Repubblica&#8221; q\u0259zetin\u0259 h\u00fccumu il\u0259 ba\u011fl\u0131 beyn\u0259lxalq ictimaiyy\u0259t\u0259 m\u00fcraci\u0259t edib. \u015euradan Milli.Az-a veril\u0259n m\u0259lumata g\u00f6r\u0259, m\u00fcraci\u0259td\u0259 deyilir: &#8220;Da\u011fl\u0131q Qaraba\u011f m\u00fcnaqi\u015f\u0259si il\u0259 ba\u011fl\u0131 obyektiv v\u0259ziyy\u0259ti, Az\u0259rbaycan h\u0259qiq\u0259tl\u0259rini i\u015f\u0131qland\u0131ran xarici media n\u00fcmay\u0259nd\u0259l\u0259rin\u0259 qar\u015f\u0131 erm\u0259ni lobbi v\u0259 diaspor t\u0259\u015fkilatlar\u0131n\u0131n t\u0259zyiql\u0259ri davam etm\u0259kd\u0259dir. Az\u0259rbaycan M\u0259tbuat \u015euras\u0131 indiy\u0259d\u0259k bununla \u0259laq\u0259dar b\u0259yanatlar verib, beyn\u0259lxalq media ictimaiyy\u0259tin\u0259 \u00fcnvanlanm\u0131\u015f \u00e7a\u011f\u0131r\u0131\u015flar s\u0259sl\u0259ndirib. \u015eura narahatl\u0131\u011f\u0131n\u0131 \u0130taliyan\u0131n &#8220;La Repubblica&#8221; q\u0259zeti il\u0259 ba\u011fl\u0131 da bildirir. T\u0259\u0259ss\u00fcfl\u0259 bildiririk ki, Fransan\u0131n &#8220;TF1&#8221; telekanal\u0131, AB\u015e-\u0131n &#8220;Nyu York Tayms&#8221; q\u0259zeti kimi bu k\u00fctl\u0259vi informasiya vasit\u0259si d\u0259 erm\u0259ni lobbisi n\u00fcmay\u0259nd\u0259l\u0259rinin h\u0259d\u0259find\u0259dir. Q\u0259zetin \u0259m\u0259kda\u015f\u0131&hellip;<\/p>\n","protected":false},"author":2,"featured_media":232761,"comment_status":"closed","ping_status":"closed","sticky":false,"template":"","format":"standard","meta":{"om_disable_all_campaigns":false,"_monsterinsights_skip_tracking":false,"_monsterinsights_sitenote_active":false,"_monsterinsights_sitenote_note":"","_monsterinsights_sitenote_category":0},"categories":[19],"tags":[],"aioseo_notices":[],"gutentor_comment":0,"rttpg_featured_image_url":{"full":["https:\/\/arantv.az\/wp-content\/uploads\/2020\/11\/metbuat_surasi_0477.jpg",800,600,false],"landscape":["https:\/\/arantv.az\/wp-content\/uploads\/2020\/11\/metbuat_surasi_0477.jpg",800,600,false],"portraits":["https:\/\/arantv.az\/wp-content\/uploads\/2020\/11\/metbuat_surasi_0477.jpg",800,600,false],"thumbnail":["https:\/\/arantv.az\/wp-content\/uploads\/2020\/11\/metbuat_surasi_0477-150x150.jpg",150,150,true],"medium":["https:\/\/arantv.az\/wp-content\/uploads\/2020\/11\/metbuat_surasi_0477-300x225.jpg",300,225,true],"large":["https:\/\/arantv.az\/wp-content\/uploads\/2020\/11\/metbuat_surasi_0477.jpg",640,480,false],"1536x1536":["https:\/\/arantv.az\/wp-content\/uploads\/2020\/11\/metbuat_surasi_0477.jpg",800,600,false],"2048x2048":["https:\/\/arantv.az\/wp-content\/uploads\/2020\/11\/metbuat_surasi_0477.jpg",800,600,false],"post-thumbnail":["https:\/\/arantv.az\/wp-content\/uploads\/2020\/11\/metbuat_surasi_0477-240x172.jpg",240,172,true],"advps-thumb-one":["https:\/\/arantv.az\/wp-content\/uploads\/2020\/11\/metbuat_surasi_0477.jpg",800,600,false]},"rttpg_author":{"display_name":"V\u00fcsal Rafiqo\u011flu","author_link":"https:\/\/arantv.az\/?author=2"},"rttpg_comment":0,"rttpg_category":"<a href=\"https:\/\/arantv.az\/?cat=19\" rel=\"category\">G\u00fcnd\u0259m<\/a>","rttpg_excerpt":"M\u0259tbuat \u015euras\u0131 erm\u0259ni lobbisinin &#8220;La Repubblica&#8221; q\u0259zetin\u0259 h\u00fccumu il\u0259 ba\u011fl\u0131 beyn\u0259lxalq ictimaiyy\u0259t\u0259 m\u00fcraci\u0259t edib. \u015euradan Milli.Az-a veril\u0259n m\u0259lumata g\u00f6r\u0259, m\u00fcraci\u0259td\u0259 deyilir: &#8220;Da\u011fl\u0131q Qaraba\u011f m\u00fcnaqi\u015f\u0259si il\u0259 ba\u011fl\u0131 obyektiv v\u0259ziyy\u0259ti, Az\u0259rbaycan h\u0259qiq\u0259tl\u0259rini i\u015f\u0131qland\u0131ran xarici media n\u00fcmay\u0259nd\u0259l\u0259rin\u0259 qar\u015f\u0131 erm\u0259ni lobbi v\u0259 diaspor t\u0259\u015fkilatlar\u0131n\u0131n t\u0259zyiql\u0259ri davam etm\u0259kd\u0259dir. Az\u0259rbaycan M\u0259tbuat \u015euras\u0131 indiy\u0259d\u0259k bununla \u0259laq\u0259dar b\u0259yanatlar verib, beyn\u0259lxalq media ictimaiyy\u0259tin\u0259 \u00fcnvanlanm\u0131\u015f&hellip;","_links":{"self":[{"href":"https:\/\/arantv.az\/index.php?rest_route=\/wp\/v2\/posts\/232760"}],"collection":[{"href":"https:\/\/arantv.az\/index.php?rest_route=\/wp\/v2\/posts"}],"about":[{"href":"https:\/\/arantv.az\/index.php?rest_route=\/wp\/v2\/types\/post"}],"author":[{"embeddable":true,"href":"https:\/\/arantv.az\/index.php?rest_route=\/wp\/v2\/users\/2"}],"replies":[{"embeddable":true,"href":"https:\/\/arantv.az\/index.php?rest_route=%2Fwp%2Fv2%2Fcomments&post=232760"}],"version-history":[{"count":0,"href":"https:\/\/arantv.az\/index.php?rest_route=\/wp\/v2\/posts\/232760\/revisions"}],"wp:featuredmedia":[{"embeddable":true,"href":"https:\/\/arantv.az\/index.php?rest_route=\/wp\/v2\/media\/232761"}],"wp:attachment":[{"href":"https:\/\/arantv.az\/index.php?rest_route=%2Fwp%2Fv2%2Fmedia&parent=232760"}],"wp:term":[{"taxonomy":"category","embeddable":true,"href":"https:\/\/arantv.az\/index.php?rest_route=%2Fwp%2Fv2%2Fcategories&post=232760"},{"taxonomy":"post_tag","embeddable":true,"href":"https:\/\/arantv.az\/index.php?rest_route=%2Fwp%2Fv2%2Ftags&post=232760"}],"curies":[{"name":"wp","href":"https:\/\/api.w.org\/{rel}","templated":true}]}}