{"id":232764,"date":"2020-11-06T13:28:42","date_gmt":"2020-11-06T10:28:42","guid":{"rendered":"http:\/\/arantv.az\/?p=232764"},"modified":"2020-11-06T13:28:42","modified_gmt":"2020-11-06T10:28:42","slug":"dagliq-qarabag-munaqis%c9%99si-t%c9%99nziml%c9%99nm%c9%99d%c9%99n-mdb-d%c9%99-%c9%99m%c9%99kdasligin-inkisafi-mumkun-deyil-%c9%99li-%c9%99s%c9%99dov","status":"publish","type":"post","link":"https:\/\/arantv.az\/?p=232764","title":{"rendered":"&#8220;Da\u011fl\u0131q Qaraba\u011f m\u00fcnaqi\u015f\u0259si t\u0259nziml\u0259nm\u0259d\u0259n MDB-d\u0259 \u0259m\u0259kda\u015fl\u0131\u011f\u0131n inki\u015faf\u0131 m\u00fcmk\u00fcn deyil&#8221; &#8211; \u018fli \u018fs\u0259dov"},"content":{"rendered":"<blockquote><p><em><strong>Da\u011fl\u0131q Qaraba\u011fdak\u0131 v\u0259ziyy\u0259t t\u0259nziml\u0259nm\u0259d\u0259n MDB-d\u0259 \u0259m\u0259kda\u015fl\u0131\u011f\u0131n h\u0259rt\u0259r\u0259fli inki\u015faf\u0131 m\u00fcmk\u00fcn deyil.<\/strong><\/em><\/p><\/blockquote>\n<p>ARANTV.AZ\u00a0<a href=\"http:\/\/az.trend.az\/\" target=\"_blank\" rel=\"noopener\">Trend<\/a>-\u0259 istinad\u0259n bildirir ki,\u00a0bunu Ba\u015f nazir \u018fli \u018fs\u0259dov MDB H\u00f6kum\u0259t ba\u015f\u00e7\u0131lar\u0131 \u015furas\u0131n\u0131n videokonfrans format\u0131nda ke\u00e7iril\u0259n iclas\u0131nda deyib.<\/p>\n<p>O bildirib ki, Az\u0259rbaycan BMT \u00fczv d\u00f6vl\u0259tl\u0259ri il\u0259 \u0259m\u0259kda\u015fl\u0131\u011f\u0131n inki\u015faf\u0131na maraql\u0131d\u0131r:<\/p>\n<p>&#8220;Az\u0259rbaycan h\u0259m ikit\u0259r\u0259fli, h\u0259m d\u0259 \u00e7oxt\u0259r\u0259fli formatlarda \u0259m\u0259kda\u015fl\u0131qda maraql\u0131d\u0131r. Amma Erm\u0259nistan-Az\u0259rbaycan Da\u011fl\u0131q Qaraba\u011f m\u00fcnaqi\u015f\u0259si t\u0259nziml\u0259nm\u0259d\u0259n Birlik \u00e7\u0259r\u00e7iv\u0259sind\u0259 h\u0259rt\u0259r\u0259fli \u0259m\u0259kda\u015fl\u0131q m\u00fcmk\u00fcn deyil&#8221;.<\/p>\n","protected":false},"excerpt":{"rendered":"<p>Da\u011fl\u0131q Qaraba\u011fdak\u0131 v\u0259ziyy\u0259t t\u0259nziml\u0259nm\u0259d\u0259n MDB-d\u0259 \u0259m\u0259kda\u015fl\u0131\u011f\u0131n h\u0259rt\u0259r\u0259fli inki\u015faf\u0131 m\u00fcmk\u00fcn deyil. ARANTV.AZ\u00a0Trend-\u0259 istinad\u0259n bildirir ki,\u00a0bunu Ba\u015f nazir \u018fli \u018fs\u0259dov MDB H\u00f6kum\u0259t ba\u015f\u00e7\u0131lar\u0131 \u015furas\u0131n\u0131n videokonfrans format\u0131nda ke\u00e7iril\u0259n iclas\u0131nda deyib. O bildirib ki, Az\u0259rbaycan BMT \u00fczv d\u00f6vl\u0259tl\u0259ri il\u0259 \u0259m\u0259kda\u015fl\u0131\u011f\u0131n inki\u015faf\u0131na maraql\u0131d\u0131r: &#8220;Az\u0259rbaycan h\u0259m ikit\u0259r\u0259fli, h\u0259m d\u0259 \u00e7oxt\u0259r\u0259fli formatlarda \u0259m\u0259kda\u015fl\u0131qda maraql\u0131d\u0131r. Amma Erm\u0259nistan-Az\u0259rbaycan Da\u011fl\u0131q Qaraba\u011f m\u00fcnaqi\u015f\u0259si t\u0259nziml\u0259nm\u0259d\u0259n Birlik \u00e7\u0259r\u00e7iv\u0259sind\u0259 h\u0259rt\u0259r\u0259fli \u0259m\u0259kda\u015fl\u0131q m\u00fcmk\u00fcn deyil&#8221;.<\/p>\n","protected":false},"author":2,"featured_media":232765,"comment_status":"closed","ping_status":"closed","sticky":false,"template":"","format":"standard","meta":{"om_disable_all_campaigns":false,"_monsterinsights_skip_tracking":false,"_monsterinsights_sitenote_active":false,"_monsterinsights_sitenote_note":"","_monsterinsights_sitenote_category":0},"categories":[19],"tags":[],"aioseo_notices":[],"gutentor_comment":0,"rttpg_featured_image_url":{"full":["https:\/\/arantv.az\/wp-content\/uploads\/2020\/11\/895228.jpg",800,600,false],"landscape":["https:\/\/arantv.az\/wp-content\/uploads\/2020\/11\/895228.jpg",800,600,false],"portraits":["https:\/\/arantv.az\/wp-content\/uploads\/2020\/11\/895228.jpg",800,600,false],"thumbnail":["https:\/\/arantv.az\/wp-content\/uploads\/2020\/11\/895228-150x150.jpg",150,150,true],"medium":["https:\/\/arantv.az\/wp-content\/uploads\/2020\/11\/895228-300x225.jpg",300,225,true],"large":["https:\/\/arantv.az\/wp-content\/uploads\/2020\/11\/895228.jpg",640,480,false],"1536x1536":["https:\/\/arantv.az\/wp-content\/uploads\/2020\/11\/895228.jpg",800,600,false],"2048x2048":["https:\/\/arantv.az\/wp-content\/uploads\/2020\/11\/895228.jpg",800,600,false],"post-thumbnail":["https:\/\/arantv.az\/wp-content\/uploads\/2020\/11\/895228-240x172.jpg",240,172,true],"advps-thumb-one":["https:\/\/arantv.az\/wp-content\/uploads\/2020\/11\/895228.jpg",800,600,false]},"rttpg_author":{"display_name":"V\u00fcsal Rafiqo\u011flu","author_link":"https:\/\/arantv.az\/?author=2"},"rttpg_comment":0,"rttpg_category":"<a href=\"https:\/\/arantv.az\/?cat=19\" rel=\"category\">G\u00fcnd\u0259m<\/a>","rttpg_excerpt":"Da\u011fl\u0131q Qaraba\u011fdak\u0131 v\u0259ziyy\u0259t t\u0259nziml\u0259nm\u0259d\u0259n MDB-d\u0259 \u0259m\u0259kda\u015fl\u0131\u011f\u0131n h\u0259rt\u0259r\u0259fli inki\u015faf\u0131 m\u00fcmk\u00fcn deyil. ARANTV.AZ\u00a0Trend-\u0259 istinad\u0259n bildirir ki,\u00a0bunu Ba\u015f nazir \u018fli \u018fs\u0259dov MDB H\u00f6kum\u0259t ba\u015f\u00e7\u0131lar\u0131 \u015furas\u0131n\u0131n videokonfrans format\u0131nda ke\u00e7iril\u0259n iclas\u0131nda deyib. O bildirib ki, Az\u0259rbaycan BMT \u00fczv d\u00f6vl\u0259tl\u0259ri il\u0259 \u0259m\u0259kda\u015fl\u0131\u011f\u0131n inki\u015faf\u0131na maraql\u0131d\u0131r: &#8220;Az\u0259rbaycan h\u0259m ikit\u0259r\u0259fli, h\u0259m d\u0259 \u00e7oxt\u0259r\u0259fli formatlarda \u0259m\u0259kda\u015fl\u0131qda maraql\u0131d\u0131r. Amma Erm\u0259nistan-Az\u0259rbaycan Da\u011fl\u0131q Qaraba\u011f m\u00fcnaqi\u015f\u0259si t\u0259nziml\u0259nm\u0259d\u0259n Birlik \u00e7\u0259r\u00e7iv\u0259sind\u0259&hellip;","_links":{"self":[{"href":"https:\/\/arantv.az\/index.php?rest_route=\/wp\/v2\/posts\/232764"}],"collection":[{"href":"https:\/\/arantv.az\/index.php?rest_route=\/wp\/v2\/posts"}],"about":[{"href":"https:\/\/arantv.az\/index.php?rest_route=\/wp\/v2\/types\/post"}],"author":[{"embeddable":true,"href":"https:\/\/arantv.az\/index.php?rest_route=\/wp\/v2\/users\/2"}],"replies":[{"embeddable":true,"href":"https:\/\/arantv.az\/index.php?rest_route=%2Fwp%2Fv2%2Fcomments&post=232764"}],"version-history":[{"count":0,"href":"https:\/\/arantv.az\/index.php?rest_route=\/wp\/v2\/posts\/232764\/revisions"}],"wp:featuredmedia":[{"embeddable":true,"href":"https:\/\/arantv.az\/index.php?rest_route=\/wp\/v2\/media\/232765"}],"wp:attachment":[{"href":"https:\/\/arantv.az\/index.php?rest_route=%2Fwp%2Fv2%2Fmedia&parent=232764"}],"wp:term":[{"taxonomy":"category","embeddable":true,"href":"https:\/\/arantv.az\/index.php?rest_route=%2Fwp%2Fv2%2Fcategories&post=232764"},{"taxonomy":"post_tag","embeddable":true,"href":"https:\/\/arantv.az\/index.php?rest_route=%2Fwp%2Fv2%2Ftags&post=232764"}],"curies":[{"name":"wp","href":"https:\/\/api.w.org\/{rel}","templated":true}]}}