{"id":232772,"date":"2020-11-06T14:18:47","date_gmt":"2020-11-06T11:18:47","guid":{"rendered":"http:\/\/arantv.az\/?p=232772"},"modified":"2020-11-06T14:18:47","modified_gmt":"2020-11-06T11:18:47","slug":"on-s%c9%99h%c9%99r-v%c9%99-rayonda-karantin-rejimi-s%c9%99rtl%c9%99sdirildi-r%c9%99smi","status":"publish","type":"post","link":"https:\/\/arantv.az\/?p=232772","title":{"rendered":"On \u015f\u0259h\u0259r v\u0259 rayonda karantin rejimi s\u0259rtl\u0259\u015fdirildi &#8211; R\u018fSM\u0130"},"content":{"rendered":"<p>\u00d6lk\u0259 \u0259razisind\u0259 sanitar-epidemioloji v\u0259ziyy\u0259ti n\u0259z\u0259r\u0259\u00a0alaraq Nazirl\u0259r Kabineti yan\u0131nda Operativ Q\u0259rargah m\u00fcxt\u0259lif \u015f\u0259h\u0259r v\u0259 rayonlar\u0131n \u0259razisind\u0259 x\u00fcsusi karantin rejiminin yeni qaydalar\u0131n\u0131n t\u0259tbiq edilm\u0259sin\u0259 dair q\u0259rar q\u0259bul edib.<\/p>\n<p>Bununla ba\u011fl\u0131 Nazirl\u0259r Kabineti m\u0259lumat yay\u0131b.<\/p>\n<p>Q\u0259rara \u0259sas\u0259n, 2020-ci il 07 noyabr saat 00:00-dan 23 noyabr saat 06:00-d\u0259k s\u0259rtl\u0259\u015fdirilmi\u015f x\u00fcsusi karantin rejimi d\u00f6vr\u00fcnd\u0259 \u015e\u0259ki, L\u0259nk\u0259ran \u015f\u0259h\u0259rl\u0259rinin, Qax, Zaqatala, Bil\u0259suvar, C\u0259lilabad, Masall\u0131, \u0130smay\u0131ll\u0131, Quba, Xa\u00e7maz rayonlar\u0131n\u0131n inzibati \u0259razisind\u0259 a\u015fa\u011f\u0131dak\u0131 sah\u0259l\u0259r istisna olmaqla, dig\u0259r sah\u0259l\u0259r v\u0259 istiqam\u0259tl\u0259rd\u0259 f\u0259aliyy\u0259t dayand\u0131r\u0131l\u0131r:<\/p>\n<div id=\"AdviadNativeVideo0\" class=\"AdviadNativeVideo\"><\/div>\n<p>&#8211; h\u00fcquq m\u00fchafiz\u0259, m\u0259hk\u0259m\u0259 orqanlar\u0131n\u0131n, h\u0259rbi xidm\u0259t n\u0259z\u0259rd\u0259 tutulmu\u015f orqanlar\u0131n\u00a0v\u0259 v\u0259kill\u0259rin f\u0259aliyy\u0259ti;<\/p>\n<p>&#8211; dig\u0259r d\u00f6vl\u0259t orqanlar\u0131n\u0131n (qurumlar\u0131n\u0131n) f\u0259aliyy\u0259ti (Nazirl\u0259r Kabineti t\u0259r\u0259find\u0259n m\u00fc\u0259yy\u0259n edil\u0259n say h\u0259ddi \u00e7\u0259r\u00e7iv\u0259sind\u0259);<\/p>\n<p>&#8211; s\u0259hiyy\u0259 v\u0259 sosial xidm\u0259t m\u00fc\u0259ssis\u0259l\u0259rinin f\u0259aliyy\u0259ti, dezinfeksiya xidm\u0259tl\u0259ri;<\/p>\n<p>&#8211; kommunal xidm\u0259tl\u0259r (su, elektrik enerjisi, qaz, istilik, rabit\u0259 v\u0259 telekommunikasiya, m\u0259i\u015f\u0259t tullant\u0131lar\u0131);<\/p>\n<p>&#8211; y\u00fck da\u015f\u0131malar\u0131 v\u0259 logistika xidm\u0259tl\u0259ri;<\/p>\n<p>&#8211; Fasil\u0259siz f\u0259aliyy\u0259t g\u00f6st\u0259r\u0259n m\u00fc\u0259ssis\u0259l\u0259rin, h\u0259m\u00e7inin qida m\u0259hsullar\u0131n\u0131n istehsal\u0131, t\u0259dar\u00fck\u00fc, t\u0259chizat\u0131, saxlanmas\u0131 v\u0259 topdan sat\u0131\u015f\u0131 m\u00fc\u0259ssis\u0259l\u0259rinin f\u0259aliyy\u0259ti;<\/p>\n<p>&#8211; k\u0259nd t\u0259s\u0259rr\u00fcfat\u0131, meliorasiya v\u0259 su t\u0259s\u0259rr\u00fcfat\u0131 f\u0259aliyy\u0259ti;<\/p>\n<p>&#8211; aptekl\u0259rin, \u0259rzaq ma\u011fazalar\u0131n\u0131n (bazarlar v\u0259 yarmarkalar istisna olmaqla), yanacaqdoldurma m\u0259nt\u0259q\u0259l\u0259rinin f\u0259aliyy\u0259ti;<\/p>\n<p>&#8211; k\u00fctl\u0259vi informasiya vasit\u0259l\u0259rinin f\u0259aliyy\u0259ti;<\/p>\n<p>&#8211; maliyy\u0259 t\u0259\u015fkilatlar\u0131n\u0131n (bank, s\u0131\u011forta v\u0259 s.) f\u0259aliyy\u0259ti;<\/p>\n<p>&#8211; m\u00fchafiz\u0259 xidm\u0259tl\u0259ri.<\/p>\n<p>Bu vaxtad\u0259k h\u0259min inzibati \u0259razil\u0259rd\u0259 ictimai n\u0259qliyyat\u0131n f\u0259aliyy\u0259ti yaln\u0131z h\u0259ft\u0259 sonlar\u0131 dayand\u0131r\u0131l\u0131rd\u0131. 2020-ci il 7 noyabr saat 00:00-dan 23 noyabr saat 06:00-d\u0259k h\u0259min \u0259razil\u0259rd\u0259 ictimai n\u0259qliyyat\u0131n f\u0259aliyy\u0259ti tam dayand\u0131r\u0131lacaqd\u0131r.<\/p>\n<p>Bu qaydalar\u0131n t\u0259tbiq olundu\u011fu \u015f\u0259h\u0259r v\u0259 rayonlarda:<\/p>\n<p>&#8211; \u00a0\u0130qtisadiyyat nazirliyi t\u0259r\u0259find\u0259n bu \u015f\u0259h\u0259r v\u0259 rayonlarda muzdlu i\u015f\u00e7il\u0259rin \u0259m\u0259k haqlar\u0131 \u00fczr\u0259 m\u00fcvafiq \u00f6d\u0259ni\u015fl\u0259r edil\u0259c\u0259k v\u0259 f\u0259rdi (mikro) sahibkarlara bird\u0259f\u0259lik maliyy\u0259 d\u0259st\u0259yi g\u00f6st\u0259ril\u0259c\u0259k;<\/p>\n<p>&#8211; \u018fm\u0259k v\u0259 \u018fhalinin Sosial M\u00fcdafi\u0259si Nazirliyin\u0259 s\u0259rtl\u0259\u015fdirilmi\u015f x\u00fcsusi karantin rejiminin t\u0259tbiq olundu\u011fu 10 \u015f\u0259h\u0259r v\u0259 rayon \u00fczr\u0259 i\u015fsiz v\u0259 x\u00fcsusi karantin rejimin\u0259 g\u00f6r\u0259 g\u0259lirini itir\u0259n qeyri-formal i\u015fl\u0259y\u0259n azt\u0259minatl\u0131 \u015f\u0259xsl\u0259r\u0259 ya\u015fay\u0131\u015f minimumu h\u0259cmind\u0259 (190 manat) bird\u0259f\u0259lik \u00f6d\u0259m\u0259 verilm\u0259si tap\u015f\u0131r\u0131l\u0131b.<\/p>\n<p>Nazirl\u0259r Kabineti yan\u0131nda operativ q\u0259rargah yuxar\u0131da sadalanan \u015f\u0259h\u0259r v\u0259 rayonlar\u0131n sakinl\u0259rin\u0259 ciddi \u015f\u0259kild\u0259 evd\u0259 qalma\u011f\u0131 t\u00f6vsiy\u0259 edir, karantin rejiminin qaydalar\u0131na \u0259m\u0259l etm\u0259y\u0259 \u00e7a\u011f\u0131r\u0131r.<\/p>\n","protected":false},"excerpt":{"rendered":"<p>\u00d6lk\u0259 \u0259razisind\u0259 sanitar-epidemioloji v\u0259ziyy\u0259ti n\u0259z\u0259r\u0259\u00a0alaraq Nazirl\u0259r Kabineti yan\u0131nda Operativ Q\u0259rargah m\u00fcxt\u0259lif \u015f\u0259h\u0259r v\u0259 rayonlar\u0131n \u0259razisind\u0259 x\u00fcsusi karantin rejiminin yeni qaydalar\u0131n\u0131n t\u0259tbiq edilm\u0259sin\u0259 dair q\u0259rar q\u0259bul edib. Bununla ba\u011fl\u0131 Nazirl\u0259r Kabineti m\u0259lumat yay\u0131b. Q\u0259rara \u0259sas\u0259n, 2020-ci il 07 noyabr saat 00:00-dan 23 noyabr saat 06:00-d\u0259k s\u0259rtl\u0259\u015fdirilmi\u015f x\u00fcsusi karantin rejimi d\u00f6vr\u00fcnd\u0259 \u015e\u0259ki, L\u0259nk\u0259ran \u015f\u0259h\u0259rl\u0259rinin, Qax, Zaqatala, Bil\u0259suvar, C\u0259lilabad, Masall\u0131, \u0130smay\u0131ll\u0131, Quba, Xa\u00e7maz rayonlar\u0131n\u0131n inzibati \u0259razisind\u0259 a\u015fa\u011f\u0131dak\u0131 sah\u0259l\u0259r istisna olmaqla, dig\u0259r sah\u0259l\u0259r v\u0259 istiqam\u0259tl\u0259rd\u0259 f\u0259aliyy\u0259t dayand\u0131r\u0131l\u0131r: &#8211; h\u00fcquq m\u00fchafiz\u0259, m\u0259hk\u0259m\u0259 orqanlar\u0131n\u0131n, h\u0259rbi xidm\u0259t n\u0259z\u0259rd\u0259 tutulmu\u015f orqanlar\u0131n\u00a0v\u0259 v\u0259kill\u0259rin f\u0259aliyy\u0259ti; &#8211; dig\u0259r d\u00f6vl\u0259t orqanlar\u0131n\u0131n (qurumlar\u0131n\u0131n)&hellip;<\/p>\n","protected":false},"author":2,"featured_media":232773,"comment_status":"closed","ping_status":"closed","sticky":false,"template":"","format":"standard","meta":{"om_disable_all_campaigns":false,"_monsterinsights_skip_tracking":false,"_monsterinsights_sitenote_active":false,"_monsterinsights_sitenote_note":"","_monsterinsights_sitenote_category":0},"categories":[19],"tags":[],"aioseo_notices":[],"gutentor_comment":0,"rttpg_featured_image_url":{"full":["https:\/\/arantv.az\/wp-content\/uploads\/2020\/11\/7cd9af66-7af8-326c-9308-053ea71279f1_850.jpg",850,530,false],"landscape":["https:\/\/arantv.az\/wp-content\/uploads\/2020\/11\/7cd9af66-7af8-326c-9308-053ea71279f1_850.jpg",850,530,false],"portraits":["https:\/\/arantv.az\/wp-content\/uploads\/2020\/11\/7cd9af66-7af8-326c-9308-053ea71279f1_850.jpg",850,530,false],"thumbnail":["https:\/\/arantv.az\/wp-content\/uploads\/2020\/11\/7cd9af66-7af8-326c-9308-053ea71279f1_850-150x150.jpg",150,150,true],"medium":["https:\/\/arantv.az\/wp-content\/uploads\/2020\/11\/7cd9af66-7af8-326c-9308-053ea71279f1_850-300x187.jpg",300,187,true],"large":["https:\/\/arantv.az\/wp-content\/uploads\/2020\/11\/7cd9af66-7af8-326c-9308-053ea71279f1_850.jpg",640,399,false],"1536x1536":["https:\/\/arantv.az\/wp-content\/uploads\/2020\/11\/7cd9af66-7af8-326c-9308-053ea71279f1_850.jpg",850,530,false],"2048x2048":["https:\/\/arantv.az\/wp-content\/uploads\/2020\/11\/7cd9af66-7af8-326c-9308-053ea71279f1_850.jpg",850,530,false],"post-thumbnail":["https:\/\/arantv.az\/wp-content\/uploads\/2020\/11\/7cd9af66-7af8-326c-9308-053ea71279f1_850-240x172.jpg",240,172,true],"advps-thumb-one":["https:\/\/arantv.az\/wp-content\/uploads\/2020\/11\/7cd9af66-7af8-326c-9308-053ea71279f1_850.jpg",850,530,false]},"rttpg_author":{"display_name":"V\u00fcsal Rafiqo\u011flu","author_link":"https:\/\/arantv.az\/?author=2"},"rttpg_comment":0,"rttpg_category":"<a href=\"https:\/\/arantv.az\/?cat=19\" rel=\"category\">G\u00fcnd\u0259m<\/a>","rttpg_excerpt":"\u00d6lk\u0259 \u0259razisind\u0259 sanitar-epidemioloji v\u0259ziyy\u0259ti n\u0259z\u0259r\u0259\u00a0alaraq Nazirl\u0259r Kabineti yan\u0131nda Operativ Q\u0259rargah m\u00fcxt\u0259lif \u015f\u0259h\u0259r v\u0259 rayonlar\u0131n \u0259razisind\u0259 x\u00fcsusi karantin rejiminin yeni qaydalar\u0131n\u0131n t\u0259tbiq edilm\u0259sin\u0259 dair q\u0259rar q\u0259bul edib. Bununla ba\u011fl\u0131 Nazirl\u0259r Kabineti m\u0259lumat yay\u0131b. Q\u0259rara \u0259sas\u0259n, 2020-ci il 07 noyabr saat 00:00-dan 23 noyabr saat 06:00-d\u0259k s\u0259rtl\u0259\u015fdirilmi\u015f x\u00fcsusi karantin rejimi d\u00f6vr\u00fcnd\u0259 \u015e\u0259ki, L\u0259nk\u0259ran \u015f\u0259h\u0259rl\u0259rinin, Qax, Zaqatala, Bil\u0259suvar,&hellip;","_links":{"self":[{"href":"https:\/\/arantv.az\/index.php?rest_route=\/wp\/v2\/posts\/232772"}],"collection":[{"href":"https:\/\/arantv.az\/index.php?rest_route=\/wp\/v2\/posts"}],"about":[{"href":"https:\/\/arantv.az\/index.php?rest_route=\/wp\/v2\/types\/post"}],"author":[{"embeddable":true,"href":"https:\/\/arantv.az\/index.php?rest_route=\/wp\/v2\/users\/2"}],"replies":[{"embeddable":true,"href":"https:\/\/arantv.az\/index.php?rest_route=%2Fwp%2Fv2%2Fcomments&post=232772"}],"version-history":[{"count":0,"href":"https:\/\/arantv.az\/index.php?rest_route=\/wp\/v2\/posts\/232772\/revisions"}],"wp:featuredmedia":[{"embeddable":true,"href":"https:\/\/arantv.az\/index.php?rest_route=\/wp\/v2\/media\/232773"}],"wp:attachment":[{"href":"https:\/\/arantv.az\/index.php?rest_route=%2Fwp%2Fv2%2Fmedia&parent=232772"}],"wp:term":[{"taxonomy":"category","embeddable":true,"href":"https:\/\/arantv.az\/index.php?rest_route=%2Fwp%2Fv2%2Fcategories&post=232772"},{"taxonomy":"post_tag","embeddable":true,"href":"https:\/\/arantv.az\/index.php?rest_route=%2Fwp%2Fv2%2Ftags&post=232772"}],"curies":[{"name":"wp","href":"https:\/\/api.w.org\/{rel}","templated":true}]}}