{"id":232780,"date":"2020-11-06T14:21:17","date_gmt":"2020-11-06T11:21:17","guid":{"rendered":"http:\/\/arantv.az\/?p=232780"},"modified":"2020-11-06T14:21:17","modified_gmt":"2020-11-06T11:21:17","slug":"karantinin-s%c9%99rtl%c9%99sdirildiyi-%c9%99razil%c9%99rd%c9%99-dovl%c9%99t-sahibkarlara-d%c9%99st%c9%99k-gost%c9%99r%c9%99c%c9%99k-r%c9%99smi","status":"publish","type":"post","link":"https:\/\/arantv.az\/?p=232780","title":{"rendered":"Karantinin s\u0259rtl\u0259\u015fdirildiyi \u0259razil\u0259rd\u0259 d\u00f6vl\u0259t sahibkarlara d\u0259st\u0259k g\u00f6st\u0259r\u0259c\u0259k &#8211; R\u018fSM\u0130"},"content":{"rendered":"<p>Karantinin s\u0259rtl\u0259\u015fdirildiyi rayonlarda sahibkarlara bird\u0259f\u0259lik maliyy\u0259 d\u0259st\u0259yi g\u00f6st\u0259ril\u0259c\u0259k.<\/p>\n<div id=\"AdviadNativeVideo0\" class=\"AdviadNativeVideo\"><\/div>\n<p>Bu bar\u0259d\u0259 Nazirl\u0259r Kabineti yan\u0131nda operativ q\u0259rargah m\u0259lumat yay\u0131b.<\/p>\n<p>Bildirilib ki, \u0130qtisadiyyat Nazirliyi t\u0259r\u0259find\u0259n karantin rejiminin t\u0259tbiq olundu\u011fu 10 \u015f\u0259h\u0259r v\u0259 rayon \u00fczr\u0259 &#8211; \u015e\u0259ki, L\u0259nk\u0259ran \u015f\u0259h\u0259rl\u0259rinin, Qax, Zaqatala, Bil\u0259suvar, C\u0259lilabad, Masall\u0131, \u0130smay\u0131ll\u0131, Quba, Xa\u00e7maz rayonlarda muzdlu i\u015f\u00e7il\u0259rin \u0259m\u0259khaqlar\u0131 \u00fczr\u0259 m\u00fcvafiq \u00f6d\u0259ni\u015fl\u0259r edil\u0259c\u0259k v\u0259 f\u0259rdi (mikro) sahibkarlara bird\u0259f\u0259lik maliyy\u0259 d\u0259st\u0259yi g\u00f6st\u0259ril\u0259c\u0259k.<\/p>\n","protected":false},"excerpt":{"rendered":"<p>Karantinin s\u0259rtl\u0259\u015fdirildiyi rayonlarda sahibkarlara bird\u0259f\u0259lik maliyy\u0259 d\u0259st\u0259yi g\u00f6st\u0259ril\u0259c\u0259k. Bu bar\u0259d\u0259 Nazirl\u0259r Kabineti yan\u0131nda operativ q\u0259rargah m\u0259lumat yay\u0131b. Bildirilib ki, \u0130qtisadiyyat Nazirliyi t\u0259r\u0259find\u0259n karantin rejiminin t\u0259tbiq olundu\u011fu 10 \u015f\u0259h\u0259r v\u0259 rayon \u00fczr\u0259 &#8211; \u015e\u0259ki, L\u0259nk\u0259ran \u015f\u0259h\u0259rl\u0259rinin, Qax, Zaqatala, Bil\u0259suvar, C\u0259lilabad, Masall\u0131, \u0130smay\u0131ll\u0131, Quba, Xa\u00e7maz rayonlarda muzdlu i\u015f\u00e7il\u0259rin \u0259m\u0259khaqlar\u0131 \u00fczr\u0259 m\u00fcvafiq \u00f6d\u0259ni\u015fl\u0259r edil\u0259c\u0259k v\u0259 f\u0259rdi (mikro) sahibkarlara bird\u0259f\u0259lik maliyy\u0259 d\u0259st\u0259yi g\u00f6st\u0259ril\u0259c\u0259k.<\/p>\n","protected":false},"author":2,"featured_media":232785,"comment_status":"closed","ping_status":"closed","sticky":false,"template":"","format":"standard","meta":{"om_disable_all_campaigns":false,"_monsterinsights_skip_tracking":false,"_monsterinsights_sitenote_active":false,"_monsterinsights_sitenote_note":"","_monsterinsights_sitenote_category":0},"categories":[19],"tags":[],"aioseo_notices":[],"gutentor_comment":0,"rttpg_featured_image_url":{"full":["https:\/\/arantv.az\/wp-content\/uploads\/2020\/11\/pulllll.jpg",620,335,false],"landscape":["https:\/\/arantv.az\/wp-content\/uploads\/2020\/11\/pulllll.jpg",620,335,false],"portraits":["https:\/\/arantv.az\/wp-content\/uploads\/2020\/11\/pulllll.jpg",620,335,false],"thumbnail":["https:\/\/arantv.az\/wp-content\/uploads\/2020\/11\/pulllll-150x150.jpg",150,150,true],"medium":["https:\/\/arantv.az\/wp-content\/uploads\/2020\/11\/pulllll-300x162.jpg",300,162,true],"large":["https:\/\/arantv.az\/wp-content\/uploads\/2020\/11\/pulllll.jpg",620,335,false],"1536x1536":["https:\/\/arantv.az\/wp-content\/uploads\/2020\/11\/pulllll.jpg",620,335,false],"2048x2048":["https:\/\/arantv.az\/wp-content\/uploads\/2020\/11\/pulllll.jpg",620,335,false],"post-thumbnail":["https:\/\/arantv.az\/wp-content\/uploads\/2020\/11\/pulllll-240x172.jpg",240,172,true],"advps-thumb-one":["https:\/\/arantv.az\/wp-content\/uploads\/2020\/11\/pulllll.jpg",620,335,false]},"rttpg_author":{"display_name":"V\u00fcsal Rafiqo\u011flu","author_link":"https:\/\/arantv.az\/?author=2"},"rttpg_comment":0,"rttpg_category":"<a href=\"https:\/\/arantv.az\/?cat=19\" rel=\"category\">G\u00fcnd\u0259m<\/a>","rttpg_excerpt":"Karantinin s\u0259rtl\u0259\u015fdirildiyi rayonlarda sahibkarlara bird\u0259f\u0259lik maliyy\u0259 d\u0259st\u0259yi g\u00f6st\u0259ril\u0259c\u0259k. Bu bar\u0259d\u0259 Nazirl\u0259r Kabineti yan\u0131nda operativ q\u0259rargah m\u0259lumat yay\u0131b. Bildirilib ki, \u0130qtisadiyyat Nazirliyi t\u0259r\u0259find\u0259n karantin rejiminin t\u0259tbiq olundu\u011fu 10 \u015f\u0259h\u0259r v\u0259 rayon \u00fczr\u0259 &#8211; \u015e\u0259ki, L\u0259nk\u0259ran \u015f\u0259h\u0259rl\u0259rinin, Qax, Zaqatala, Bil\u0259suvar, C\u0259lilabad, Masall\u0131, \u0130smay\u0131ll\u0131, Quba, Xa\u00e7maz rayonlarda muzdlu i\u015f\u00e7il\u0259rin \u0259m\u0259khaqlar\u0131 \u00fczr\u0259 m\u00fcvafiq \u00f6d\u0259ni\u015fl\u0259r edil\u0259c\u0259k v\u0259 f\u0259rdi (mikro) sahibkarlara&hellip;","_links":{"self":[{"href":"https:\/\/arantv.az\/index.php?rest_route=\/wp\/v2\/posts\/232780"}],"collection":[{"href":"https:\/\/arantv.az\/index.php?rest_route=\/wp\/v2\/posts"}],"about":[{"href":"https:\/\/arantv.az\/index.php?rest_route=\/wp\/v2\/types\/post"}],"author":[{"embeddable":true,"href":"https:\/\/arantv.az\/index.php?rest_route=\/wp\/v2\/users\/2"}],"replies":[{"embeddable":true,"href":"https:\/\/arantv.az\/index.php?rest_route=%2Fwp%2Fv2%2Fcomments&post=232780"}],"version-history":[{"count":0,"href":"https:\/\/arantv.az\/index.php?rest_route=\/wp\/v2\/posts\/232780\/revisions"}],"wp:featuredmedia":[{"embeddable":true,"href":"https:\/\/arantv.az\/index.php?rest_route=\/wp\/v2\/media\/232785"}],"wp:attachment":[{"href":"https:\/\/arantv.az\/index.php?rest_route=%2Fwp%2Fv2%2Fmedia&parent=232780"}],"wp:term":[{"taxonomy":"category","embeddable":true,"href":"https:\/\/arantv.az\/index.php?rest_route=%2Fwp%2Fv2%2Fcategories&post=232780"},{"taxonomy":"post_tag","embeddable":true,"href":"https:\/\/arantv.az\/index.php?rest_route=%2Fwp%2Fv2%2Ftags&post=232780"}],"curies":[{"name":"wp","href":"https:\/\/api.w.org\/{rel}","templated":true}]}}