{"id":232788,"date":"2020-11-06T14:22:58","date_gmt":"2020-11-06T11:22:58","guid":{"rendered":"http:\/\/arantv.az\/?p=232788"},"modified":"2020-11-06T14:22:58","modified_gmt":"2020-11-06T11:22:58","slug":"beyn%c9%99lxalq-turk-m%c9%99d%c9%99niyy%c9%99ti-v%c9%99-irsi-fondu-isgal-olunmus-%c9%99razil%c9%99rd%c9%99ki-m%c9%99d%c9%99ni-irsl%c9%99-bagli-b%c9%99yanat-verdi","status":"publish","type":"post","link":"https:\/\/arantv.az\/?p=232788","title":{"rendered":"Beyn\u0259lxalq T\u00fcrk M\u0259d\u0259niyy\u0259ti v\u0259 \u0130rsi Fondu i\u015f\u011fal olunmu\u015f \u0259razil\u0259rd\u0259ki m\u0259d\u0259ni irsl\u0259 ba\u011fl\u0131 b\u0259yanat verdi"},"content":{"rendered":"<p>Beyn\u0259lxalq T\u00fcrk M\u0259d\u0259niyy\u0259ti v\u0259 \u0130rsi Fondunun\u00a0Az\u0259rbaycan\u0131n i\u015f\u011fal olunmu\u015f \u0259razil\u0259rind\u0259ki m\u0259d\u0259ni v\u0259 t\u0259bii irsin v\u0259ziyy\u0259ti il\u0259 ba\u011fl\u0131 b\u0259yanat verib.<\/p>\n<p>B\u0259yanatda deyilir:<\/p>\n<p>\u201cBeyn\u0259lxalq T\u00fcrk M\u0259d\u0259niyy\u0259ti v\u0259 \u0130rsi Fondu, Da\u011fl\u0131q Qaraba\u011f \u0259razisind\u0259 v\u0259 onun \u0259traf rayonlar\u0131nda yerl\u0259\u015f\u0259n, yaln\u0131z Az\u0259rbaycana deyil, b\u00fct\u00f6vl\u00fckd\u0259 T\u00fcrk d\u00fcnyas\u0131na m\u0259xsus olan tarixi abid\u0259l\u0259rin v\u0259ziyy\u0259ti il\u0259 ba\u011fl\u0131 ciddi narahatl\u0131\u011f\u0131n\u0131 ifad\u0259 edir.<\/p>\n<div id=\"AdviadNativeVideo0\" class=\"AdviadNativeVideo\"><\/div>\n<p>\u0130\u015f\u011fal\u00e7\u0131 q\u00fcvv\u0259l\u0259r \u0259cdadlar\u0131m\u0131z\u0131n yaratd\u0131\u011f\u0131 qiym\u0259tli memarl\u0131q n\u00fcmun\u0259l\u0259rini da\u011f\u0131d\u0131b, bununla da d\u00fcnya miqyasl\u0131 m\u0259d\u0259niyy\u0259t tarixin\u0259 b\u00f6y\u00fck ziyan vurub.<\/p>\n<p>Maddi-m\u0259n\u0259vi d\u0259y\u0259rl\u0259rin m\u0259qs\u0259dy\u00f6nl\u00fc \u015f\u0259kild\u0259 m\u0259hv v\u0259 talan edilm\u0259si, m\u0259nims\u0259nilm\u0259si, tarixin saxtala\u015fd\u0131r\u0131lmas\u0131 t\u0259cav\u00fczkar siyas\u0259tin \u0259yani s\u00fcbutudur. Q\u0259dim Alban xristian kils\u0259l\u0259rinin saxta yollarla \u201cerm\u0259nil\u0259\u015fdirilm\u0259si\u201d v\u0259 q\u0259dim m\u00fcs\u0259lman dini abid\u0259l\u0259rinin t\u0259hqir olunmas\u0131, z\u0259ngin fauna v\u0259 flora m\u0259nb\u0259yi olan me\u015f\u0259l\u0259rin yand\u0131r\u0131laraq m\u0259hv edilm\u0259si, qlobal ekoloji tarazl\u0131\u011f\u0131n kobud \u015f\u0259kild\u0259 pozulmas\u0131 Erm\u0259nistan i\u015f\u011fal\u00e7\u0131l\u0131\u011f\u0131n\u0131n insanl\u0131\u011fa yara\u015fmayan n\u0259tic\u0259sidir.<\/p>\n<p>Minillikl\u0259rin s\u0131na\u011f\u0131ndan ke\u00e7mi\u015f, bir \u00e7ox m\u00fcharib\u0259l\u0259rin, t\u0259bi\u0259t hadis\u0259l\u0259rinin \u015fahidi olmu\u015f bu abid\u0259l\u0259r canl\u0131 bir varl\u0131q kimi b\u0259\u015f\u0259ri-m\u0259d\u0259ni irsin d\u0259y\u0259rli n\u00fcmun\u0259l\u0259ri s\u0131ras\u0131nda \u00f6z\u00fcn\u00fc qoruya bilib.<\/p>\n<p>Ancaq XXI \u0259srd\u0259ki t\u0259cav\u00fczl\u0259r, h\u0259min minillikl\u0259rin bel\u0259 toxunmad\u0131\u011f\u0131 abid\u0259l\u0259ri yerl\u0259 yeksan edib, B\u00f6y\u00fck \u0130p\u0259k yolununun ke\u00e7diyi bu \u0259razil\u0259rd\u0259ki karvansaralar\u0131, unikal arxitekturalara malik q\u0259dim m\u0259scidl\u0259ri, m\u0259dr\u0259s\u0259l\u0259ri, k\u00f6rp\u00fcl\u0259ri da\u011f\u0131nt\u0131lara m\u0259ruz qoyub.<\/p>\n<p>Z\u0259bt edilmi\u015f \u0259razil\u0259rd\u0259ki \u00e7ox\u0259srlik s\u0259n\u0259t n\u00fcmun\u0259l\u0259rin\u0259 qar\u015f\u0131 bel\u0259 bir q\u0259ddar m\u00fcnasib\u0259t beyn\u0259lxalq h\u00fcquq normalar\u0131na v\u0259 beyn\u0259xalq konvensiyalara tamamil\u0259 ziddir. Bu s\u0259n\u0259dl\u0259r\u0259 \u0259sas\u0259n, i\u015f\u011fal\u00e7\u0131 \u00f6lk\u0259 Az\u0259rbaycan \u0259razil\u0259rd\u0259 t\u00f6r\u0259dil\u0259n vandalizm aktlar\u0131na g\u00f6r\u0259 birba\u015fa h\u00fcquqi m\u0259suliyy\u0259t da\u015f\u0131y\u0131r.<\/p>\n<p>Beyn\u0259lxalq T\u00fcrk M\u0259d\u0259niyy\u0259ti v\u0259 \u0130rsi Fondu b\u0259\u015f\u0259ri mahiyy\u0259tli tarixi abid\u0259l\u0259rin m\u0259hv edilm\u0259sin\u0259 y\u00f6n\u0259lmi\u015f cinay\u0259t \u0259m\u0259ll\u0259rini q\u0259tiyy\u0259tl\u0259 pisl\u0259yir v\u0259 beyn\u0259lxalq ictimaiyy\u0259ti buna laqeyd qalmama\u011fa, \u00f6z etiraz s\u0259sl\u0259rini ucaltma\u011fa \u00e7a\u011f\u0131r\u0131r.<\/p>\n<p>Tarixi miras\u0131n m\u0259hv edilm\u0259si b\u0259\u015f\u0259riyy\u0259ti \u0259srl\u0259r boyu m\u00f6vcud olmu\u015f qiym\u0259tli s\u0259rv\u0259tl\u0259rd\u0259n m\u0259hrum edir. Biz b\u00fct\u00fcn beyn\u0259lxalq t\u0259\u015fkilatlara m\u00fcraci\u0259t ed\u0259r\u0259k, onlar\u0131 beyn\u0259lxalq h\u00fcquq \u00e7\u0259r\u00e7iv\u0259sind\u0259 Erm\u0259nistan t\u0259r\u0259finin m\u0259suliyy\u0259t\u0259 c\u0259lb olunmas\u0131 y\u00f6n\u00fcnd\u0259 s\u0259yl\u0259rini\u00a0birl\u0259\u015fdirib, t\u0259cili t\u0259dbirl\u0259r g\u00f6rm\u0259y\u0259 s\u0259sl\u0259yirik.<\/p>\n<p>Beyn\u0259lxalq T\u00fcrk M\u0259d\u0259niyy\u0259ti v\u0259 \u0130rsi Fondu bu istiqam\u0259td\u0259 b\u00fct\u00fcn \u0259m\u0259kda\u015fl\u0131qlara haz\u0131rd\u0131r\u201d.<\/p>\n","protected":false},"excerpt":{"rendered":"<p>Beyn\u0259lxalq T\u00fcrk M\u0259d\u0259niyy\u0259ti v\u0259 \u0130rsi Fondunun\u00a0Az\u0259rbaycan\u0131n i\u015f\u011fal olunmu\u015f \u0259razil\u0259rind\u0259ki m\u0259d\u0259ni v\u0259 t\u0259bii irsin v\u0259ziyy\u0259ti il\u0259 ba\u011fl\u0131 b\u0259yanat verib. B\u0259yanatda deyilir: \u201cBeyn\u0259lxalq T\u00fcrk M\u0259d\u0259niyy\u0259ti v\u0259 \u0130rsi Fondu, Da\u011fl\u0131q Qaraba\u011f \u0259razisind\u0259 v\u0259 onun \u0259traf rayonlar\u0131nda yerl\u0259\u015f\u0259n, yaln\u0131z Az\u0259rbaycana deyil, b\u00fct\u00f6vl\u00fckd\u0259 T\u00fcrk d\u00fcnyas\u0131na m\u0259xsus olan tarixi abid\u0259l\u0259rin v\u0259ziyy\u0259ti il\u0259 ba\u011fl\u0131 ciddi narahatl\u0131\u011f\u0131n\u0131 ifad\u0259 edir. \u0130\u015f\u011fal\u00e7\u0131 q\u00fcvv\u0259l\u0259r \u0259cdadlar\u0131m\u0131z\u0131n yaratd\u0131\u011f\u0131 qiym\u0259tli memarl\u0131q n\u00fcmun\u0259l\u0259rini da\u011f\u0131d\u0131b, bununla da d\u00fcnya miqyasl\u0131 m\u0259d\u0259niyy\u0259t tarixin\u0259 b\u00f6y\u00fck ziyan vurub. Maddi-m\u0259n\u0259vi d\u0259y\u0259rl\u0259rin m\u0259qs\u0259dy\u00f6nl\u00fc \u015f\u0259kild\u0259 m\u0259hv v\u0259 talan edilm\u0259si, m\u0259nims\u0259nilm\u0259si, tarixin saxtala\u015fd\u0131r\u0131lmas\u0131 t\u0259cav\u00fczkar siyas\u0259tin \u0259yani s\u00fcbutudur. Q\u0259dim Alban xristian kils\u0259l\u0259rinin saxta yollarla \u201cerm\u0259nil\u0259\u015fdirilm\u0259si\u201d&hellip;<\/p>\n","protected":false},"author":2,"featured_media":232793,"comment_status":"closed","ping_status":"closed","sticky":false,"template":"","format":"standard","meta":{"om_disable_all_campaigns":false,"_monsterinsights_skip_tracking":false,"_monsterinsights_sitenote_active":false,"_monsterinsights_sitenote_note":"","_monsterinsights_sitenote_category":0},"categories":[19],"tags":[],"aioseo_notices":[],"gutentor_comment":0,"rttpg_featured_image_url":{"full":["https:\/\/arantv.az\/wp-content\/uploads\/2020\/11\/hj.jpg",620,446,false],"landscape":["https:\/\/arantv.az\/wp-content\/uploads\/2020\/11\/hj.jpg",620,446,false],"portraits":["https:\/\/arantv.az\/wp-content\/uploads\/2020\/11\/hj.jpg",620,446,false],"thumbnail":["https:\/\/arantv.az\/wp-content\/uploads\/2020\/11\/hj-150x150.jpg",150,150,true],"medium":["https:\/\/arantv.az\/wp-content\/uploads\/2020\/11\/hj-300x216.jpg",300,216,true],"large":["https:\/\/arantv.az\/wp-content\/uploads\/2020\/11\/hj.jpg",620,446,false],"1536x1536":["https:\/\/arantv.az\/wp-content\/uploads\/2020\/11\/hj.jpg",620,446,false],"2048x2048":["https:\/\/arantv.az\/wp-content\/uploads\/2020\/11\/hj.jpg",620,446,false],"post-thumbnail":["https:\/\/arantv.az\/wp-content\/uploads\/2020\/11\/hj-240x172.jpg",240,172,true],"advps-thumb-one":["https:\/\/arantv.az\/wp-content\/uploads\/2020\/11\/hj.jpg",620,446,false]},"rttpg_author":{"display_name":"V\u00fcsal Rafiqo\u011flu","author_link":"https:\/\/arantv.az\/?author=2"},"rttpg_comment":0,"rttpg_category":"<a href=\"https:\/\/arantv.az\/?cat=19\" rel=\"category\">G\u00fcnd\u0259m<\/a>","rttpg_excerpt":"Beyn\u0259lxalq T\u00fcrk M\u0259d\u0259niyy\u0259ti v\u0259 \u0130rsi Fondunun\u00a0Az\u0259rbaycan\u0131n i\u015f\u011fal olunmu\u015f \u0259razil\u0259rind\u0259ki m\u0259d\u0259ni v\u0259 t\u0259bii irsin v\u0259ziyy\u0259ti il\u0259 ba\u011fl\u0131 b\u0259yanat verib. B\u0259yanatda deyilir: \u201cBeyn\u0259lxalq T\u00fcrk M\u0259d\u0259niyy\u0259ti v\u0259 \u0130rsi Fondu, Da\u011fl\u0131q Qaraba\u011f \u0259razisind\u0259 v\u0259 onun \u0259traf rayonlar\u0131nda yerl\u0259\u015f\u0259n, yaln\u0131z Az\u0259rbaycana deyil, b\u00fct\u00f6vl\u00fckd\u0259 T\u00fcrk d\u00fcnyas\u0131na m\u0259xsus olan tarixi abid\u0259l\u0259rin v\u0259ziyy\u0259ti il\u0259 ba\u011fl\u0131 ciddi narahatl\u0131\u011f\u0131n\u0131 ifad\u0259 edir. \u0130\u015f\u011fal\u00e7\u0131 q\u00fcvv\u0259l\u0259r \u0259cdadlar\u0131m\u0131z\u0131n yaratd\u0131\u011f\u0131&hellip;","_links":{"self":[{"href":"https:\/\/arantv.az\/index.php?rest_route=\/wp\/v2\/posts\/232788"}],"collection":[{"href":"https:\/\/arantv.az\/index.php?rest_route=\/wp\/v2\/posts"}],"about":[{"href":"https:\/\/arantv.az\/index.php?rest_route=\/wp\/v2\/types\/post"}],"author":[{"embeddable":true,"href":"https:\/\/arantv.az\/index.php?rest_route=\/wp\/v2\/users\/2"}],"replies":[{"embeddable":true,"href":"https:\/\/arantv.az\/index.php?rest_route=%2Fwp%2Fv2%2Fcomments&post=232788"}],"version-history":[{"count":0,"href":"https:\/\/arantv.az\/index.php?rest_route=\/wp\/v2\/posts\/232788\/revisions"}],"wp:featuredmedia":[{"embeddable":true,"href":"https:\/\/arantv.az\/index.php?rest_route=\/wp\/v2\/media\/232793"}],"wp:attachment":[{"href":"https:\/\/arantv.az\/index.php?rest_route=%2Fwp%2Fv2%2Fmedia&parent=232788"}],"wp:term":[{"taxonomy":"category","embeddable":true,"href":"https:\/\/arantv.az\/index.php?rest_route=%2Fwp%2Fv2%2Fcategories&post=232788"},{"taxonomy":"post_tag","embeddable":true,"href":"https:\/\/arantv.az\/index.php?rest_route=%2Fwp%2Fv2%2Ftags&post=232788"}],"curies":[{"name":"wp","href":"https:\/\/api.w.org\/{rel}","templated":true}]}}