{"id":232800,"date":"2020-11-06T14:35:20","date_gmt":"2020-11-06T11:35:20","guid":{"rendered":"http:\/\/arantv.az\/?p=232800"},"modified":"2020-11-06T14:35:20","modified_gmt":"2020-11-06T11:35:20","slug":"bir-gund%c9%99-iki-oglu-s%c9%99hid-olan-ata-balalarim-erm%c9%99nil%c9%99rin-qabaginda-%c9%99yilm%c9%99dil%c9%99r-video","status":"publish","type":"post","link":"https:\/\/arantv.az\/?p=232800","title":{"rendered":"Bir g\u00fcnd\u0259 iki o\u011flu \u015f\u0259hid olan ata: \u201cBalalar\u0131m erm\u0259nil\u0259rin qaba\u011f\u0131nda \u0259yilm\u0259dil\u0259r\u201d &#8211; V\u0130DEO"},"content":{"rendered":"<article class=\"news\">\n<div class=\"news-inner\">\n<p>Deyirl\u0259r torpaq su il\u0259 qar\u0131\u015fanda pal\u00e7\u0131q olur, qanla qar\u0131\u015fanda V\u0259t\u0259n. O V\u0259t\u0259nin ordusu yenilm\u0259z v\u0259 g\u00fccl\u00fcd\u00fcr ki, onun u\u011frunda h\u0259r an m\u00fcbarizc\u0259sin\u0259 vuru\u015fma\u011fa, \u015f\u0259hid olma\u011fa haz\u0131r o\u011fullar\u0131 var. El\u0259 \u0130manla B\u0259hr\u0259m kimi. Ail\u0259nin iki o\u011flu\u00a0Xank\u0259ndi u\u011frunda ged\u0259n g\u0259rgin d\u00f6y\u00fc\u015fl\u0259r zaman\u0131 \u015f\u0259hid oldular.<\/p>\n<p>News24.az\u00a0q\u0259hr\u0259man \u015f\u0259hidl\u0259rimiz haqda s\u00fcjet haz\u0131rlay\u0131b.<\/p>\n<p>\u018fsl\u0259n Lerik rayonundan olan \u0130manla B\u0259hr\u0259m qarda\u015flar\u0131 h\u0259l\u0259 u\u015faq ya\u015flar\u0131ndan h\u0259rb s\u0259n\u0259ti il\u0259\u00a0maraqlan\u0131rd\u0131lar. V\u0259t\u0259np\u0259rv\u0259r o\u011fullar\u0131m\u0131z idman\u00e7\u0131 idil\u0259r. Ail\u0259nin b\u00f6y\u00fck o\u011flu \u0130man a\u011f\u0131r atletika il\u0259, ki\u00e7iyi\u00a0is\u0259 c\u00fcdo il\u0259 m\u0259\u015f\u011ful olub. \u015e\u0259hidl\u0259rimizin atas\u0131 M\u0259mm\u0259d V\u0259limand\u0259d\u0259ki\u015fio\u011flu deyir ki, \u0130man m\u0259nfur d\u00fc\u015fm\u0259nl\u0259rimiz\u0259 qar\u015f\u0131 h\u0259r zaman nifr\u0259t hissi il\u0259 ya\u015fay\u0131b. H\u0259tta ali t\u0259hsil \u00fc\u00e7\u00fcn Rusiyaya yolland\u0131\u011f\u0131 zaman onun qar\u015f\u0131s\u0131na \u00e7\u0131xan erm\u0259ni m\u00fc\u0259lliminin s\u00f6z\u00fcn \u0259sl m\u0259nas\u0131nda nec\u0259 laz\u0131md\u0131rsa cavab\u0131n\u0131 verib:<\/p>\n<div id=\"AdviadNativeVideo0\" class=\"AdviadNativeVideo\"><\/div>\n<p>\u201cAstraxanda h\u00fcquq fak\u00fclt\u0259sin\u0259 q\u0259bul olmaq ist\u0259yirdi. Ora s\u0259n\u0259dl\u0259rini aparanda, qar\u015f\u0131s\u0131na bir erm\u0259ni m\u00fc\u0259llimi \u00e7\u0131x\u0131b \u0130mana \u0259lini uzad\u0131b. Amma o\u011flum onun \u0259lini n\u0259inki s\u0131x\u0131b, h\u0259tta it\u0259l\u0259y\u0259r\u0259k bel\u0259 deyib: \u201cM\u0259n he\u00e7 vaxt \u0259lini s\u0131xmaram, \u00e7\u00fcnki s\u0259nin \u0259lin\u0259 mill\u0259timin qan\u0131 d\u0259yib\u201d. Buna g\u00f6r\u0259 d\u0259 o\u011flumun s\u0259n\u0259dl\u0259rini q\u0259bul etm\u0259dil\u0259r. Balam\u0131n h\u00fcquq\u015f\u00fcnas olmaq arzusu ger\u00e7\u0259kl\u0259\u015fm\u0259di. Amma yen\u0259 d\u0259 o\u011flum \u201cv\u0259t\u0259nim, mill\u0259tim sa\u011f olsun\u201d\u00a0dedi. \u018fv\u0259zind\u0259 h\u0259r ikisi turizm sekoru \u00fczr\u0259 t\u0259hsil ald\u0131lar. \u00dcmumiyy\u0259tl\u0259, \u0130man da, B\u0259hr\u0259m d\u0259 \u00e7ox v\u0259t\u0259np\u0259rv\u0259r olublar. B\u0259hr\u0259m \u00e7\u0131xd\u0131\u011f\u0131 h\u0259r bir yar\u0131\u015fdan qalib g\u0259l\u0259rdi. Erm\u0259nil\u0259rl\u0259 g\u00fcl\u0259\u015f\u0259 \u00e7\u0131xanda he\u00e7 vaxt \u0259yilm\u0259zdi, \u0259ksin\u0259 yar\u0131\u015flar\u0131 udard\u0131\u201d.<\/p>\n<p>Ail\u0259nin iki qarda\u015f\u0131 v\u0259t\u0259n m\u00fcharib\u0259sin\u0259 qo\u015fulduqlar\u0131 ilk g\u00fcnd\u0259n tarix yazd\u0131lar. V\u0259t\u0259n sevdal\u0131s\u0131 olan \u015f\u0259hidl\u0259rimizin x\u0259b\u0259ri is\u0259 onlar\u0131 \u00e7ox sars\u0131d\u0131b:<\/p>\n<p>\u201cBiz m\u00fct\u0259madi olaraq \u0259laq\u0259 saxlay\u0131rd\u0131q. Bir g\u00fcn onlarla birg\u0259 olan gizir m\u0259n\u0259 z\u0259ng etdi, amma dan\u0131\u015fmaq ist\u0259m\u0259di. \u018fsg\u0259rov dey\u0259 \u00e7a\u011f\u0131r\u0131rd\u0131q onu. \u0130ndi yaral\u0131d\u0131r, hospitalda m\u00fcalic\u0259 al\u0131r. Z\u0259ng edib o\u011fullar\u0131m\u0131n \u0259mil\u0259rini d\u0259st\u0259y\u0259 \u00e7a\u011f\u0131rd\u0131. Onda art\u0131q n\u0259yins\u0259 d\u00fcz getm\u0259diyini hiss el\u0259dim. Dedim, yox n\u0259 olubsa \u00f6z\u00fcm\u0259 de. A\u011flaya-a\u011flaya dedi ki, \u0259mi, u\u015faqlar \u015f\u0259hid oldular (a\u011flay\u0131r). O, anda bilm\u0259dim n\u0259 edim. Getdim F\u00fczuliy\u0259, orada Pey\u011f\u0259mb\u0259r M\u0259scidind\u0259 \u0130man\u0131m\u0131 g\u00f6rd\u00fcm. \u00dcz\u0259rind\u0259n bir ne\u00e7\u0259 d\u0259qiq\u0259 ke\u00e7dikd\u0259n sonra B\u0259hr\u0259mimi g\u0259tirdil\u0259r. Onlar\u0131 g\u00f6rd\u00fcm\u201d (a\u011flay\u0131r).<\/p>\n<p>\u015e\u0259hidl\u0259rimizin atas\u0131n\u0131n s\u00f6zl\u0259rin\u0259 g\u00f6r\u0259 \u0130man\u0131n \u00f6z\u00fc \u015f\u0259hidlik zirv\u0259sini arzu edib. O\u00a0h\u0259m d\u0259 \u00e7ox qorxmaz olub. Komandirl\u0259r ona dey\u0259nd\u0259 ki, \u0130man burada s\u00fcr\u00fcnm\u0259k laz\u0131md\u0131r, o\u00a0bu s\u00f6zl\u0259r\u0259 m\u0259h\u0259l qoymaraq, dim-dik durub erm\u0259ninin \u00fcz\u0259rin\u0259 gedirdi:<\/p>\n<p>\u201cH\u0259l\u0259 \u0259sg\u0259rliy\u0259 ged\u0259nd\u0259 m\u0259n\u0259 dedi ki, \u201cata, m\u0259n \u015f\u0259hid olaca\u011fam\u201d. Y\u0259ni ki, bu u\u015fa\u011f\u0131n \u0259vv\u0259ld\u0259n fikiri bu olub. Dedim ki, o\u011flum el\u0259 dan\u0131\u015fma, s\u0259n h\u0259l\u0259 cavansan. B\u00fct\u00fcn \u00f6mr\u00fcn qabaqdad\u0131r. \u0130man\u0131m da dedi ki, \u201cata, s\u0259n he\u00e7 bilirs\u0259n \u015f\u0259hidlik zirv\u0259si n\u0259dir?\u201d. \u00c7ox pis olurdum, amma d\u00f6z\u00fcrd\u00fcm. Dedim ki, b\u0259li, o\u011flum bilir\u0259m. \u015e\u0259hidlik zirv\u0259si d\u00fcnyan\u0131n \u0259n g\u00f6z\u0259l v\u0259 y\u00fcks\u0259k yeridir. \u0130nan\u0131n ki, o, u\u015faqda bir damc\u0131 bel\u0259 qorxu yox idi. H\u0259r zaman dey\u0259rdi ki, erm\u0259ni kimdir ki, m\u0259n onun qar\u015f\u0131s\u0131nda \u0259yilim\u201d.<\/p>\n<p>\u0130man v\u0259 B\u0259hr\u0259md\u0259n g\u00f6z\u00fc ya\u015fl\u0131 dan\u0131\u015fan anas\u0131 Hicran M\u0259mm\u0259dova deyir ki, onlar daima v\u0259t\u0259n\u0259, mill\u0259t\u0259\u00a0ba\u011fl\u0131 olub. Hicran M\u0259mm\u0259dovan\u0131n s\u00f6zl\u0259rin\u0259 g\u00f6r\u0259 q\u0259hr\u0259man \u015f\u0259hidl\u0259rimiz \u00f6rn\u0259k \u00f6vladlar olublar, he\u00e7 vaxt valideynl\u0259rini incitm\u0259yibl\u0259r. Amma b\u00fct\u00fcn bu s\u00f6zl\u0259rin fonunda \u0130man\u0131n son s\u00f6z\u00fc \u00fcr\u0259kda\u011flayan olub:<\/p>\n<p>\u201cM\u0259n\u0259 dedil\u0259r ki, yan\u0131m\u0131za g\u0259l\u0259nd\u0259 \u00e7oxlu su g\u0259tir. Biz d\u0259 apard\u0131q. \u0130nan\u0131n ki, \u0259sg\u0259rl\u0259r ba\u015f\u0131m\u0131za y\u0131\u011f\u0131l\u0131b dedil\u0259r ki, niy\u0259 bu q\u0259d\u0259r \u00e7oxlu su ald\u0131rm\u0131s\u0131n\u0131z? \u0130man qay\u0131d\u0131b dedi ki, \u201cana, o sudan t\u0259k m\u0259n i\u00e7s\u0259m, \u0259sg\u0259r yolda\u015flar\u0131m nec\u0259 olacaq? ay\u0131b deyilmi?\u201d. Yola sald\u0131m balalar\u0131m\u0131. Sonra \u0130man ma\u015f\u0131na mindi, getm\u0259y\u0259 haz\u0131rla\u015fanda t\u0259zd\u0259n qa\u00e7d\u0131 yan\u0131ma v\u0259 bir s\u00f6z dedi: \u201cAna, \u015f\u0259hidl\u0259rimizi unutma, daim onlar\u0131 xat\u0131rla. B\u0259lk\u0259 m\u0259n olmad\u0131m\u201d. Bu o\u011flumun m\u0259n\u0259 dediyi son s\u00f6z\u00fc oldu. S\u0259n dem\u0259 sa\u011folla\u015f\u0131rm\u0131\u015f biziml\u0259, anlamad\u0131q (a\u011flay\u0131r). Ka\u015f o\u011fullar\u0131m V\u0259t\u0259n m\u00fcharib\u0259sinin ax\u0131r\u0131nda olan sevinc v\u0259 q\u0259l\u0259b\u0259 x\u0259b\u0259rl\u0259rini g\u00f6r\u0259 bil\u0259ydil\u0259r. Yan\u0131ram, \u00e7ox yan\u0131ram ki, onlar bu g\u00fcnl\u0259ri g\u00f6r\u0259 bilm\u0259y\u0259c\u0259kl\u0259r\u201d.<\/p>\n<p>Hicran M\u0259mm\u0259dova deyir ki, \u0130manla B\u0259hr\u0259min h\u0259l\u0259 u\u015faq ya\u015flar\u0131ndan silaha mara\u011f\u0131 olub:<\/p>\n<p>\u201cH\u0259r ad g\u00fcnl\u0259rind\u0259 atalar\u0131ndan h\u0259diyy\u0259 silah ist\u0259yirdl\u0259r. Bir d\u0259f\u0259 yanlar\u0131na ged\u0259nd\u0259 dedim ki, \u201co\u011ful balalar\u0131m bax\u0131n g\u00f6r\u00fcn, n\u0259 q\u0259d\u0259r silah\u0131n\u0131z var\u201d. Dedil\u0259r ki, \u201cana, bu silah\u0131 atam almay\u0131b biz\u0259, \u00f6z\u00fcm\u00fcz qazanm\u0131\u015f\u0131q\u201d.<\/p>\n<p>Q\u0259hr\u0259man \u015f\u0259hidl\u0259rimiz fiziki olaraq yan\u0131m\u0131zda olmasalar da, m\u0259n\u0259vi olaraq b\u00fct\u00fcn Az\u0259rbaycan xalq\u0131n\u0131n daim q\u0259lbl\u0259rind\u0259 ya\u015fayacaqlar. Siz he\u00e7 vaxt unudulmayacaqs\u0131n\u0131z, \u00e7\u00fcnki 27 illik yaranan\u0131n m\u0259lh\u0259mi m\u0259hz siz oldunuz!<\/p>\n<div><iframe loading=\"lazy\" src=\"https:\/\/player.baku.tv\/embed\/27562\" width=\"560\" height=\"315\" frameborder=\"0\" allowfullscreen=\"allowfullscreen\" data-mce-fragment=\"1\"><\/iframe><iframe loading=\"lazy\" src=\"https:\/\/player.baku.tv\/embed\/27562\" width=\"560\" height=\"315\" frameborder=\"0\" allowfullscreen=\"allowfullscreen\" data-mce-fragment=\"1\"><\/iframe><\/div>\n<\/div>\n<\/article>\n<h2 class=\"news-share-title\"><\/h2>\n","protected":false},"excerpt":{"rendered":"<p>Deyirl\u0259r torpaq su il\u0259 qar\u0131\u015fanda pal\u00e7\u0131q olur, qanla qar\u0131\u015fanda V\u0259t\u0259n. O V\u0259t\u0259nin ordusu yenilm\u0259z v\u0259 g\u00fccl\u00fcd\u00fcr ki, onun u\u011frunda h\u0259r an m\u00fcbarizc\u0259sin\u0259 vuru\u015fma\u011fa, \u015f\u0259hid olma\u011fa haz\u0131r o\u011fullar\u0131 var. El\u0259 \u0130manla B\u0259hr\u0259m kimi. Ail\u0259nin iki o\u011flu\u00a0Xank\u0259ndi u\u011frunda ged\u0259n g\u0259rgin d\u00f6y\u00fc\u015fl\u0259r zaman\u0131 \u015f\u0259hid oldular. News24.az\u00a0q\u0259hr\u0259man \u015f\u0259hidl\u0259rimiz haqda s\u00fcjet haz\u0131rlay\u0131b. \u018fsl\u0259n Lerik rayonundan olan \u0130manla B\u0259hr\u0259m qarda\u015flar\u0131 h\u0259l\u0259 u\u015faq ya\u015flar\u0131ndan h\u0259rb s\u0259n\u0259ti il\u0259\u00a0maraqlan\u0131rd\u0131lar. V\u0259t\u0259np\u0259rv\u0259r o\u011fullar\u0131m\u0131z idman\u00e7\u0131 idil\u0259r. Ail\u0259nin b\u00f6y\u00fck o\u011flu \u0130man a\u011f\u0131r atletika il\u0259, ki\u00e7iyi\u00a0is\u0259 c\u00fcdo il\u0259 m\u0259\u015f\u011ful olub. \u015e\u0259hidl\u0259rimizin atas\u0131 M\u0259mm\u0259d V\u0259limand\u0259d\u0259ki\u015fio\u011flu deyir ki, \u0130man m\u0259nfur d\u00fc\u015fm\u0259nl\u0259rimiz\u0259 qar\u015f\u0131 h\u0259r zaman nifr\u0259t hissi&hellip;<\/p>\n","protected":false},"author":2,"featured_media":232801,"comment_status":"closed","ping_status":"closed","sticky":false,"template":"","format":"standard","meta":{"om_disable_all_campaigns":false,"_monsterinsights_skip_tracking":false,"_monsterinsights_sitenote_active":false,"_monsterinsights_sitenote_note":"","_monsterinsights_sitenote_category":0},"categories":[19],"tags":[],"aioseo_notices":[],"gutentor_comment":0,"rttpg_featured_image_url":{"full":["https:\/\/arantv.az\/wp-content\/uploads\/2020\/11\/uu.jpg",620,413,false],"landscape":["https:\/\/arantv.az\/wp-content\/uploads\/2020\/11\/uu.jpg",620,413,false],"portraits":["https:\/\/arantv.az\/wp-content\/uploads\/2020\/11\/uu.jpg",620,413,false],"thumbnail":["https:\/\/arantv.az\/wp-content\/uploads\/2020\/11\/uu-150x150.jpg",150,150,true],"medium":["https:\/\/arantv.az\/wp-content\/uploads\/2020\/11\/uu-300x200.jpg",300,200,true],"large":["https:\/\/arantv.az\/wp-content\/uploads\/2020\/11\/uu.jpg",620,413,false],"1536x1536":["https:\/\/arantv.az\/wp-content\/uploads\/2020\/11\/uu.jpg",620,413,false],"2048x2048":["https:\/\/arantv.az\/wp-content\/uploads\/2020\/11\/uu.jpg",620,413,false],"post-thumbnail":["https:\/\/arantv.az\/wp-content\/uploads\/2020\/11\/uu-240x172.jpg",240,172,true],"advps-thumb-one":["https:\/\/arantv.az\/wp-content\/uploads\/2020\/11\/uu.jpg",620,413,false]},"rttpg_author":{"display_name":"V\u00fcsal Rafiqo\u011flu","author_link":"https:\/\/arantv.az\/?author=2"},"rttpg_comment":0,"rttpg_category":"<a href=\"https:\/\/arantv.az\/?cat=19\" rel=\"category\">G\u00fcnd\u0259m<\/a>","rttpg_excerpt":"Deyirl\u0259r torpaq su il\u0259 qar\u0131\u015fanda pal\u00e7\u0131q olur, qanla qar\u0131\u015fanda V\u0259t\u0259n. O V\u0259t\u0259nin ordusu yenilm\u0259z v\u0259 g\u00fccl\u00fcd\u00fcr ki, onun u\u011frunda h\u0259r an m\u00fcbarizc\u0259sin\u0259 vuru\u015fma\u011fa, \u015f\u0259hid olma\u011fa haz\u0131r o\u011fullar\u0131 var. El\u0259 \u0130manla B\u0259hr\u0259m kimi. Ail\u0259nin iki o\u011flu\u00a0Xank\u0259ndi u\u011frunda ged\u0259n g\u0259rgin d\u00f6y\u00fc\u015fl\u0259r zaman\u0131 \u015f\u0259hid oldular. News24.az\u00a0q\u0259hr\u0259man \u015f\u0259hidl\u0259rimiz haqda s\u00fcjet haz\u0131rlay\u0131b. \u018fsl\u0259n Lerik rayonundan olan \u0130manla B\u0259hr\u0259m qarda\u015flar\u0131 h\u0259l\u0259&hellip;","_links":{"self":[{"href":"https:\/\/arantv.az\/index.php?rest_route=\/wp\/v2\/posts\/232800"}],"collection":[{"href":"https:\/\/arantv.az\/index.php?rest_route=\/wp\/v2\/posts"}],"about":[{"href":"https:\/\/arantv.az\/index.php?rest_route=\/wp\/v2\/types\/post"}],"author":[{"embeddable":true,"href":"https:\/\/arantv.az\/index.php?rest_route=\/wp\/v2\/users\/2"}],"replies":[{"embeddable":true,"href":"https:\/\/arantv.az\/index.php?rest_route=%2Fwp%2Fv2%2Fcomments&post=232800"}],"version-history":[{"count":0,"href":"https:\/\/arantv.az\/index.php?rest_route=\/wp\/v2\/posts\/232800\/revisions"}],"wp:featuredmedia":[{"embeddable":true,"href":"https:\/\/arantv.az\/index.php?rest_route=\/wp\/v2\/media\/232801"}],"wp:attachment":[{"href":"https:\/\/arantv.az\/index.php?rest_route=%2Fwp%2Fv2%2Fmedia&parent=232800"}],"wp:term":[{"taxonomy":"category","embeddable":true,"href":"https:\/\/arantv.az\/index.php?rest_route=%2Fwp%2Fv2%2Fcategories&post=232800"},{"taxonomy":"post_tag","embeddable":true,"href":"https:\/\/arantv.az\/index.php?rest_route=%2Fwp%2Fv2%2Ftags&post=232800"}],"curies":[{"name":"wp","href":"https:\/\/api.w.org\/{rel}","templated":true}]}}