{"id":232808,"date":"2020-11-06T14:56:11","date_gmt":"2020-11-06T11:56:11","guid":{"rendered":"http:\/\/arantv.az\/?p=232808"},"modified":"2020-11-06T14:56:11","modified_gmt":"2020-11-06T11:56:11","slug":"kalasnikovdan-erm%c9%99ni-lobbisin%c9%99-s%c9%99rt-reaksiya-niy%c9%99-ruslar-siz%c9%99-h%c9%99mis%c9%99-borclu-olmalidir-video","status":"publish","type":"post","link":"https:\/\/arantv.az\/?p=232808","title":{"rendered":"Kala\u015fnikovdan erm\u0259ni lobbisin\u0259 s\u0259rt reaksiya: \u201cNiy\u0259 ruslar siz\u0259 h\u0259mi\u015f\u0259 borclu olmal\u0131d\u0131r?!\u201d &#8211; V\u0130DEO"},"content":{"rendered":"<article class=\"news\">\n<div class=\"news-inner\">\n<p>Qaraba\u011f m\u0259s\u0259l\u0259si, erm\u0259ni lobbisinin sifari\u015fl\u0259ri Rusiyan\u0131n federal kanallar\u0131nda qar\u015f\u0131durma yaratma\u011fa ba\u015flay\u0131b.<\/p>\n<p>Siyasi ekspertl\u0259r iki hiss\u0259y\u0259 par\u00e7alan\u0131b: Erm\u0259nistan\u0131n maraqlar\u0131n\u0131 m\u00fcdafi\u0259 ed\u0259nl\u0259r v\u0259 Kremli \u0259sas tutanlar.<\/p>\n<p>\u201cRussia-1\u201dd\u0259 yay\u0131mlanan \u201c60 D\u0259qiq\u0259\u201d verili\u015find\u0259 ya\u015fananlara diqq\u0259t yetir\u0259k.<\/p>\n<p>Rusiyan\u0131n d\u00f6vl\u0259t kanallar\u0131nda erm\u0259ni lobbisi t\u0259r\u0259find\u0259n maliyy\u0259l\u0259\u015fdiril\u0259n tok-\u015foular yerli m\u00fct\u0259x\u0259ssisl\u0259ri narahat etm\u0259y\u0259 ba\u015flay\u0131b.<\/p>\n<p>R\u0259smi Moskvan\u0131n maraqlar\u0131n\u0131 d\u00fc\u015f\u00fcn\u0259n ekspertl\u0259r verili\u015fl\u0259ri t\u0259nqid edir. Bu m\u00fct\u0259x\u0259ssisl\u0259r m\u00fcnaqi\u015f\u0259y\u0259 Rusiyan\u0131 qatmaq ist\u0259y\u0259nl\u0259ri anlam\u0131r.<\/p>\n<p>Rusiya Federasiyas\u0131n\u0131n D\u00f6vl\u0259t Dumas\u0131n\u0131n s\u0259dri Leonid Kala\u015fnikov v\u0259 rusiyal\u0131 jurnalist Olqa Skabeyeva \u201c60 D\u0259qiq\u0259\u201d verili\u015find\u0259 m\u0259s\u0259l\u0259 il\u0259 ba\u011fl\u0131 \u00f6z fikirl\u0259rini bildirib:<\/p>\n<p><strong>Leonid Kala\u015fnikov:\u00a0<\/strong>\u201cNiy\u0259 Rusiya kimins\u0259 ard\u0131nca d\u00fc\u015f\u00fcb onu m\u00fcdafi\u0259 etm\u0259lidir? Erm\u0259ni t\u0259yyar\u0259l\u0259rini vurdu\u011fu iddia edil\u0259n t\u00fcrk t\u0259yyar\u0259sind\u0259n s\u0259s \u00e7\u0131xmad\u0131. Bu muzdlular da ciddi \u201cfake\u201ddir. M\u0259n\u0259 Rusiya maraql\u0131d\u0131r. Rusiyan\u0131 daima bu m\u00fcnaqi\u015f\u0259y\u0259 daxil etm\u0259k ist\u0259yirl\u0259r.<\/p>\n<p>M\u0259n bu t\u0259hl\u00fck\u0259ni ilk g\u00fcnd\u0259n g\u00f6r\u00fcr\u0259m. Bilirsiniz niy\u0259? B\u00fct\u00fcn bizim liberal federal K\u0130V, b\u00fct\u00fcn jurnalistl\u0259r birl\u0259\u015fib Rusiyan\u0131 qatmaq ist\u0259yirl\u0259r. Onlara maraql\u0131 deyil ki, burada he\u00e7 n\u0259 s\u00fcbut olunmay\u0131b. H\u0259l\u0259 o vaxt Antanta, B\u00f6y\u00fck Britaniya Qaraba\u011f\u0131 Az\u0259rbaycan \u0259razisi kimi tan\u0131m\u0131\u015fd\u0131. Rusiyadan \u0259vv\u0259l. Rus m\u0259kt\u0259bl\u0259rini, kanallar\u0131n\u0131 ba\u011flayanlar, niy\u0259 ruslar siz\u0259 h\u0259mi\u015f\u0259 borclu olmal\u0131d\u0131r?\u201d<\/p>\n<p><strong>Olqa Skabeyeva:<\/strong>\u00a0\u201cSizin t\u0259klifiniz?\u201d<\/p>\n<p><strong>Leonid Kala\u015fnikov:<\/strong>\u00a0\u201cM\u0259n siz\u0259 demi\u015f\u0259m. Rusiya, Az\u0259rbaycan v\u0259 Erm\u0259nistan dan\u0131\u015f\u0131qlar masas\u0131na oturmal\u0131d\u0131r. Amma bel\u0259 yox ki, biz sizin arxan\u0131zdan i\u015fl\u0259r g\u00f6r\u0259c\u0259yik, biz\u0259 he\u00e7 kim he\u00e7 n\u0259 etm\u0259y\u0259c\u0259k. Bel\u0259 yox! Onlar\u0131n r\u0259hb\u0259rliyi s\u00fclhm\u0259raml\u0131 ist\u0259yir. Deyib! \u00d6nc\u0259 dedi, laz\u0131m deyil, sonra ist\u0259di\u201d.<\/p>\n<p><strong>Olqa Skabeyeva:\u00a0<\/strong>\u201cXeyr! Bu, TASS informasiya agentliyinin s\u0259hv interpretasiyas\u0131d\u0131r. Sonra Nikol Pa\u015finyan\u0131n d\u0259qiq t\u0259rc\u00fcm\u0259sini d\u0259rc edibl\u0259r. O, \u00e7ox a\u011f\u0131ll\u0131 cavab verib ki, bu sual ba\u015fqa situasiyada ba\u015fqa i\u015ftirak\u00e7\u0131larla Minsk\u00a0qrupu il\u0259 m\u00fczakir\u0259 edilm\u0259lidir. \u201cFake\u201d kim t\u0259r\u0259fd\u0259ndir, siz cavab verm\u0259diniz?\u201d<\/p>\n<p><strong>Leonid Kala\u015fnikov:\u00a0<\/strong>\u201cFake\u201dl\u0259r? Sizin t\u0259r\u0259fd\u0259ndir. \u00d6nc\u0259 siz bu \u201cfake\u201di yayd\u0131n\u0131z, m\u0259n bunu K\u0130V-d\u0259 oxumu\u015fam\u201d.<\/p>\n<p><strong>Olqa Skabeyeva:\u00a0<\/strong>\u201cT\u0259yyar\u0259 bar\u0259sind\u0259 b\u0259s ba\u015f nazir x\u0259b\u0259r verm\u0259mi\u015fdi ki?\u201d<\/p>\n<p><strong>Leonid Kala\u015fnikov:\u00a0<\/strong>\u201cSiz bu x\u0259b\u0259rin yalan oldu\u011funu bu g\u00fcn d\u0259qiql\u0259\u015fdirmisiniz. Amma \u0259vv\u0259l siz bu \u201cfake\u201d x\u0259b\u0259ri m\u00fczakir\u0259 edirdiniz!\u201d<\/p>\n<p>\u201cFake\u201d x\u0259b\u0259rl\u0259rl\u0259 t\u0259xribat yaradan tok-\u015foularda erm\u0259nip\u0259r\u0259stl\u0259ri rusiyal\u0131 h\u0259rbi ekspert \u0130qor Korot\u00e7enko da q\u0131nay\u0131b.<\/p>\n<p>O\u00a0bildirib ki, t\u0259xribat xarakterli \u00e7\u0131x\u0131\u015f ed\u0259nl\u0259r Rusiya Federasiyas\u0131n\u0131n maraqlar\u0131n\u0131 \u0259ks etdirmir:<\/p>\n<p>\u201cD\u0259qiq anlayaq: Rusiya siyasi tok-\u015foular\u0131ndak\u0131 he\u00e7 bir ekspertin \u00e7\u0131x\u0131\u015f\u0131 Kremld\u0259 q\u0259bul olunan siyasi q\u0259rarlara t\u0259sir etmir. Putin siyasi v\u0259 h\u0259rbi q\u0259rarlar\u0131n\u0131 yaln\u0131z Rusiya X\u0130N-in, M\u00fcdafi\u0259 Nazirliyinin, k\u0259\u015ffiyyat\u0131n\u0131n, x\u00fcsusi xidm\u0259t orqanlar\u0131n\u0131n, h\u0259m\u00e7inin, Prezident Administrasiyas\u0131n\u0131n analitik strukturlar\u0131n\u0131n t\u0259qdim etdiyi m\u0259lumat v\u0259 t\u00f6vsiy\u0259l\u0259r \u0259sas\u0131nda q\u0259bul edir.<\/p>\n<p>M\u0259n istisna etmir\u0259m ki, m\u0259nim bir s\u0131ra h\u0259mkarlar\u0131m\u00a0Erm\u0259nistana \u015f\u0259xsi simpatiyalar\u0131ndan \u00e7\u0131x\u0131\u015f edir, bir hiss\u0259si Rusiyadak\u0131 erm\u0259ni lobbisi t\u0259r\u0259find\u0259n \u0259l\u0259 al\u0131n\u0131b, lakin ist\u0259nil\u0259n halda hans\u0131 m\u00f6vqenin s\u0259sl\u0259ndirilm\u0259sind\u0259n as\u0131l\u0131 olmayaraq, Putin q\u0259rarlar\u0131n\u0131 siyasi tok-\u015foular \u0259sas\u0131nda q\u0259bul etmir\u201d.<\/p>\n<p>G\u00f6r\u00fcn\u00fcr, siyasi \u015f\u0259rh\u00e7il\u0259r erm\u0259ni lobbisind\u0259n d\u0259st\u0259k alanlar\u0131 if\u015fa edib, yaxud Moskvan\u0131n Qaraba\u011fdak\u0131 \u0259m\u0259liyyatlarda bit\u0259r\u0259f qalmas\u0131 lobbiy\u0259 xidm\u0259t ed\u0259nl\u0259ri narahat edir. Rusiyada m\u00f6vqel\u0259r milli maraqlar m\u0259cras\u0131na y\u00f6n\u0259lir.<\/p>\n<div><iframe loading=\"lazy\" src=\"https:\/\/player.baku.tv\/embed\/27561\" width=\"560\" height=\"315\" frameborder=\"0\" allowfullscreen=\"allowfullscreen\" data-mce-fragment=\"1\"><\/iframe><\/div>\n<div><iframe loading=\"lazy\" src=\"https:\/\/www.youtube.com\/embed\/K3q7opBYsWI\" width=\"560\" height=\"315\" frameborder=\"0\" allowfullscreen=\"allowfullscreen\" data-mce-fragment=\"1\"><\/iframe><\/div>\n<\/div>\n<\/article>\n","protected":false},"excerpt":{"rendered":"<p>Qaraba\u011f m\u0259s\u0259l\u0259si, erm\u0259ni lobbisinin sifari\u015fl\u0259ri Rusiyan\u0131n federal kanallar\u0131nda qar\u015f\u0131durma yaratma\u011fa ba\u015flay\u0131b. Siyasi ekspertl\u0259r iki hiss\u0259y\u0259 par\u00e7alan\u0131b: Erm\u0259nistan\u0131n maraqlar\u0131n\u0131 m\u00fcdafi\u0259 ed\u0259nl\u0259r v\u0259 Kremli \u0259sas tutanlar. \u201cRussia-1\u201dd\u0259 yay\u0131mlanan \u201c60 D\u0259qiq\u0259\u201d verili\u015find\u0259 ya\u015fananlara diqq\u0259t yetir\u0259k. Rusiyan\u0131n d\u00f6vl\u0259t kanallar\u0131nda erm\u0259ni lobbisi t\u0259r\u0259find\u0259n maliyy\u0259l\u0259\u015fdiril\u0259n tok-\u015foular yerli m\u00fct\u0259x\u0259ssisl\u0259ri narahat etm\u0259y\u0259 ba\u015flay\u0131b. R\u0259smi Moskvan\u0131n maraqlar\u0131n\u0131 d\u00fc\u015f\u00fcn\u0259n ekspertl\u0259r verili\u015fl\u0259ri t\u0259nqid edir. Bu m\u00fct\u0259x\u0259ssisl\u0259r m\u00fcnaqi\u015f\u0259y\u0259 Rusiyan\u0131 qatmaq ist\u0259y\u0259nl\u0259ri anlam\u0131r. Rusiya Federasiyas\u0131n\u0131n D\u00f6vl\u0259t Dumas\u0131n\u0131n s\u0259dri Leonid Kala\u015fnikov v\u0259 rusiyal\u0131 jurnalist Olqa Skabeyeva \u201c60 D\u0259qiq\u0259\u201d verili\u015find\u0259 m\u0259s\u0259l\u0259 il\u0259 ba\u011fl\u0131 \u00f6z fikirl\u0259rini bildirib: Leonid Kala\u015fnikov:\u00a0\u201cNiy\u0259 Rusiya kimins\u0259 ard\u0131nca d\u00fc\u015f\u00fcb onu m\u00fcdafi\u0259 etm\u0259lidir?&hellip;<\/p>\n","protected":false},"author":2,"featured_media":232809,"comment_status":"closed","ping_status":"closed","sticky":false,"template":"","format":"standard","meta":{"om_disable_all_campaigns":false,"_monsterinsights_skip_tracking":false,"_monsterinsights_sitenote_active":false,"_monsterinsights_sitenote_note":"","_monsterinsights_sitenote_category":0},"categories":[7],"tags":[],"aioseo_notices":[],"gutentor_comment":0,"rttpg_featured_image_url":{"full":["https:\/\/arantv.az\/wp-content\/uploads\/2020\/11\/gg.jpg",581,465,false],"landscape":["https:\/\/arantv.az\/wp-content\/uploads\/2020\/11\/gg.jpg",581,465,false],"portraits":["https:\/\/arantv.az\/wp-content\/uploads\/2020\/11\/gg.jpg",581,465,false],"thumbnail":["https:\/\/arantv.az\/wp-content\/uploads\/2020\/11\/gg-150x150.jpg",150,150,true],"medium":["https:\/\/arantv.az\/wp-content\/uploads\/2020\/11\/gg-300x240.jpg",300,240,true],"large":["https:\/\/arantv.az\/wp-content\/uploads\/2020\/11\/gg.jpg",581,465,false],"1536x1536":["https:\/\/arantv.az\/wp-content\/uploads\/2020\/11\/gg.jpg",581,465,false],"2048x2048":["https:\/\/arantv.az\/wp-content\/uploads\/2020\/11\/gg.jpg",581,465,false],"post-thumbnail":["https:\/\/arantv.az\/wp-content\/uploads\/2020\/11\/gg-240x172.jpg",240,172,true],"advps-thumb-one":["https:\/\/arantv.az\/wp-content\/uploads\/2020\/11\/gg.jpg",581,465,false]},"rttpg_author":{"display_name":"V\u00fcsal Rafiqo\u011flu","author_link":"https:\/\/arantv.az\/?author=2"},"rttpg_comment":0,"rttpg_category":"<a href=\"https:\/\/arantv.az\/?cat=7\" rel=\"category\">D\u00fcnya<\/a>","rttpg_excerpt":"Qaraba\u011f m\u0259s\u0259l\u0259si, erm\u0259ni lobbisinin sifari\u015fl\u0259ri Rusiyan\u0131n federal kanallar\u0131nda qar\u015f\u0131durma yaratma\u011fa ba\u015flay\u0131b. Siyasi ekspertl\u0259r iki hiss\u0259y\u0259 par\u00e7alan\u0131b: Erm\u0259nistan\u0131n maraqlar\u0131n\u0131 m\u00fcdafi\u0259 ed\u0259nl\u0259r v\u0259 Kremli \u0259sas tutanlar. \u201cRussia-1\u201dd\u0259 yay\u0131mlanan \u201c60 D\u0259qiq\u0259\u201d verili\u015find\u0259 ya\u015fananlara diqq\u0259t yetir\u0259k. Rusiyan\u0131n d\u00f6vl\u0259t kanallar\u0131nda erm\u0259ni lobbisi t\u0259r\u0259find\u0259n maliyy\u0259l\u0259\u015fdiril\u0259n tok-\u015foular yerli m\u00fct\u0259x\u0259ssisl\u0259ri narahat etm\u0259y\u0259 ba\u015flay\u0131b. R\u0259smi Moskvan\u0131n maraqlar\u0131n\u0131 d\u00fc\u015f\u00fcn\u0259n ekspertl\u0259r verili\u015fl\u0259ri t\u0259nqid edir. Bu m\u00fct\u0259x\u0259ssisl\u0259r&hellip;","_links":{"self":[{"href":"https:\/\/arantv.az\/index.php?rest_route=\/wp\/v2\/posts\/232808"}],"collection":[{"href":"https:\/\/arantv.az\/index.php?rest_route=\/wp\/v2\/posts"}],"about":[{"href":"https:\/\/arantv.az\/index.php?rest_route=\/wp\/v2\/types\/post"}],"author":[{"embeddable":true,"href":"https:\/\/arantv.az\/index.php?rest_route=\/wp\/v2\/users\/2"}],"replies":[{"embeddable":true,"href":"https:\/\/arantv.az\/index.php?rest_route=%2Fwp%2Fv2%2Fcomments&post=232808"}],"version-history":[{"count":0,"href":"https:\/\/arantv.az\/index.php?rest_route=\/wp\/v2\/posts\/232808\/revisions"}],"wp:featuredmedia":[{"embeddable":true,"href":"https:\/\/arantv.az\/index.php?rest_route=\/wp\/v2\/media\/232809"}],"wp:attachment":[{"href":"https:\/\/arantv.az\/index.php?rest_route=%2Fwp%2Fv2%2Fmedia&parent=232808"}],"wp:term":[{"taxonomy":"category","embeddable":true,"href":"https:\/\/arantv.az\/index.php?rest_route=%2Fwp%2Fv2%2Fcategories&post=232808"},{"taxonomy":"post_tag","embeddable":true,"href":"https:\/\/arantv.az\/index.php?rest_route=%2Fwp%2Fv2%2Ftags&post=232808"}],"curies":[{"name":"wp","href":"https:\/\/api.w.org\/{rel}","templated":true}]}}