{"id":233014,"date":"2020-11-07T13:28:25","date_gmt":"2020-11-07T10:28:25","guid":{"rendered":"http:\/\/arantv.az\/?p=233014"},"modified":"2020-11-07T13:28:25","modified_gmt":"2020-11-07T10:28:25","slug":"milli-m%c9%99clisd%c9%99n-b%c9%99yanat-b%c9%99hruz-m%c9%99h%c9%99rr%c9%99movun-iranla-bagli-fikirl%c9%99ri-s%c9%99xsi-xarakterlidir","status":"publish","type":"post","link":"https:\/\/arantv.az\/?p=233014","title":{"rendered":"Milli M\u0259clisd\u0259n b\u0259yanat: \u201cB\u0259hruz M\u0259h\u0259rr\u0259movun \u0130ranla ba\u011fl\u0131 fikirl\u0259ri \u015f\u0259xsi xarakterlidir\u201d"},"content":{"rendered":"<p>Az\u0259rbaycan Respublikas\u0131 Milli M\u0259clisinin H\u00fcquq siyas\u0259ti v\u0259 d\u00f6vl\u0259t quruculu\u011fu komit\u0259si b\u0259yanat yay\u0131b.<\/p>\n<p>Az\u0259rbaycan Respublikas\u0131 Milli M\u0259clisi S\u0259drinin birinci m\u00fcavini, H\u00fcquq siyas\u0259ti v\u0259 d\u00f6vl\u0259t quruculu\u011fu komit\u0259sinin s\u0259dri \u018fli H\u00fcseynlinin ad\u0131ndan yay\u0131lan b\u0259yanatda\u00a0deyilir:<\/p>\n<p>\u201cAz\u0259rbaycan Respublikas\u0131 il\u0259 \u0130ran \u0130slam Respublikas\u0131 aras\u0131nda m\u00fcnasib\u0259tl\u0259r dostluq v\u0259 mehriban qon\u015fuluq xarakteri da\u015f\u0131y\u0131r. Az\u0259rbaycan Respublikas\u0131n\u0131n Prezidenti c\u0259nab \u0130lham \u018fliyevin v\u0259 \u0130ran \u0130slam Respublikas\u0131n\u0131n Prezidenti c\u0259nab H\u0259s\u0259n Ruhaninin qar\u015f\u0131l\u0131ql\u0131 s\u0259f\u0259rl\u0259ri, \u00e7oxsayl\u0131 g\u00f6r\u00fc\u015fl\u0259ri, \u00f6lk\u0259l\u0259rimiz aras\u0131nda imzalanm\u0131\u015f v\u0259 h\u0259yata ke\u00e7irilm\u0259kd\u0259 olan ikit\u0259r\u0259fli s\u0259n\u0259dl\u0259r bu m\u00fcnasib\u0259tl\u0259rin inki\u015faf\u0131nda m\u00fch\u00fcm rol oynayir. Eyni zamanda, iki \u00f6lk\u0259nin parlamentl\u0259ri aras\u0131nda da dostluq v\u0259 \u0259m\u0259kda\u015fl\u0131q m\u00fcnasib\u0259tl\u0259ri m\u00f6vcuddur.<\/p>\n<div id=\"AdviadNativeVideo0\" class=\"AdviadNativeVideo\"><\/div>\n<p>Biz Qaraba\u011f\u0131n i\u015f\u011faldan azad olunmas\u0131 \u00fc\u00e7\u00fcn apar\u0131lan \u0259ks-h\u00fccum \u0259m\u0259liyyatlar\u0131 d\u00f6vr\u00fcnd\u0259 \u0130ran \u0130slam Respublikas\u0131n\u0131n Ali r\u0259hb\u0259ri c\u0259nab \u018fli Xameneyinin v\u0259 \u0130ran r\u0259smil\u0259rinin Erm\u0259nistan t\u0259r\u0259find\u0259n i\u015f\u011fal olunmu\u015f Az\u0259rbaycan \u0259razil\u0259rinin i\u015f\u011faldan azad edilm\u0259si, h\u0259m\u00e7inin, \u0130ran\u0131n Az\u0259rbaycan\u0131n \u0259razi b\u00fct\u00f6vl\u00fcy\u00fcn\u00fc d\u0259st\u0259kl\u0259m\u0259si il\u0259 ba\u011fl\u0131 fikir v\u0259 b\u0259yanatlar\u0131n\u0131 y\u00fcks\u0259k qiym\u0259tl\u0259ndiririk.<\/p>\n<p>Bununla \u0259laq\u0259dar olaraq, Az\u0259rbaycan Respublikas\u0131 Milli M\u0259clisinin 2020-ci il 6 noyabr tarixli iclas\u0131nda Milli M\u0259clisin H\u00fcquq siyas\u0259ti v\u0259 d\u00f6vl\u0259t quruculu\u011fu komit\u0259sinin \u00fczv\u00fc B\u0259hruz M\u0259h\u0259rr\u0259movun \u0130ran v\u0259 \u0130ran\u0131n Ali r\u0259hb\u0259ri haqq\u0131nda s\u00f6yl\u0259diyi fikirl\u0259ri q\u0259tiyy\u0259tl\u0259 pisl\u0259yir v\u0259 bunlar\u0131n yaln\u0131z onun \u015f\u0259xsi fikirl\u0259ri oldu\u011funu vur\u011fulay\u0131r\u0131q.<\/p>\n<p>B\u0259yan edirik ki, Az\u0259rbaycan Respublikas\u0131n\u0131n yax\u0131n s\u0259mimi m\u00fcnasib\u0259tl\u0259r saxlad\u0131\u011f\u0131 qon\u015fu v\u0259 dost \u00f6lk\u0259 v\u0259 onun r\u0259hb\u0259ri bar\u0259sind\u0259 bu c\u00fcr fikirl\u0259r tamamil\u0259 q\u0259buledilm\u0259zdir. He\u00e7 k\u0259s xalqlar\u0131m\u0131z v\u0259 d\u00f6vl\u0259tl\u0259rimiz aras\u0131nda dostluq m\u00fcnasib\u0259tl\u0259rin\u0259 x\u0259l\u0259l g\u0259tir\u0259 bilm\u0259z\u201d.<\/p>\n","protected":false},"excerpt":{"rendered":"<p>Az\u0259rbaycan Respublikas\u0131 Milli M\u0259clisinin H\u00fcquq siyas\u0259ti v\u0259 d\u00f6vl\u0259t quruculu\u011fu komit\u0259si b\u0259yanat yay\u0131b. Az\u0259rbaycan Respublikas\u0131 Milli M\u0259clisi S\u0259drinin birinci m\u00fcavini, H\u00fcquq siyas\u0259ti v\u0259 d\u00f6vl\u0259t quruculu\u011fu komit\u0259sinin s\u0259dri \u018fli H\u00fcseynlinin ad\u0131ndan yay\u0131lan b\u0259yanatda\u00a0deyilir: \u201cAz\u0259rbaycan Respublikas\u0131 il\u0259 \u0130ran \u0130slam Respublikas\u0131 aras\u0131nda m\u00fcnasib\u0259tl\u0259r dostluq v\u0259 mehriban qon\u015fuluq xarakteri da\u015f\u0131y\u0131r. Az\u0259rbaycan Respublikas\u0131n\u0131n Prezidenti c\u0259nab \u0130lham \u018fliyevin v\u0259 \u0130ran \u0130slam Respublikas\u0131n\u0131n Prezidenti c\u0259nab H\u0259s\u0259n Ruhaninin qar\u015f\u0131l\u0131ql\u0131 s\u0259f\u0259rl\u0259ri, \u00e7oxsayl\u0131 g\u00f6r\u00fc\u015fl\u0259ri, \u00f6lk\u0259l\u0259rimiz aras\u0131nda imzalanm\u0131\u015f v\u0259 h\u0259yata ke\u00e7irilm\u0259kd\u0259 olan ikit\u0259r\u0259fli s\u0259n\u0259dl\u0259r bu m\u00fcnasib\u0259tl\u0259rin inki\u015faf\u0131nda m\u00fch\u00fcm rol oynayir. Eyni zamanda, iki \u00f6lk\u0259nin parlamentl\u0259ri aras\u0131nda da dostluq v\u0259 \u0259m\u0259kda\u015fl\u0131q m\u00fcnasib\u0259tl\u0259ri m\u00f6vcuddur.&hellip;<\/p>\n","protected":false},"author":2,"featured_media":233015,"comment_status":"closed","ping_status":"closed","sticky":false,"template":"","format":"standard","meta":{"om_disable_all_campaigns":false,"_monsterinsights_skip_tracking":false,"_monsterinsights_sitenote_active":false,"_monsterinsights_sitenote_note":"","_monsterinsights_sitenote_category":0},"categories":[19],"tags":[],"aioseo_notices":[],"gutentor_comment":0,"rttpg_featured_image_url":{"full":["https:\/\/arantv.az\/wp-content\/uploads\/2020\/11\/409986065.jpg",620,335,false],"landscape":["https:\/\/arantv.az\/wp-content\/uploads\/2020\/11\/409986065.jpg",620,335,false],"portraits":["https:\/\/arantv.az\/wp-content\/uploads\/2020\/11\/409986065.jpg",620,335,false],"thumbnail":["https:\/\/arantv.az\/wp-content\/uploads\/2020\/11\/409986065-150x150.jpg",150,150,true],"medium":["https:\/\/arantv.az\/wp-content\/uploads\/2020\/11\/409986065-300x162.jpg",300,162,true],"large":["https:\/\/arantv.az\/wp-content\/uploads\/2020\/11\/409986065.jpg",620,335,false],"1536x1536":["https:\/\/arantv.az\/wp-content\/uploads\/2020\/11\/409986065.jpg",620,335,false],"2048x2048":["https:\/\/arantv.az\/wp-content\/uploads\/2020\/11\/409986065.jpg",620,335,false],"post-thumbnail":["https:\/\/arantv.az\/wp-content\/uploads\/2020\/11\/409986065-240x172.jpg",240,172,true],"advps-thumb-one":["https:\/\/arantv.az\/wp-content\/uploads\/2020\/11\/409986065.jpg",620,335,false]},"rttpg_author":{"display_name":"V\u00fcsal Rafiqo\u011flu","author_link":"https:\/\/arantv.az\/?author=2"},"rttpg_comment":0,"rttpg_category":"<a href=\"https:\/\/arantv.az\/?cat=19\" rel=\"category\">G\u00fcnd\u0259m<\/a>","rttpg_excerpt":"Az\u0259rbaycan Respublikas\u0131 Milli M\u0259clisinin H\u00fcquq siyas\u0259ti v\u0259 d\u00f6vl\u0259t quruculu\u011fu komit\u0259si b\u0259yanat yay\u0131b. Az\u0259rbaycan Respublikas\u0131 Milli M\u0259clisi S\u0259drinin birinci m\u00fcavini, H\u00fcquq siyas\u0259ti v\u0259 d\u00f6vl\u0259t quruculu\u011fu komit\u0259sinin s\u0259dri \u018fli H\u00fcseynlinin ad\u0131ndan yay\u0131lan b\u0259yanatda\u00a0deyilir: \u201cAz\u0259rbaycan Respublikas\u0131 il\u0259 \u0130ran \u0130slam Respublikas\u0131 aras\u0131nda m\u00fcnasib\u0259tl\u0259r dostluq v\u0259 mehriban qon\u015fuluq xarakteri da\u015f\u0131y\u0131r. Az\u0259rbaycan Respublikas\u0131n\u0131n Prezidenti c\u0259nab \u0130lham \u018fliyevin v\u0259 \u0130ran \u0130slam Respublikas\u0131n\u0131n&hellip;","_links":{"self":[{"href":"https:\/\/arantv.az\/index.php?rest_route=\/wp\/v2\/posts\/233014"}],"collection":[{"href":"https:\/\/arantv.az\/index.php?rest_route=\/wp\/v2\/posts"}],"about":[{"href":"https:\/\/arantv.az\/index.php?rest_route=\/wp\/v2\/types\/post"}],"author":[{"embeddable":true,"href":"https:\/\/arantv.az\/index.php?rest_route=\/wp\/v2\/users\/2"}],"replies":[{"embeddable":true,"href":"https:\/\/arantv.az\/index.php?rest_route=%2Fwp%2Fv2%2Fcomments&post=233014"}],"version-history":[{"count":0,"href":"https:\/\/arantv.az\/index.php?rest_route=\/wp\/v2\/posts\/233014\/revisions"}],"wp:featuredmedia":[{"embeddable":true,"href":"https:\/\/arantv.az\/index.php?rest_route=\/wp\/v2\/media\/233015"}],"wp:attachment":[{"href":"https:\/\/arantv.az\/index.php?rest_route=%2Fwp%2Fv2%2Fmedia&parent=233014"}],"wp:term":[{"taxonomy":"category","embeddable":true,"href":"https:\/\/arantv.az\/index.php?rest_route=%2Fwp%2Fv2%2Fcategories&post=233014"},{"taxonomy":"post_tag","embeddable":true,"href":"https:\/\/arantv.az\/index.php?rest_route=%2Fwp%2Fv2%2Ftags&post=233014"}],"curies":[{"name":"wp","href":"https:\/\/api.w.org\/{rel}","templated":true}]}}