{"id":233034,"date":"2020-11-07T13:41:09","date_gmt":"2020-11-07T10:41:09","guid":{"rendered":"http:\/\/arantv.az\/?p=233034"},"modified":"2020-11-07T13:41:09","modified_gmt":"2020-11-07T10:41:09","slug":"erm%c9%99nil%c9%99r-italiyadaki-s%c9%99firimizi-t%c9%99hdid-edir","status":"publish","type":"post","link":"https:\/\/arantv.az\/?p=233034","title":{"rendered":"Erm\u0259nil\u0259r \u0130taliyadak\u0131 s\u0259firimizi t\u0259hdid edir"},"content":{"rendered":"<p><strong>Az\u0259rbaycan\u0131n \u0130taliyadak\u0131 s\u0259firi M\u0259mm\u0259d \u018fhm\u0259dzad\u0259 erm\u0259nil\u0259r\u0259 aid oldu\u011fu bilin\u0259n tvitter s\u0259hif\u0259sind\u0259n davaml\u0131 t\u0259hdid mesajlar\u0131 al\u0131r.\u00a0<\/strong><\/p>\n<p>ARANTV.AZ &#8220;Qaqazinfo&#8221;ya istinad\u0259n x\u0259b\u0259r verir ki, o, bu bar\u0259d\u0259 sosial \u015f\u0259b\u0259k\u0259d\u0259 m\u0259lumat verib. S\u0259fir tvit ataraq bildirib ki, &#8220;L&#8217;Italiano in Armenia&#8221; onun \u00fcnvan\u0131na m\u00fct\u0259madi t\u0259hdid mesajlar\u0131 payla\u015f\u0131r. S\u0259firin payla\u015fd\u0131\u011f\u0131 \u015f\u0259kild\u0259 s\u00f6z\u00fcged\u0259n s\u0259hif\u0259 &#8220;Az\u0259rbaycan\u0131n \u0130taliyadak\u0131 s\u0259firi \u00fc\u00e7\u00fcn dua edin&#8221; ifad\u0259si d\u0259 yer al\u0131b.<\/p>\n<p>&#8220;Erm\u0259ni saxtakarlar m\u0259n\u0259 qar\u015f\u0131 bir ba\u015fa h\u00fccumlara v\u0259 t\u0259hdidl\u0259r\u0259 ke\u00e7ir. Xocal\u0131 soyq\u0131r\u0131m\u0131n\u0131 t\u00f6r\u0259d\u0259nl\u0259rd\u0259n ba\u015fqa bir \u015fey g\u00f6zl\u0259y\u0259 bilm\u0259zdim&#8221;, dey\u0259 diplomat vur\u011fulay\u0131b.<\/p>\n<p>\u0130taliyal\u0131 siyas\u0259t\u00e7i, Avropa Parlamentinin Deputat\u0131 Aldo Patri\u00e7ielli bununla ba\u011fl\u0131 s\u0259fir\u0259 d\u0259st\u0259k mahiyy\u0259tli payla\u015f\u0131m edib v\u0259 onunla h\u0259mr\u0259y oldu\u011funu qeyd edib: &#8220;Bu saatlarda t\u0259hdidl\u0259r\u0259 v\u0259 m\u0259nas\u0131z h\u00fccumlara m\u0259ruz qalan s\u0259fir M\u0259mm\u0259d \u018fhm\u0259dzad\u0259 il\u0259 tam h\u0259mr\u0259yik. Siyasi m\u00fcbahis\u0259l\u0259r he\u00e7 vaxt qar\u015f\u0131l\u0131ql\u0131 h\u00f6rm\u0259t h\u00fcdudlar\u0131ndan k\u0259nara \u00e7\u0131xa bilm\u0259z&#8221;.<\/p>\n","protected":false},"excerpt":{"rendered":"<p>Az\u0259rbaycan\u0131n \u0130taliyadak\u0131 s\u0259firi M\u0259mm\u0259d \u018fhm\u0259dzad\u0259 erm\u0259nil\u0259r\u0259 aid oldu\u011fu bilin\u0259n tvitter s\u0259hif\u0259sind\u0259n davaml\u0131 t\u0259hdid mesajlar\u0131 al\u0131r.\u00a0 ARANTV.AZ &#8220;Qaqazinfo&#8221;ya istinad\u0259n x\u0259b\u0259r verir ki, o, bu bar\u0259d\u0259 sosial \u015f\u0259b\u0259k\u0259d\u0259 m\u0259lumat verib. S\u0259fir tvit ataraq bildirib ki, &#8220;L&#8217;Italiano in Armenia&#8221; onun \u00fcnvan\u0131na m\u00fct\u0259madi t\u0259hdid mesajlar\u0131 payla\u015f\u0131r. S\u0259firin payla\u015fd\u0131\u011f\u0131 \u015f\u0259kild\u0259 s\u00f6z\u00fcged\u0259n s\u0259hif\u0259 &#8220;Az\u0259rbaycan\u0131n \u0130taliyadak\u0131 s\u0259firi \u00fc\u00e7\u00fcn dua edin&#8221; ifad\u0259si d\u0259 yer al\u0131b. &#8220;Erm\u0259ni saxtakarlar m\u0259n\u0259 qar\u015f\u0131 bir ba\u015fa h\u00fccumlara v\u0259 t\u0259hdidl\u0259r\u0259 ke\u00e7ir. Xocal\u0131 soyq\u0131r\u0131m\u0131n\u0131 t\u00f6r\u0259d\u0259nl\u0259rd\u0259n ba\u015fqa bir \u015fey g\u00f6zl\u0259y\u0259 bilm\u0259zdim&#8221;, dey\u0259 diplomat vur\u011fulay\u0131b. \u0130taliyal\u0131 siyas\u0259t\u00e7i, Avropa Parlamentinin Deputat\u0131 Aldo Patri\u00e7ielli bununla ba\u011fl\u0131 s\u0259fir\u0259 d\u0259st\u0259k mahiyy\u0259tli&hellip;<\/p>\n","protected":false},"author":2,"featured_media":233035,"comment_status":"closed","ping_status":"closed","sticky":false,"template":"","format":"standard","meta":{"om_disable_all_campaigns":false,"_monsterinsights_skip_tracking":false,"_monsterinsights_sitenote_active":false,"_monsterinsights_sitenote_note":"","_monsterinsights_sitenote_category":0},"categories":[19],"tags":[],"aioseo_notices":[],"gutentor_comment":0,"rttpg_featured_image_url":{"full":["https:\/\/arantv.az\/wp-content\/uploads\/2020\/11\/895514.jpg",637,400,false],"landscape":["https:\/\/arantv.az\/wp-content\/uploads\/2020\/11\/895514.jpg",637,400,false],"portraits":["https:\/\/arantv.az\/wp-content\/uploads\/2020\/11\/895514.jpg",637,400,false],"thumbnail":["https:\/\/arantv.az\/wp-content\/uploads\/2020\/11\/895514-150x150.jpg",150,150,true],"medium":["https:\/\/arantv.az\/wp-content\/uploads\/2020\/11\/895514-300x188.jpg",300,188,true],"large":["https:\/\/arantv.az\/wp-content\/uploads\/2020\/11\/895514.jpg",637,400,false],"1536x1536":["https:\/\/arantv.az\/wp-content\/uploads\/2020\/11\/895514.jpg",637,400,false],"2048x2048":["https:\/\/arantv.az\/wp-content\/uploads\/2020\/11\/895514.jpg",637,400,false],"post-thumbnail":["https:\/\/arantv.az\/wp-content\/uploads\/2020\/11\/895514-240x172.jpg",240,172,true],"advps-thumb-one":["https:\/\/arantv.az\/wp-content\/uploads\/2020\/11\/895514.jpg",637,400,false]},"rttpg_author":{"display_name":"V\u00fcsal Rafiqo\u011flu","author_link":"https:\/\/arantv.az\/?author=2"},"rttpg_comment":0,"rttpg_category":"<a href=\"https:\/\/arantv.az\/?cat=19\" rel=\"category\">G\u00fcnd\u0259m<\/a>","rttpg_excerpt":"Az\u0259rbaycan\u0131n \u0130taliyadak\u0131 s\u0259firi M\u0259mm\u0259d \u018fhm\u0259dzad\u0259 erm\u0259nil\u0259r\u0259 aid oldu\u011fu bilin\u0259n tvitter s\u0259hif\u0259sind\u0259n davaml\u0131 t\u0259hdid mesajlar\u0131 al\u0131r.\u00a0 ARANTV.AZ &#8220;Qaqazinfo&#8221;ya istinad\u0259n x\u0259b\u0259r verir ki, o, bu bar\u0259d\u0259 sosial \u015f\u0259b\u0259k\u0259d\u0259 m\u0259lumat verib. S\u0259fir tvit ataraq bildirib ki, &#8220;L&#8217;Italiano in Armenia&#8221; onun \u00fcnvan\u0131na m\u00fct\u0259madi t\u0259hdid mesajlar\u0131 payla\u015f\u0131r. S\u0259firin payla\u015fd\u0131\u011f\u0131 \u015f\u0259kild\u0259 s\u00f6z\u00fcged\u0259n s\u0259hif\u0259 &#8220;Az\u0259rbaycan\u0131n \u0130taliyadak\u0131 s\u0259firi \u00fc\u00e7\u00fcn dua edin&#8221; ifad\u0259si d\u0259&hellip;","_links":{"self":[{"href":"https:\/\/arantv.az\/index.php?rest_route=\/wp\/v2\/posts\/233034"}],"collection":[{"href":"https:\/\/arantv.az\/index.php?rest_route=\/wp\/v2\/posts"}],"about":[{"href":"https:\/\/arantv.az\/index.php?rest_route=\/wp\/v2\/types\/post"}],"author":[{"embeddable":true,"href":"https:\/\/arantv.az\/index.php?rest_route=\/wp\/v2\/users\/2"}],"replies":[{"embeddable":true,"href":"https:\/\/arantv.az\/index.php?rest_route=%2Fwp%2Fv2%2Fcomments&post=233034"}],"version-history":[{"count":0,"href":"https:\/\/arantv.az\/index.php?rest_route=\/wp\/v2\/posts\/233034\/revisions"}],"wp:featuredmedia":[{"embeddable":true,"href":"https:\/\/arantv.az\/index.php?rest_route=\/wp\/v2\/media\/233035"}],"wp:attachment":[{"href":"https:\/\/arantv.az\/index.php?rest_route=%2Fwp%2Fv2%2Fmedia&parent=233034"}],"wp:term":[{"taxonomy":"category","embeddable":true,"href":"https:\/\/arantv.az\/index.php?rest_route=%2Fwp%2Fv2%2Fcategories&post=233034"},{"taxonomy":"post_tag","embeddable":true,"href":"https:\/\/arantv.az\/index.php?rest_route=%2Fwp%2Fv2%2Ftags&post=233034"}],"curies":[{"name":"wp","href":"https:\/\/api.w.org\/{rel}","templated":true}]}}