{"id":233098,"date":"2020-11-07T17:17:42","date_gmt":"2020-11-07T14:17:42","guid":{"rendered":"http:\/\/arantv.az\/?p=233098"},"modified":"2020-11-07T17:17:42","modified_gmt":"2020-11-07T14:17:42","slug":"xin-d%c9%99n-b%c9%99rd%c9%99d%c9%99-erm%c9%99ni-t%c9%99xribati-n%c9%99tic%c9%99sind%c9%99-yeniyetm%c9%99nin-h%c9%99lak-olmasi-il%c9%99-bagli-aciqlama","status":"publish","type":"post","link":"https:\/\/arantv.az\/?p=233098","title":{"rendered":"X\u0130N-d\u0259n B\u0259rd\u0259d\u0259 erm\u0259ni t\u0259xribat\u0131 n\u0259tic\u0259sind\u0259 yeniyetm\u0259nin h\u0259lak olmas\u0131 il\u0259 ba\u011fl\u0131 A\u00c7IQLAMA"},"content":{"rendered":"<p>bu g\u00fcn Az\u0259rbaycan\u0131n c\u0259bh\u0259 zonas\u0131ndan k\u0259narda yerl\u0259\u015f\u0259n B\u0259rd\u0259 rayonunun k\u0259ndl\u0259ri Erm\u0259nistan silahl\u0131 qu\u0308vv\u0259l\u0259ri t\u0259r\u0259find\u0259n intensiv \u015f\u0259kild\u0259 raket v\u0259 a\u011f\u0131r artilleriya at\u0259\u015fin\u0259 tutulub.<\/p>\n<p>M\u00f6vcud humanitar at\u0259\u015fk\u0259si kobud \u015f\u0259kild\u0259 pozan Erm\u0259nistan Az\u0259rbaycanl\u0131 dinc \u0259halini h\u0259d\u0259f\u0259 almaqla, beyn\u0259lxalq humanitar h\u00fcququ v\u0259 \u00f6z \u00f6hd\u0259likl\u0259rini he\u00e7\u0259 sayaraq cinay\u0259t \u0259m\u0259ll\u0259rini davam etdirir.<\/p>\n<p>Bu bar\u0259d\u0259 Xarici i\u015fl\u0259r Nazirliyi m\u0259lumat yay\u0131b.<\/p>\n<p>Bildirilib ki, bu g\u00fcn B\u0259rd\u0259 rayonunun Yeni \u018fyric\u0259 k\u0259ndind\u0259 f\u0259rdi yas\u0327ay\u0131s\u0327 evin\u0259 m\u0259rmi du\u0308s\u0327m\u0259si n\u0259tic\u0259sind\u0259 bir m\u00fclki \u015f\u0259xs, 16 ya\u015fl\u0131 yeniyetm\u0259 h\u0259lak olub, bel\u0259likl\u0259 d\u0259 27 sentyabr tarixind\u0259n etibar\u0259n Erm\u0259nistan\u0131n Az\u0259rbaycana qar\u015f\u0131 ba\u015flatd\u0131\u011f\u0131 yeni t\u0259cav\u00fcz\u00fc n\u0259tic\u0259sind\u0259 h\u0259lak olan Ax\u0259rbaycanl\u0131 m\u00fclki \u015f\u0259xsl\u0259rin say\u0131 93-\u0259 \u00e7at\u0131b.<\/p>\n<p>Erm\u0259nistan\u0131n beyn\u0259lxalq h\u00fcququn norma v\u0259 prinsipl\u0259rin\u0259 zidd olaraq v\u0259 beyn\u0259lxalq vasit\u0259\u00e7il\u0259rin davaml\u0131 s\u0259yl\u0259rin\u0259 h\u00f6rm\u0259tsizlik n\u00fcmayi\u015f etdir\u0259r\u0259k t\u0259cav\u00fcz siyas\u0259tini davam etdirm\u0259sini v\u0259 dinc insanlar\u0131 at\u0259\u015f\u0259 tutmas\u0131n\u0131 \u015fidd\u0259tl\u0259 q\u0131nay\u0131r\u0131q. Erm\u0259nistandan beyn\u0259lxalq ictimaiyy\u0259tin, o c\u00fcml\u0259d\u0259n, BMT T\u015e-nin q\u0259tnam\u0259l\u0259rinin t\u0259l\u0259bl\u0259rin\u0259 uy\u011fun olaraq, silahl\u0131 q\u00fcvv\u0259l\u0259rinin Az\u0259rbaycan\u0131n h\u0259l\u0259 d\u0259 i\u015f\u011fal alt\u0131nda olan \u0259razil\u0259rind\u0259n d\u0259rhal v\u0259 qeyd-\u015f\u0259rtsiz \u00e7\u0131xarmas\u0131nl t\u0259l\u0259b edirik. B\u00f6lg\u0259d\u0259 dayan\u0131ql\u0131 s\u00fclh t\u0259min olunmas\u0131 \u00fc\u00e7\u00fcn vacib \u015f\u0259rt i\u015f\u011fal fakt\u0131n\u0131n aradan qald\u0131r\u0131lmas\u0131 v\u0259 m\u0259cburi k\u00f6\u00e7k\u00fcnl\u0259rin \u00f6z evl\u0259rin\u0259 geri qay\u0131tmas\u0131ndan ibar\u0259tdir.<\/p>\n","protected":false},"excerpt":{"rendered":"<p>bu g\u00fcn Az\u0259rbaycan\u0131n c\u0259bh\u0259 zonas\u0131ndan k\u0259narda yerl\u0259\u015f\u0259n B\u0259rd\u0259 rayonunun k\u0259ndl\u0259ri Erm\u0259nistan silahl\u0131 qu\u0308vv\u0259l\u0259ri t\u0259r\u0259find\u0259n intensiv \u015f\u0259kild\u0259 raket v\u0259 a\u011f\u0131r artilleriya at\u0259\u015fin\u0259 tutulub. M\u00f6vcud humanitar at\u0259\u015fk\u0259si kobud \u015f\u0259kild\u0259 pozan Erm\u0259nistan Az\u0259rbaycanl\u0131 dinc \u0259halini h\u0259d\u0259f\u0259 almaqla, beyn\u0259lxalq humanitar h\u00fcququ v\u0259 \u00f6z \u00f6hd\u0259likl\u0259rini he\u00e7\u0259 sayaraq cinay\u0259t \u0259m\u0259ll\u0259rini davam etdirir. Bu bar\u0259d\u0259 Xarici i\u015fl\u0259r Nazirliyi m\u0259lumat yay\u0131b. Bildirilib ki, bu g\u00fcn B\u0259rd\u0259 rayonunun Yeni \u018fyric\u0259 k\u0259ndind\u0259 f\u0259rdi yas\u0327ay\u0131s\u0327 evin\u0259 m\u0259rmi du\u0308s\u0327m\u0259si n\u0259tic\u0259sind\u0259 bir m\u00fclki \u015f\u0259xs, 16 ya\u015fl\u0131 yeniyetm\u0259 h\u0259lak olub, bel\u0259likl\u0259 d\u0259 27 sentyabr tarixind\u0259n etibar\u0259n Erm\u0259nistan\u0131n Az\u0259rbaycana qar\u015f\u0131 ba\u015flatd\u0131\u011f\u0131 yeni t\u0259cav\u00fcz\u00fc n\u0259tic\u0259sind\u0259 h\u0259lak&hellip;<\/p>\n","protected":false},"author":2,"featured_media":233099,"comment_status":"closed","ping_status":"closed","sticky":false,"template":"","format":"standard","meta":{"om_disable_all_campaigns":false,"_monsterinsights_skip_tracking":false,"_monsterinsights_sitenote_active":false,"_monsterinsights_sitenote_note":"","_monsterinsights_sitenote_category":0},"categories":[19],"tags":[],"aioseo_notices":[],"gutentor_comment":0,"rttpg_featured_image_url":{"full":["https:\/\/arantv.az\/wp-content\/uploads\/2020\/11\/b\u00c9_rd\u00c9_.jpg",590,443,false],"landscape":["https:\/\/arantv.az\/wp-content\/uploads\/2020\/11\/b\u00c9_rd\u00c9_.jpg",590,443,false],"portraits":["https:\/\/arantv.az\/wp-content\/uploads\/2020\/11\/b\u00c9_rd\u00c9_.jpg",590,443,false],"thumbnail":["https:\/\/arantv.az\/wp-content\/uploads\/2020\/11\/b\u00c9_rd\u00c9_-150x150.jpg",150,150,true],"medium":["https:\/\/arantv.az\/wp-content\/uploads\/2020\/11\/b\u00c9_rd\u00c9_-300x225.jpg",300,225,true],"large":["https:\/\/arantv.az\/wp-content\/uploads\/2020\/11\/b\u00c9_rd\u00c9_.jpg",590,443,false],"1536x1536":["https:\/\/arantv.az\/wp-content\/uploads\/2020\/11\/b\u00c9_rd\u00c9_.jpg",590,443,false],"2048x2048":["https:\/\/arantv.az\/wp-content\/uploads\/2020\/11\/b\u00c9_rd\u00c9_.jpg",590,443,false],"post-thumbnail":["https:\/\/arantv.az\/wp-content\/uploads\/2020\/11\/b\u00c9_rd\u00c9_-240x172.jpg",240,172,true],"advps-thumb-one":["https:\/\/arantv.az\/wp-content\/uploads\/2020\/11\/b\u00c9_rd\u00c9_.jpg",590,443,false]},"rttpg_author":{"display_name":"V\u00fcsal Rafiqo\u011flu","author_link":"https:\/\/arantv.az\/?author=2"},"rttpg_comment":0,"rttpg_category":"<a href=\"https:\/\/arantv.az\/?cat=19\" rel=\"category\">G\u00fcnd\u0259m<\/a>","rttpg_excerpt":"bu g\u00fcn Az\u0259rbaycan\u0131n c\u0259bh\u0259 zonas\u0131ndan k\u0259narda yerl\u0259\u015f\u0259n B\u0259rd\u0259 rayonunun k\u0259ndl\u0259ri Erm\u0259nistan silahl\u0131 qu\u0308vv\u0259l\u0259ri t\u0259r\u0259find\u0259n intensiv \u015f\u0259kild\u0259 raket v\u0259 a\u011f\u0131r artilleriya at\u0259\u015fin\u0259 tutulub. M\u00f6vcud humanitar at\u0259\u015fk\u0259si kobud \u015f\u0259kild\u0259 pozan Erm\u0259nistan Az\u0259rbaycanl\u0131 dinc \u0259halini h\u0259d\u0259f\u0259 almaqla, beyn\u0259lxalq humanitar h\u00fcququ v\u0259 \u00f6z \u00f6hd\u0259likl\u0259rini he\u00e7\u0259 sayaraq cinay\u0259t \u0259m\u0259ll\u0259rini davam etdirir. Bu bar\u0259d\u0259 Xarici i\u015fl\u0259r Nazirliyi m\u0259lumat yay\u0131b. Bildirilib ki,&hellip;","_links":{"self":[{"href":"https:\/\/arantv.az\/index.php?rest_route=\/wp\/v2\/posts\/233098"}],"collection":[{"href":"https:\/\/arantv.az\/index.php?rest_route=\/wp\/v2\/posts"}],"about":[{"href":"https:\/\/arantv.az\/index.php?rest_route=\/wp\/v2\/types\/post"}],"author":[{"embeddable":true,"href":"https:\/\/arantv.az\/index.php?rest_route=\/wp\/v2\/users\/2"}],"replies":[{"embeddable":true,"href":"https:\/\/arantv.az\/index.php?rest_route=%2Fwp%2Fv2%2Fcomments&post=233098"}],"version-history":[{"count":0,"href":"https:\/\/arantv.az\/index.php?rest_route=\/wp\/v2\/posts\/233098\/revisions"}],"wp:featuredmedia":[{"embeddable":true,"href":"https:\/\/arantv.az\/index.php?rest_route=\/wp\/v2\/media\/233099"}],"wp:attachment":[{"href":"https:\/\/arantv.az\/index.php?rest_route=%2Fwp%2Fv2%2Fmedia&parent=233098"}],"wp:term":[{"taxonomy":"category","embeddable":true,"href":"https:\/\/arantv.az\/index.php?rest_route=%2Fwp%2Fv2%2Fcategories&post=233098"},{"taxonomy":"post_tag","embeddable":true,"href":"https:\/\/arantv.az\/index.php?rest_route=%2Fwp%2Fv2%2Ftags&post=233098"}],"curies":[{"name":"wp","href":"https:\/\/api.w.org\/{rel}","templated":true}]}}