{"id":233115,"date":"2020-11-07T18:14:13","date_gmt":"2020-11-07T15:14:13","guid":{"rendered":"http:\/\/arantv.az\/?p=233115"},"modified":"2020-11-07T18:14:13","modified_gmt":"2020-11-07T15:14:13","slug":"fransanin-le-monde-q%c9%99zeti-erm%c9%99nistan-h%c9%99rbicil%c9%99ri-susani-t%c9%99rk-ed%c9%99r%c9%99k-xank%c9%99ndiy%c9%99-qaciblar","status":"publish","type":"post","link":"https:\/\/arantv.az\/?p=233115","title":{"rendered":"Fransan\u0131n \u201cLe Monde\u201d q\u0259zeti: \u201cErm\u0259nistan h\u0259rbi\u00e7il\u0259ri \u015eu\u015fan\u0131 t\u0259rk ed\u0259r\u0259k Xank\u0259ndiy\u0259 qa\u00e7\u0131blar\u201d"},"content":{"rendered":"<p>Az\u0259rbaycan Silahl\u0131 Q\u00fcvv\u0259l\u0259ri Qaraba\u011f\u0131n q\u0259dim tarixi \u015f\u0259h\u0259ri hesab olunan \u015eu\u015faya \u00e7at\u0131b.<\/p>\n<p>Bu bar\u0259d\u0259 Fransan\u0131n n\u00fcfuzlu \u201cLe Monde\u201d n\u0259\u015fri m\u0259lumat yay\u0131b.<\/p>\n<p>X\u0259b\u0259rd\u0259 qeyd olunur ki, Erm\u0259nistan ordusunun m\u0259\u011flubiyy\u0259t\u0259 u\u011frad\u0131lm\u0131\u015f h\u0259rbi\u00e7il\u0259ri yaral\u0131 halda \u015eu\u015fan\u0131 t\u0259rk ed\u0259r\u0259k Xank\u0259ndiy\u0259 qa\u00e7\u0131blar.<\/p>\n<p>Fransa n\u0259\u015fri yaz\u0131r ki, bu art\u0131q m\u00fcharib\u0259nin taleyinin h\u0259ll edilm\u0259si anlam\u0131na g\u0259lir.<\/p>\n<p>\u201cBel\u0259 g\u00f6r\u00fcn\u00fcr ki, d\u00f6y\u00fc\u015fl\u0259r art\u0131q noyabr\u0131n 6-da b\u00fct\u00fcnl\u00fckl\u0259 Az\u0259rbaycan silahl\u0131 Q\u00fcvv\u0259l\u0259rinin xeyrin\u0259 d\u00f6n\u00fcb\u201d, &#8211; \u201cLe Monde\u201d yaz\u0131r.<\/p>\n","protected":false},"excerpt":{"rendered":"<p>Az\u0259rbaycan Silahl\u0131 Q\u00fcvv\u0259l\u0259ri Qaraba\u011f\u0131n q\u0259dim tarixi \u015f\u0259h\u0259ri hesab olunan \u015eu\u015faya \u00e7at\u0131b. Bu bar\u0259d\u0259 Fransan\u0131n n\u00fcfuzlu \u201cLe Monde\u201d n\u0259\u015fri m\u0259lumat yay\u0131b. X\u0259b\u0259rd\u0259 qeyd olunur ki, Erm\u0259nistan ordusunun m\u0259\u011flubiyy\u0259t\u0259 u\u011frad\u0131lm\u0131\u015f h\u0259rbi\u00e7il\u0259ri yaral\u0131 halda \u015eu\u015fan\u0131 t\u0259rk ed\u0259r\u0259k Xank\u0259ndiy\u0259 qa\u00e7\u0131blar. Fransa n\u0259\u015fri yaz\u0131r ki, bu art\u0131q m\u00fcharib\u0259nin taleyinin h\u0259ll edilm\u0259si anlam\u0131na g\u0259lir. \u201cBel\u0259 g\u00f6r\u00fcn\u00fcr ki, d\u00f6y\u00fc\u015fl\u0259r art\u0131q noyabr\u0131n 6-da b\u00fct\u00fcnl\u00fckl\u0259 Az\u0259rbaycan silahl\u0131 Q\u00fcvv\u0259l\u0259rinin xeyrin\u0259 d\u00f6n\u00fcb\u201d, &#8211; \u201cLe Monde\u201d yaz\u0131r.<\/p>\n","protected":false},"author":2,"featured_media":233116,"comment_status":"closed","ping_status":"closed","sticky":false,"template":"","format":"standard","meta":{"om_disable_all_campaigns":false,"_monsterinsights_skip_tracking":false,"_monsterinsights_sitenote_active":false,"_monsterinsights_sitenote_note":"","_monsterinsights_sitenote_category":0},"categories":[19],"tags":[],"aioseo_notices":[],"gutentor_comment":0,"rttpg_featured_image_url":{"full":["https:\/\/arantv.az\/wp-content\/uploads\/2020\/11\/123677506_1133522310377058_8454906180856214918_o.jpg",620,414,false],"landscape":["https:\/\/arantv.az\/wp-content\/uploads\/2020\/11\/123677506_1133522310377058_8454906180856214918_o.jpg",620,414,false],"portraits":["https:\/\/arantv.az\/wp-content\/uploads\/2020\/11\/123677506_1133522310377058_8454906180856214918_o.jpg",620,414,false],"thumbnail":["https:\/\/arantv.az\/wp-content\/uploads\/2020\/11\/123677506_1133522310377058_8454906180856214918_o-150x150.jpg",150,150,true],"medium":["https:\/\/arantv.az\/wp-content\/uploads\/2020\/11\/123677506_1133522310377058_8454906180856214918_o-300x200.jpg",300,200,true],"large":["https:\/\/arantv.az\/wp-content\/uploads\/2020\/11\/123677506_1133522310377058_8454906180856214918_o.jpg",620,414,false],"1536x1536":["https:\/\/arantv.az\/wp-content\/uploads\/2020\/11\/123677506_1133522310377058_8454906180856214918_o.jpg",620,414,false],"2048x2048":["https:\/\/arantv.az\/wp-content\/uploads\/2020\/11\/123677506_1133522310377058_8454906180856214918_o.jpg",620,414,false],"post-thumbnail":["https:\/\/arantv.az\/wp-content\/uploads\/2020\/11\/123677506_1133522310377058_8454906180856214918_o-240x172.jpg",240,172,true],"advps-thumb-one":["https:\/\/arantv.az\/wp-content\/uploads\/2020\/11\/123677506_1133522310377058_8454906180856214918_o.jpg",620,414,false]},"rttpg_author":{"display_name":"V\u00fcsal Rafiqo\u011flu","author_link":"https:\/\/arantv.az\/?author=2"},"rttpg_comment":0,"rttpg_category":"<a href=\"https:\/\/arantv.az\/?cat=19\" rel=\"category\">G\u00fcnd\u0259m<\/a>","rttpg_excerpt":"Az\u0259rbaycan Silahl\u0131 Q\u00fcvv\u0259l\u0259ri Qaraba\u011f\u0131n q\u0259dim tarixi \u015f\u0259h\u0259ri hesab olunan \u015eu\u015faya \u00e7at\u0131b. Bu bar\u0259d\u0259 Fransan\u0131n n\u00fcfuzlu \u201cLe Monde\u201d n\u0259\u015fri m\u0259lumat yay\u0131b. X\u0259b\u0259rd\u0259 qeyd olunur ki, Erm\u0259nistan ordusunun m\u0259\u011flubiyy\u0259t\u0259 u\u011frad\u0131lm\u0131\u015f h\u0259rbi\u00e7il\u0259ri yaral\u0131 halda \u015eu\u015fan\u0131 t\u0259rk ed\u0259r\u0259k Xank\u0259ndiy\u0259 qa\u00e7\u0131blar. Fransa n\u0259\u015fri yaz\u0131r ki, bu art\u0131q m\u00fcharib\u0259nin taleyinin h\u0259ll edilm\u0259si anlam\u0131na g\u0259lir. \u201cBel\u0259 g\u00f6r\u00fcn\u00fcr ki, d\u00f6y\u00fc\u015fl\u0259r art\u0131q noyabr\u0131n 6-da&hellip;","_links":{"self":[{"href":"https:\/\/arantv.az\/index.php?rest_route=\/wp\/v2\/posts\/233115"}],"collection":[{"href":"https:\/\/arantv.az\/index.php?rest_route=\/wp\/v2\/posts"}],"about":[{"href":"https:\/\/arantv.az\/index.php?rest_route=\/wp\/v2\/types\/post"}],"author":[{"embeddable":true,"href":"https:\/\/arantv.az\/index.php?rest_route=\/wp\/v2\/users\/2"}],"replies":[{"embeddable":true,"href":"https:\/\/arantv.az\/index.php?rest_route=%2Fwp%2Fv2%2Fcomments&post=233115"}],"version-history":[{"count":0,"href":"https:\/\/arantv.az\/index.php?rest_route=\/wp\/v2\/posts\/233115\/revisions"}],"wp:featuredmedia":[{"embeddable":true,"href":"https:\/\/arantv.az\/index.php?rest_route=\/wp\/v2\/media\/233116"}],"wp:attachment":[{"href":"https:\/\/arantv.az\/index.php?rest_route=%2Fwp%2Fv2%2Fmedia&parent=233115"}],"wp:term":[{"taxonomy":"category","embeddable":true,"href":"https:\/\/arantv.az\/index.php?rest_route=%2Fwp%2Fv2%2Fcategories&post=233115"},{"taxonomy":"post_tag","embeddable":true,"href":"https:\/\/arantv.az\/index.php?rest_route=%2Fwp%2Fv2%2Ftags&post=233115"}],"curies":[{"name":"wp","href":"https:\/\/api.w.org\/{rel}","templated":true}]}}