{"id":23322,"date":"2018-11-14T16:30:26","date_gmt":"2018-11-14T13:30:26","guid":{"rendered":"http:\/\/arantv.az\/?p=23322"},"modified":"2018-11-14T16:30:26","modified_gmt":"2018-11-14T13:30:26","slug":"vaqif-%c9%99s%c9%99dov-m%c9%99kt%c9%99b-yasli-usaqlarin-vurulmasi-hali-minimuma-endirilib","status":"publish","type":"post","link":"https:\/\/arantv.az\/?p=23322","title":{"rendered":"Vaqif \u018fs\u0259dov: &#8220;M\u0259kt\u0259b ya\u015fl\u0131 u\u015faqlar\u0131n vurulmas\u0131 hal\u0131 minimuma endirilib&#8221;"},"content":{"rendered":"<p>Bin\u0259q\u0259di Rayon D\u00f6vl\u0259t Yol Polisi \u015e\u00f6b\u0259sinin \u0259m\u0259kda\u015flar\u0131n\u0131n t\u0259\u015fkilat\u00e7\u0131l\u0131\u011f\u0131 il\u0259 paytaxtda yerl\u0259\u015f\u0259n 276 n\u00f6mr\u0259li orta m\u0259kt\u0259bd\u0259 yol h\u0259r\u0259k\u0259ti qaydalar\u0131n\u0131n m\u0259kt\u0259blil\u0259r aras\u0131nda t\u0259bli\u011finin g\u00fccl\u0259ndirilm\u0259sin\u0259 h\u0259sr olunan maarifl\u0259ndirici t\u0259dbir ke\u00e7irilib.<\/p>\n<p><strong>ARANTV.AZ<\/strong> bildirir ki, Daxili \u0130\u015fl\u0259r Nazirliyind\u0259n trend-\u0259 veril\u0259n m\u0259lumata g\u00f6r\u0259, t\u0259dbird\u0259 polis \u0259m\u0259kda\u015flar\u0131 il\u0259 yana\u015f\u0131 m\u0259kt\u0259bin pedaqoji kollektivi d\u0259 i\u015ftirak edib. \u018fvv\u0259lc\u0259 \u00e7\u0131x\u0131\u015f ed\u0259n m\u0259kt\u0259bin direktoru B\u0259hram \u015eiriyev polis \u0259m\u0259kda\u015flar\u0131na \u015fagirdl\u0259r aras\u0131nda yol h\u0259r\u0259k\u0259ti qaydalar\u0131n\u0131n t\u0259bli\u011fi i\u015find\u0259 g\u00f6st\u0259rdikl\u0259ri d\u0259st\u0259y\u0259 g\u00f6r\u0259 t\u0259\u015f\u0259kk\u00fcr\u00fcn\u00fc bildirib.<\/p>\n<p>Daha sonra \u015fagirdl\u0259r qar\u015f\u0131s\u0131nda \u00e7\u0131x\u0131\u015f ed\u0259n Bak\u0131 \u015e\u0259h\u0259r D\u00f6vl\u0259t Yol Polisi \u0130dar\u0259sinin b\u00f6lm\u0259 r\u0259isi, polis polkovniki Vaqif \u018fs\u0259dov r\u0259hb\u0259rliyin g\u00f6st\u0259ri\u015fi il\u0259 orta m\u0259kt\u0259bl\u0259rd\u0259 bu c\u00fcr maarifl\u0259ndirici t\u0259dbirl\u0259rinin m\u00fctamadi olaraq ke\u00e7irildiyini bildirib. O, qeyd edib ki, bu tipli g\u00f6r\u00fc\u015fl\u0259rin ke\u00e7irilm\u0259sind\u0259 \u0259sas m\u0259qs\u0259d \u015fagirdl\u0259r\u0259 yol h\u0259r\u0259k\u0259ti qaydalar\u0131 haqq\u0131nda dol\u011fun m\u0259lumat verm\u0259k, onlar aras\u0131nda t\u0259hl\u00fck\u0259sizlik davran\u0131\u015f v\u0259rdi\u015fl\u0259rini a\u015f\u0131lamaqdan ibar\u0259tdir. V.\u018fs\u0259dov h\u0259m\u00e7inin bildirib ki, son ill\u0259r paytaxt v\u0259 respublikan\u0131n ayr\u0131-ayr\u0131 b\u00f6lg\u0259l\u0259rind\u0259 yol polisl\u0259rinin ke\u00e7irdikl\u0259ri bel\u0259 maarifl\u0259ndirici t\u0259dbirl\u0259rin n\u0259tic\u0259si olaraq art\u0131q m\u0259kt\u0259b ya\u015fl\u0131 u\u015faqlar\u0131n q\u0259zalar zaman\u0131 n\u0259qliyyat vasit\u0259l\u0259ri t\u0259r\u0259find\u0259n vurulmas\u0131 hal\u0131 minimuma endirilib.<\/p>\n<div id=\"AdributorNativeVideo0\" class=\"AdributorNativeVideo\"><\/div>\n<p>G\u00f6r\u00fc\u015f zaman\u0131 \u015fagirdl\u0259r\u0259 yol h\u0259r\u0259k\u0259ti qaydalar\u0131n\u0131n kobud \u015f\u0259kild\u0259 pozulmas\u0131n\u0131n s\u0259b\u0259b ola bil\u0259c\u0259yi a\u011f\u0131r f\u0259sadlardan b\u0259hs ed\u0259n sosial video \u00e7arxlar n\u00fcmayi\u015f etdirilib. Daha sonra \u015fagirdl\u0259ri maraqland\u0131ran suallara cavab verilib. T\u0259dbird\u0259 aktiv i\u015ftirak ed\u0259n \u015fagirdl\u0259r\u0259 yol polisl\u0259rinin haz\u0131rlad\u0131qlar\u0131 h\u0259diyy\u0259l\u0259r t\u0259qdim edilib.<\/p>\n","protected":false},"excerpt":{"rendered":"<p>Bin\u0259q\u0259di Rayon D\u00f6vl\u0259t Yol Polisi \u015e\u00f6b\u0259sinin \u0259m\u0259kda\u015flar\u0131n\u0131n t\u0259\u015fkilat\u00e7\u0131l\u0131\u011f\u0131 il\u0259 paytaxtda yerl\u0259\u015f\u0259n 276 n\u00f6mr\u0259li orta m\u0259kt\u0259bd\u0259 yol h\u0259r\u0259k\u0259ti qaydalar\u0131n\u0131n m\u0259kt\u0259blil\u0259r aras\u0131nda t\u0259bli\u011finin g\u00fccl\u0259ndirilm\u0259sin\u0259 h\u0259sr olunan maarifl\u0259ndirici t\u0259dbir ke\u00e7irilib. ARANTV.AZ bildirir ki, Daxili \u0130\u015fl\u0259r Nazirliyind\u0259n trend-\u0259 veril\u0259n m\u0259lumata g\u00f6r\u0259, t\u0259dbird\u0259 polis \u0259m\u0259kda\u015flar\u0131 il\u0259 yana\u015f\u0131 m\u0259kt\u0259bin pedaqoji kollektivi d\u0259 i\u015ftirak edib. \u018fvv\u0259lc\u0259 \u00e7\u0131x\u0131\u015f ed\u0259n m\u0259kt\u0259bin direktoru B\u0259hram \u015eiriyev polis \u0259m\u0259kda\u015flar\u0131na \u015fagirdl\u0259r aras\u0131nda yol h\u0259r\u0259k\u0259ti qaydalar\u0131n\u0131n t\u0259bli\u011fi i\u015find\u0259 g\u00f6st\u0259rdikl\u0259ri d\u0259st\u0259y\u0259 g\u00f6r\u0259 t\u0259\u015f\u0259kk\u00fcr\u00fcn\u00fc bildirib. Daha sonra \u015fagirdl\u0259r qar\u015f\u0131s\u0131nda \u00e7\u0131x\u0131\u015f ed\u0259n Bak\u0131 \u015e\u0259h\u0259r D\u00f6vl\u0259t Yol Polisi \u0130dar\u0259sinin b\u00f6lm\u0259 r\u0259isi, polis polkovniki Vaqif \u018fs\u0259dov r\u0259hb\u0259rliyin g\u00f6st\u0259ri\u015fi il\u0259&hellip;<\/p>\n","protected":false},"author":2,"featured_media":23323,"comment_status":"closed","ping_status":"closed","sticky":false,"template":"","format":"standard","meta":{"om_disable_all_campaigns":false,"_monsterinsights_skip_tracking":false,"_monsterinsights_sitenote_active":false,"_monsterinsights_sitenote_note":"","_monsterinsights_sitenote_category":0},"categories":[1],"tags":[],"aioseo_notices":[],"gutentor_comment":0,"rttpg_featured_image_url":{"full":["https:\/\/arantv.az\/wp-content\/uploads\/2018\/11\/703045.jpg",800,600,false],"landscape":["https:\/\/arantv.az\/wp-content\/uploads\/2018\/11\/703045.jpg",800,600,false],"portraits":["https:\/\/arantv.az\/wp-content\/uploads\/2018\/11\/703045.jpg",800,600,false],"thumbnail":["https:\/\/arantv.az\/wp-content\/uploads\/2018\/11\/703045-150x150.jpg",150,150,true],"medium":["https:\/\/arantv.az\/wp-content\/uploads\/2018\/11\/703045-300x225.jpg",300,225,true],"large":["https:\/\/arantv.az\/wp-content\/uploads\/2018\/11\/703045.jpg",640,480,false],"1536x1536":["https:\/\/arantv.az\/wp-content\/uploads\/2018\/11\/703045.jpg",800,600,false],"2048x2048":["https:\/\/arantv.az\/wp-content\/uploads\/2018\/11\/703045.jpg",800,600,false],"post-thumbnail":["https:\/\/arantv.az\/wp-content\/uploads\/2018\/11\/703045-240x172.jpg",240,172,true],"advps-thumb-one":["https:\/\/arantv.az\/wp-content\/uploads\/2018\/11\/703045.jpg",800,600,false]},"rttpg_author":{"display_name":"V\u00fcsal Rafiqo\u011flu","author_link":"https:\/\/arantv.az\/?author=2"},"rttpg_comment":0,"rttpg_category":"<a href=\"https:\/\/arantv.az\/?cat=1\" rel=\"category\">C\u0259miyy\u0259t<\/a>","rttpg_excerpt":"Bin\u0259q\u0259di Rayon D\u00f6vl\u0259t Yol Polisi \u015e\u00f6b\u0259sinin \u0259m\u0259kda\u015flar\u0131n\u0131n t\u0259\u015fkilat\u00e7\u0131l\u0131\u011f\u0131 il\u0259 paytaxtda yerl\u0259\u015f\u0259n 276 n\u00f6mr\u0259li orta m\u0259kt\u0259bd\u0259 yol h\u0259r\u0259k\u0259ti qaydalar\u0131n\u0131n m\u0259kt\u0259blil\u0259r aras\u0131nda t\u0259bli\u011finin g\u00fccl\u0259ndirilm\u0259sin\u0259 h\u0259sr olunan maarifl\u0259ndirici t\u0259dbir ke\u00e7irilib. ARANTV.AZ bildirir ki, Daxili \u0130\u015fl\u0259r Nazirliyind\u0259n trend-\u0259 veril\u0259n m\u0259lumata g\u00f6r\u0259, t\u0259dbird\u0259 polis \u0259m\u0259kda\u015flar\u0131 il\u0259 yana\u015f\u0131 m\u0259kt\u0259bin pedaqoji kollektivi d\u0259 i\u015ftirak edib. \u018fvv\u0259lc\u0259 \u00e7\u0131x\u0131\u015f ed\u0259n m\u0259kt\u0259bin direktoru B\u0259hram \u015eiriyev&hellip;","_links":{"self":[{"href":"https:\/\/arantv.az\/index.php?rest_route=\/wp\/v2\/posts\/23322"}],"collection":[{"href":"https:\/\/arantv.az\/index.php?rest_route=\/wp\/v2\/posts"}],"about":[{"href":"https:\/\/arantv.az\/index.php?rest_route=\/wp\/v2\/types\/post"}],"author":[{"embeddable":true,"href":"https:\/\/arantv.az\/index.php?rest_route=\/wp\/v2\/users\/2"}],"replies":[{"embeddable":true,"href":"https:\/\/arantv.az\/index.php?rest_route=%2Fwp%2Fv2%2Fcomments&post=23322"}],"version-history":[{"count":0,"href":"https:\/\/arantv.az\/index.php?rest_route=\/wp\/v2\/posts\/23322\/revisions"}],"wp:featuredmedia":[{"embeddable":true,"href":"https:\/\/arantv.az\/index.php?rest_route=\/wp\/v2\/media\/23323"}],"wp:attachment":[{"href":"https:\/\/arantv.az\/index.php?rest_route=%2Fwp%2Fv2%2Fmedia&parent=23322"}],"wp:term":[{"taxonomy":"category","embeddable":true,"href":"https:\/\/arantv.az\/index.php?rest_route=%2Fwp%2Fv2%2Fcategories&post=23322"},{"taxonomy":"post_tag","embeddable":true,"href":"https:\/\/arantv.az\/index.php?rest_route=%2Fwp%2Fv2%2Ftags&post=23322"}],"curies":[{"name":"wp","href":"https:\/\/api.w.org\/{rel}","templated":true}]}}