{"id":23328,"date":"2018-11-14T16:32:33","date_gmt":"2018-11-14T13:32:33","guid":{"rendered":"http:\/\/arantv.az\/?p=23328"},"modified":"2018-11-14T16:32:33","modified_gmt":"2018-11-14T13:32:33","slug":"son-ill%c9%99r-dogusda-ciddi-azalma-musahid%c9%99-olunur-hadi-r%c9%99c%c9%99bli","status":"publish","type":"post","link":"https:\/\/arantv.az\/?p=23328","title":{"rendered":"Son ill\u0259r do\u011fu\u015fda ciddi azalma m\u00fc\u015fahid\u0259 olunur\u201d &#8211; Had\u0131 R\u0259c\u0259bli"},"content":{"rendered":"<blockquote><p><em><strong>\u00d6lk\u0259d\u0259 t\u0259bii art\u0131m ilb\u0259il \u00e7oxalsa da, demoqrafik t\u0259nziml\u0259m\u0259 bax\u0131m\u0131ndan son ill\u0259r do\u011fu\u015fda ciddi azalma m\u00fc\u015fahid\u0259 olunur.<\/strong><\/em><\/p><\/blockquote>\n<p><strong>ARANTV.AZ<\/strong> report.az-a istinad\u0259n x\u0259b\u0259r verir ki, bunu\u00a0Milli M\u0259clisin bu g\u00fcn ke\u00e7iril\u0259n plenar iclas\u0131nda 2019-cu ilin d\u00f6vl\u0259t b\u00fcdc\u0259si layih\u0259sinin m\u00fczakir\u0259si zaman\u0131 parlamentin \u018fm\u0259k v\u0259 sosial siyas\u0259t komit\u0259sinin s\u0259dri\u00a0Hadi R\u0259c\u0259bli\u00a0deyib.<\/p>\n<p>O qeyd edib ki, \u0259g\u0259r 2011-ci ild\u0259 176 min 72 u\u015faq d\u00fcnyaya g\u0259lmi\u015fdis\u0259, 2017-ci ild\u0259 bu r\u0259q\u0259m 144 min 41 olub:<\/p>\n<div id=\"AdributorNativeVideo0\" class=\"AdributorNativeVideo\"><\/div>\n<p>&#8220;Bu ilin 9 ay\u0131n\u0131n g\u00f6st\u0259ricisi d\u0259 xo\u015fag\u0259l\u0259n deyil. Burada 103 min r\u0259q\u0259mi bizi d\u00fc\u015f\u00fcnd\u00fcr\u00fcr&#8221;.<\/p>\n","protected":false},"excerpt":{"rendered":"<p>\u00d6lk\u0259d\u0259 t\u0259bii art\u0131m ilb\u0259il \u00e7oxalsa da, demoqrafik t\u0259nziml\u0259m\u0259 bax\u0131m\u0131ndan son ill\u0259r do\u011fu\u015fda ciddi azalma m\u00fc\u015fahid\u0259 olunur. ARANTV.AZ report.az-a istinad\u0259n x\u0259b\u0259r verir ki, bunu\u00a0Milli M\u0259clisin bu g\u00fcn ke\u00e7iril\u0259n plenar iclas\u0131nda 2019-cu ilin d\u00f6vl\u0259t b\u00fcdc\u0259si layih\u0259sinin m\u00fczakir\u0259si zaman\u0131 parlamentin \u018fm\u0259k v\u0259 sosial siyas\u0259t komit\u0259sinin s\u0259dri\u00a0Hadi R\u0259c\u0259bli\u00a0deyib. O qeyd edib ki, \u0259g\u0259r 2011-ci ild\u0259 176 min 72 u\u015faq d\u00fcnyaya g\u0259lmi\u015fdis\u0259, 2017-ci ild\u0259 bu r\u0259q\u0259m 144 min 41 olub: &#8220;Bu ilin 9 ay\u0131n\u0131n g\u00f6st\u0259ricisi d\u0259 xo\u015fag\u0259l\u0259n deyil. Burada 103 min r\u0259q\u0259mi bizi d\u00fc\u015f\u00fcnd\u00fcr\u00fcr&#8221;.<\/p>\n","protected":false},"author":2,"featured_media":23329,"comment_status":"closed","ping_status":"closed","sticky":false,"template":"","format":"standard","meta":{"om_disable_all_campaigns":false,"_monsterinsights_skip_tracking":false,"_monsterinsights_sitenote_active":false,"_monsterinsights_sitenote_note":"","_monsterinsights_sitenote_category":0},"categories":[1],"tags":[],"aioseo_notices":[],"gutentor_comment":0,"rttpg_featured_image_url":{"full":["https:\/\/arantv.az\/wp-content\/uploads\/2018\/11\/hadi_recebli_025.jpg",800,600,false],"landscape":["https:\/\/arantv.az\/wp-content\/uploads\/2018\/11\/hadi_recebli_025.jpg",800,600,false],"portraits":["https:\/\/arantv.az\/wp-content\/uploads\/2018\/11\/hadi_recebli_025.jpg",800,600,false],"thumbnail":["https:\/\/arantv.az\/wp-content\/uploads\/2018\/11\/hadi_recebli_025-150x150.jpg",150,150,true],"medium":["https:\/\/arantv.az\/wp-content\/uploads\/2018\/11\/hadi_recebli_025-300x225.jpg",300,225,true],"large":["https:\/\/arantv.az\/wp-content\/uploads\/2018\/11\/hadi_recebli_025.jpg",640,480,false],"1536x1536":["https:\/\/arantv.az\/wp-content\/uploads\/2018\/11\/hadi_recebli_025.jpg",800,600,false],"2048x2048":["https:\/\/arantv.az\/wp-content\/uploads\/2018\/11\/hadi_recebli_025.jpg",800,600,false],"post-thumbnail":["https:\/\/arantv.az\/wp-content\/uploads\/2018\/11\/hadi_recebli_025-240x172.jpg",240,172,true],"advps-thumb-one":["https:\/\/arantv.az\/wp-content\/uploads\/2018\/11\/hadi_recebli_025.jpg",800,600,false]},"rttpg_author":{"display_name":"V\u00fcsal Rafiqo\u011flu","author_link":"https:\/\/arantv.az\/?author=2"},"rttpg_comment":0,"rttpg_category":"<a href=\"https:\/\/arantv.az\/?cat=1\" rel=\"category\">C\u0259miyy\u0259t<\/a>","rttpg_excerpt":"\u00d6lk\u0259d\u0259 t\u0259bii art\u0131m ilb\u0259il \u00e7oxalsa da, demoqrafik t\u0259nziml\u0259m\u0259 bax\u0131m\u0131ndan son ill\u0259r do\u011fu\u015fda ciddi azalma m\u00fc\u015fahid\u0259 olunur. ARANTV.AZ report.az-a istinad\u0259n x\u0259b\u0259r verir ki, bunu\u00a0Milli M\u0259clisin bu g\u00fcn ke\u00e7iril\u0259n plenar iclas\u0131nda 2019-cu ilin d\u00f6vl\u0259t b\u00fcdc\u0259si layih\u0259sinin m\u00fczakir\u0259si zaman\u0131 parlamentin \u018fm\u0259k v\u0259 sosial siyas\u0259t komit\u0259sinin s\u0259dri\u00a0Hadi R\u0259c\u0259bli\u00a0deyib. O qeyd edib ki, \u0259g\u0259r 2011-ci ild\u0259 176 min 72 u\u015faq&hellip;","_links":{"self":[{"href":"https:\/\/arantv.az\/index.php?rest_route=\/wp\/v2\/posts\/23328"}],"collection":[{"href":"https:\/\/arantv.az\/index.php?rest_route=\/wp\/v2\/posts"}],"about":[{"href":"https:\/\/arantv.az\/index.php?rest_route=\/wp\/v2\/types\/post"}],"author":[{"embeddable":true,"href":"https:\/\/arantv.az\/index.php?rest_route=\/wp\/v2\/users\/2"}],"replies":[{"embeddable":true,"href":"https:\/\/arantv.az\/index.php?rest_route=%2Fwp%2Fv2%2Fcomments&post=23328"}],"version-history":[{"count":0,"href":"https:\/\/arantv.az\/index.php?rest_route=\/wp\/v2\/posts\/23328\/revisions"}],"wp:featuredmedia":[{"embeddable":true,"href":"https:\/\/arantv.az\/index.php?rest_route=\/wp\/v2\/media\/23329"}],"wp:attachment":[{"href":"https:\/\/arantv.az\/index.php?rest_route=%2Fwp%2Fv2%2Fmedia&parent=23328"}],"wp:term":[{"taxonomy":"category","embeddable":true,"href":"https:\/\/arantv.az\/index.php?rest_route=%2Fwp%2Fv2%2Fcategories&post=23328"},{"taxonomy":"post_tag","embeddable":true,"href":"https:\/\/arantv.az\/index.php?rest_route=%2Fwp%2Fv2%2Ftags&post=23328"}],"curies":[{"name":"wp","href":"https:\/\/api.w.org\/{rel}","templated":true}]}}